{"id":179078,"date":"2025-09-20T19:20:01","date_gmt":"2025-09-21T00:20:01","guid":{"rendered":"https:\/\/www.buroperiodistico.com.mx\/?p=179078"},"modified":"2025-09-21T01:13:14","modified_gmt":"2025-09-21T06:13:14","slug":"mas-de-61-mil-ciudadanos-beneficiados-con-entrega-de-recarpeteo-en-tres-colonias-de-nuevo-laredo","status":"publish","type":"post","link":"https:\/\/www.buroperiodistico.com.mx\/?p=179078","title":{"rendered":"M\u00c1S DE 61 MIL CIUDADANOS BENEFICIADOS CON ENTREGA DE RECARPETEO EN TRES COLONIAS DE NUEVO LAREDO"},"content":{"rendered":"<p dir=\"ltr\"><em><strong><img loading=\"lazy\" decoding=\"async\" class=\" wp-image-179083 alignright\" src=\"https:\/\/www.buroperiodistico.com.mx\/wp-content\/uploads\/2025\/09\/CLCR-ENTREGA-OBRAS.jpg\" alt=\"\" width=\"518\" height=\"297\" srcset=\"https:\/\/www.buroperiodistico.com.mx\/wp-content\/uploads\/2025\/09\/CLCR-ENTREGA-OBRAS.jpg 1024w, https:\/\/www.buroperiodistico.com.mx\/wp-content\/uploads\/2025\/09\/CLCR-ENTREGA-OBRAS-300x172.jpg 300w, https:\/\/www.buroperiodistico.com.mx\/wp-content\/uploads\/2025\/09\/CLCR-ENTREGA-OBRAS-768x440.jpg 768w\" sizes=\"auto, (max-width: 518px) 100vw, 518px\" \/>Nuevo Laredo, Tam (21-Septiembre-2025).-<\/strong><\/em> Nuevo Laredo avanza en la transformaci\u00f3n de la infraestructura vial y en la construcci\u00f3n de calles seguras y funcionales, la presidenta municipal Carmen Lilia Canturosas Villarreal entreg\u00f3 tres importantes obras de recarpeteo asf\u00e1ltico en las colonias Ju\u00e1rez, Jard\u00edn, Guerrero y Madero, que representan una inversi\u00f3n superior a 12.7 millones de pesos y benefician de manera directa e indirecta a m\u00e1s de 61 mil neolaredenses.<\/p>\n<p dir=\"ltr\">\u201cCon cada obra entregada avanzamos en la modernizaci\u00f3n de nuestras colonias; este esfuerzo es posible gracias a la confianza de los neolaredenses y a la correcta aplicaci\u00f3n de los recursos p\u00fablicos. Nuestro compromiso es seguir construyendo una ciudad digna y con mejores servicios para todos\u201d, destac\u00f3 la alcaldesa.<\/p>\n<p dir=\"ltr\">En las colonias Ju\u00e1rez y Jard\u00edn se llev\u00f3 a cabo el recarpeteo asf\u00e1ltico de la calle Jos\u00e9 Mar\u00eda Morelos y Pav\u00f3n, en el tramo comprendido entre Venustiano Carranza y Chihuahua.<\/p>\n<p dir=\"ltr\">La obra tuvo una inversi\u00f3n de 3.5 millones de pesos, con una superficie rehabilitada de m\u00e1s de 5 mil metros cuadrados, en beneficio de 15 mil 750 ciudadanos.<\/p>\n<p dir=\"ltr\">Este proyecto se suma al paquete de 21 obras ejecutadas en estas colonias durante la administraci\u00f3n 2021-2024, que representan una inversi\u00f3n acumulada de 57.9 millones de pesos.<\/p>\n<p dir=\"ltr\">En la colonia Guerrero, la presidenta municipal entreg\u00f3 el recarpeteo de la calle Chihuahua, entre Aquiles Serd\u00e1n y Degollado, as\u00ed como de la calle Degollado, entre Chihuahua y Coahuila.<\/p>\n<p dir=\"ltr\">Con una inversi\u00f3n cercana a los 1.9 millones de pesos, se rehabilitaron 3 mil 684 metros cuadrados, lo que genera un impacto positivo para 38 mil 250 habitantes.<\/p>\n<p dir=\"ltr\">Esta colonia ha sido una de las m\u00e1s beneficiadas en la actual administraci\u00f3n, con un total de 42 obras p\u00fablicas realizadas que superan los 141 millones de pesos en inversi\u00f3n.<\/p>\n<p dir=\"ltr\">Finalmente, en la colonia Madero se entreg\u00f3 el recarpeteo de la calle Campeche en dos tramos, desde Aquiles Serd\u00e1n hasta Leona Vicario. La obra represent\u00f3 una inversi\u00f3n total de 7.2 millones de pesos y la rehabilitaci\u00f3n de m\u00e1s de 10 mil 500 metros cuadrados, lo que benefici\u00f3 directamente a 7 mil 600 habitantes.<\/p>\n<p dir=\"ltr\">Dicha colonia suma 13 obras p\u00fablicas en la actual gesti\u00f3n, con una inversi\u00f3n global de 59.3 millones de pesos.<\/p>\n<p dir=\"ltr\">\u201cNuevo Laredo est\u00e1 avanzando con pasos firmes, porque estamos trabajando con responsabilidad y visi\u00f3n de futuro. Seguiremos entregando resultados a la gente, porque juntos hacemos posible la transformaci\u00f3n de nuestra ciudad\u201d, subray\u00f3 Canturosas Villarreal.<\/p>\n<p dir=\"ltr\">La presidenta municipal reiter\u00f3 que la inversi\u00f3n en obra p\u00fablica es una prioridad de su gobierno, ya que contribuye al desarrollo urbano ordenado y al bienestar de las familias.<\/p>\n<p dir=\"ltr\"><img loading=\"lazy\" decoding=\"async\" class=\"aligncenter size-full wp-image-179079\" src=\"https:\/\/www.buroperiodistico.com.mx\/wp-content\/uploads\/2025\/09\/CLCR-ENTREGA-OBRAS-I.jpg\" alt=\"\" width=\"640\" height=\"428\" srcset=\"https:\/\/www.buroperiodistico.com.mx\/wp-content\/uploads\/2025\/09\/CLCR-ENTREGA-OBRAS-I.jpg 640w, https:\/\/www.buroperiodistico.com.mx\/wp-content\/uploads\/2025\/09\/CLCR-ENTREGA-OBRAS-I-300x201.jpg 300w\" sizes=\"auto, (max-width: 640px) 100vw, 640px\" \/> <img loading=\"lazy\" decoding=\"async\" class=\"aligncenter size-full wp-image-179082\" src=\"https:\/\/www.buroperiodistico.com.mx\/wp-content\/uploads\/2025\/09\/CLCR-ENTREGA-OBRAS-IIII.jpg\" alt=\"\" width=\"640\" height=\"427\" srcset=\"https:\/\/www.buroperiodistico.com.mx\/wp-content\/uploads\/2025\/09\/CLCR-ENTREGA-OBRAS-IIII.jpg 640w, https:\/\/www.buroperiodistico.com.mx\/wp-content\/uploads\/2025\/09\/CLCR-ENTREGA-OBRAS-IIII-300x200.jpg 300w\" sizes=\"auto, (max-width: 640px) 100vw, 640px\" \/> <img loading=\"lazy\" decoding=\"async\" class=\"aligncenter size-full wp-image-179081\" src=\"https:\/\/www.buroperiodistico.com.mx\/wp-content\/uploads\/2025\/09\/CLCR-ENTREGA-OBRAS-III.jpg\" alt=\"\" width=\"640\" height=\"480\" srcset=\"https:\/\/www.buroperiodistico.com.mx\/wp-content\/uploads\/2025\/09\/CLCR-ENTREGA-OBRAS-III.jpg 640w, https:\/\/www.buroperiodistico.com.mx\/wp-content\/uploads\/2025\/09\/CLCR-ENTREGA-OBRAS-III-300x225.jpg 300w\" sizes=\"auto, (max-width: 640px) 100vw, 640px\" \/> <img loading=\"lazy\" decoding=\"async\" class=\"aligncenter size-full wp-image-179080\" src=\"https:\/\/www.buroperiodistico.com.mx\/wp-content\/uploads\/2025\/09\/CLCR-ENTREGA-OBRAS-II.jpg\" alt=\"\" width=\"640\" height=\"428\" srcset=\"https:\/\/www.buroperiodistico.com.mx\/wp-content\/uploads\/2025\/09\/CLCR-ENTREGA-OBRAS-II.jpg 640w, https:\/\/www.buroperiodistico.com.mx\/wp-content\/uploads\/2025\/09\/CLCR-ENTREGA-OBRAS-II-300x201.jpg 300w\" sizes=\"auto, (max-width: 640px) 100vw, 640px\" \/><\/p>\n","protected":false},"excerpt":{"rendered":"<p>Nuevo Laredo, Tam (21-Septiembre-2025).- Nuevo Laredo avanza en la transformaci\u00f3n de la infraestructura vial y&#8230;<\/p>\n","protected":false},"author":1,"featured_media":179083,"comment_status":"closed","ping_status":"closed","sticky":false,"template":"","format":"standard","meta":{"footnotes":"","jetpack_publicize_message":"","jetpack_publicize_feature_enabled":true,"jetpack_social_post_already_shared":true,"jetpack_social_options":{"image_generator_settings":{"template":"highway","default_image_id":0,"font":"","enabled":false},"version":2}},"categories":[16,25],"tags":[],"class_list":["post-179078","post","type-post","status-publish","format-standard","has-post-thumbnail","hentry","category-nuevolaredo","category-portada"],"jetpack_publicize_connections":[],"_links":{"self":[{"href":"https:\/\/www.buroperiodistico.com.mx\/index.php?rest_route=\/wp\/v2\/posts\/179078","targetHints":{"allow":["GET"]}}],"collection":[{"href":"https:\/\/www.buroperiodistico.com.mx\/index.php?rest_route=\/wp\/v2\/posts"}],"about":[{"href":"https:\/\/www.buroperiodistico.com.mx\/index.php?rest_route=\/wp\/v2\/types\/post"}],"author":[{"embeddable":true,"href":"https:\/\/www.buroperiodistico.com.mx\/index.php?rest_route=\/wp\/v2\/users\/1"}],"replies":[{"embeddable":true,"href":"https:\/\/www.buroperiodistico.com.mx\/index.php?rest_route=%2Fwp%2Fv2%2Fcomments&post=179078"}],"version-history":[{"count":0,"href":"https:\/\/www.buroperiodistico.com.mx\/index.php?rest_route=\/wp\/v2\/posts\/179078\/revisions"}],"wp:featuredmedia":[{"embeddable":true,"href":"https:\/\/www.buroperiodistico.com.mx\/index.php?rest_route=\/wp\/v2\/media\/179083"}],"wp:attachment":[{"href":"https:\/\/www.buroperiodistico.com.mx\/index.php?rest_route=%2Fwp%2Fv2%2Fmedia&parent=179078"}],"wp:term":[{"taxonomy":"category","embeddable":true,"href":"https:\/\/www.buroperiodistico.com.mx\/index.php?rest_route=%2Fwp%2Fv2%2Fcategories&post=179078"},{"taxonomy":"post_tag","embeddable":true,"href":"https:\/\/www.buroperiodistico.com.mx\/index.php?rest_route=%2Fwp%2Fv2%2Ftags&post=179078"}],"curies":[{"name":"wp","href":"https:\/\/api.w.org\/{rel}","templated":true}]}}