{"id":179074,"date":"2025-09-20T22:25:37","date_gmt":"2025-09-21T03:25:37","guid":{"rendered":"https:\/\/www.buroperiodistico.com.mx\/?p=179074"},"modified":"2025-09-20T22:25:37","modified_gmt":"2025-09-21T03:25:37","slug":"agenda-fronteriza-por-humberto-gutierrez-620","status":"publish","type":"post","link":"https:\/\/www.buroperiodistico.com.mx\/?p=179074","title":{"rendered":"AGENDA FRONTERIZA\/ POR HUMBERTO GUTI\u00c9RREZ"},"content":{"rendered":"<p style=\"text-align: center;\"><strong><em>M\u00c9XICO y CANAD\u00c1 ACUERDAN IMPULSAR JUNTOS AL T-MEC<\/em><\/strong><\/p>\n<p><em><strong>(20-Septiembre-2025).-<\/strong><\/em> Sabadito alegre de una muy amarga semana.<\/p>\n<p>Esta semana fue in\u00e9dita porque vimos partir hacia el lejano oriente de dos grandes amigos, primero fue OSCAR ALMARAZ SMER y luego al d\u00eda siguiente RAUL FLOREZ MORAN.<\/p>\n<p>Dos ex \u2013 presidentes municipales de la capital del estado.<\/p>\n<p>El s\u00e1bado, el gobernador rescat\u00f3 el parque estatal recreativo y ecol\u00f3gico \u201cel Refugio\u201d. Esta es una reserva enclavada en la zona urbana de la capital del estado, que pertenece a todos los victorenses, un proyecto que naci\u00f3 de la sociedad civil ambientalista que hizo posible un bosque urbano y bot\u00e1nico que vio nacer y atendi\u00f3 durante 30 a\u00f1os.<\/p>\n<p>2025 es un a\u00f1o que hace historia para los ciudadanos que hicieron posible su sue\u00f1o de construir su propio bosque.<\/p>\n<p>El gobernador AMERICO VILLARREAL escuch\u00f3 a los ciudadanos, y no tan solo los escuch\u00f3, sino que prometi\u00f3 ayudar a que bosque urbano sea considerado como paseo obligado para los viajeros y turistas amantes de la naturaleza.<\/p>\n<p>El d\u00eda de hoy, los visit\u00f3 e hizo realidad la ayuda del estado de Tamaulipas para recatar un trabajo bello que ha realizado con las u\u00f1as por lo largo de 30 a\u00f1os.<\/p>\n<p>No cabe duda, que los sue\u00f1os se hacen realidad cuando encuentran gobernantes que encuentran la belleza natural en lo invisible.<\/p>\n<p>Recuerdo que fue Do\u00f1a BEATRIZ ANAYA de VILLARREAL que tuvo la sensibilidad de ser fundadora del Jard\u00edn Bot\u00e1nico anacahuita que cuando se fund\u00f3 ten\u00eda la formaci\u00f3n de un club bot\u00e1nico donde se sembraron \u00e1rboles, arbustos y plantas de la regi\u00f3n.<\/p>\n<p>Se dice de una persona que con \u201cun ojo al gato y otro al garabato, cuando se est\u00e1 atento a dos o m\u00e1s cosas al mismo tiempo, sin descuidar ninguna de ellas.<\/p>\n<p>De esta manera han definido la gesti\u00f3n pol\u00edtica de la alcaldesa de Nuevo Laredo CARMEN LILIA CANTUROSAS.<\/p>\n<p>Lo dice FRANCISCO NORIEGA OROZCO Auditor Mayor del Congreso que califica como muy buena la administraci\u00f3n de la se\u00f1ora CANTUROSAS, con finanzas sanas, aunada a la infraestructura de capital humano y de inversi\u00f3n productiva.<\/p>\n<p>Que lo diga el auditor de cuentas p\u00fablicas, con natural aprobaci\u00f3n deja una lectura que la administraci\u00f3n p\u00fablica de Nuevo Laredo se distingue por el buen manejo de los recursos p\u00fablicos estatales, federales y propios y que cuenta con un equipo administrativo y financiero s\u00f3lido, lo que permite mantener unas finanzas sanas y transparentes.<\/p>\n<p>ya son varias las lecturas que dicen que CARMEN LILIA ya sac\u00f3 boleto a Victoria.<\/p>\n<p>En la ciudad capital, el alcalde EDUARDO GATT\u00c1S B\u00c1EZ anunci\u00f3 la incorporaci\u00f3n de Victoria a la estrategia nacional \u201cViernes muy Mexicano\u201d, iniciativa impulsada por la CONCANACO y el Gobierno Federal que fomenta el consumo local y la identidad nacional.<\/p>\n<p>Mientras que en Reynosa se disfruta el mes patrio con una verbena popular el sabor a M\u00e9xico que re\u00fane a la muestra gastron\u00f3mica organizada por el Presidente Municipal CARLOS PE\u00d1A ORTIZ, quien a trav\u00e9s del Gobierno de Reynosa y de la C\u00e1mara Nacional de la Industria Restaurantera y Alimentos Condimentados para que las familias disfruten a las 6:00 de la tarde a la plaza principal Miguel Hidalgo frente a la Presidencia Municipal, donde habr\u00e1 m\u00fasica, baile y antojitos mexicanos gratis para todos los quienes atiendan la invitaci\u00f3n del Alcalde de nuestra ciudad, que organiza los eventos para el sano esparcimiento de las familias reynosenses.<\/p>\n<p>En una noticia nacional que casi no se escuch\u00f3 fue el de la reuni\u00f3n de la presidenta mexicana, CLAUDIA SHEINBAUM, y el primer ministro canadiense, MARK CARNEY, acordaron el jueves un plan de acci\u00f3n para fortalecer la relaci\u00f3n bilateral, en medio de la incertidumbre en la antesala de la revisi\u00f3n del tratado comercial entre M\u00e9xico, Estados Unidos y Canad\u00e1 (T-MEC), prevista para 2026.<\/p>\n<p>Fue una reuni\u00f3n de m\u00e1s horas en Palacio Nacional en la que ambos mandatarios se mostraron optimistas de que el T-MEC va a prevalecer, debido a que la regi\u00f3n norteamericana es la m\u00e1s competitiva del mundo.<\/p>\n<p>M\u00e9xico y Canad\u00e1 establecieron un plan de acci\u00f3n, que complementar\u00e1 a la revisi\u00f3n del T-MEC, detall\u00f3 Carney, en una conferencia de prensa conjunta posterior al encuentro.<\/p>\n<p>\u201cCanad\u00e1 y M\u00e9xico complementan sus fuerzas, sobre todo en tiempos de desaf\u00edo y de crisis (\u2026) Somos m\u00e1s fuertes unidos\u201d, afirm\u00f3 el mandatario canadiense.<\/p>\n<p>Sheinbaum, por su parte, se mostr\u00f3 segura de que el T-MEC va a permanecer, y sostuvo que hay di\u00e1logo con el Gobierno de Estados Unidos de manera permanente.<\/p>\n<p>En los \u00faltimos nueve meses los pa\u00edses han vivido circunstancias relacionadas con los aranceles que ha impuesto el Gobierno de Estados Unidos, destac\u00f3 que buena parte del comercio con Estados Unidos sigue siendo libre de aranceles, lo cual es lo m\u00e1s competitivo para los tres pa\u00edses.<\/p>\n<p>Preguntados sobre la posibilidad de que el presidente estadounidense, Donald Trump, intente dividir a M\u00e9xico y Canad\u00e1 en las negociaciones, tanto Sheinbaum como Carney se mostraron confiados de que se lograr\u00e1 un T-MEC \u201cmejorado\u201d que beneficie a los tres pa\u00edses.<\/p>\n<p style=\"text-align: center;\"><strong>NUEVA ERA DE COOPERACI\u00d3N<\/strong><\/p>\n<p>Carney calific\u00f3 el acuerdo establecido este d\u00eda con M\u00e9xico como el inicio de una nueva era de cooperaci\u00f3n elevada, que busca mejorar los sectores econ\u00f3micos, las relaciones internacionales, las finanzas, el medio ambiente, la seguridad p\u00fablica y la sanidad.<\/p>\n<p>\u201cEsto significa una colaboraci\u00f3n m\u00e1s estrecha, con resultados m\u00e1s r\u00e1pidos en los sectores prioritarios para hacer que nuestras econom\u00edas sigan creciendo\u201d, puntualiz\u00f3, lo cual est\u00e1 basado en cuatro pilares: prosperidad, seguridad, inclusividad y sostenibilidad.<\/p>\n<p>El mandatario canadiense visita M\u00e9xico por dos d\u00edas para sostener reuniones con miembros del gabinete de Gobierno de Sheinbaum y empresarios sobre temas clave de la relaci\u00f3n bilateral, como el T-MEC, las inversiones en sectores estrat\u00e9gicos y su postura frente al conflicto arancelario con su socio comercial Estados Unidos.<\/p>\n<p>Esta es la primera visita del primer ministro canadiense a M\u00e9xico, la cual ocurre en medio de la guerra arancelaria desatada por Estados Unidos y donde uno de los puntos a tratar ser\u00e1 la renegociaci\u00f3n del tratado comercial entre los tres pa\u00edses, conocido como T-MEC.<\/p>\n<p>AGENDA FRONTERIZA es una colaboraci\u00f3n con temas relacionados con el desarrollo econ\u00f3mico del estado de Tamaulipas y sus municipios. Se distribuye a trav\u00e9s de la Agencia Informaci\u00f3n y An\u00e1lisis Estad\u00edstico.<\/p>\n<p>MI CORREO: humbertografico@yahoo.com.mx<\/p>\n","protected":false},"excerpt":{"rendered":"<p>M\u00c9XICO y CANAD\u00c1 ACUERDAN IMPULSAR JUNTOS AL T-MEC (20-Septiembre-2025).- Sabadito alegre de una muy amarga&#8230;<\/p>\n","protected":false},"author":1,"featured_media":149410,"comment_status":"closed","ping_status":"closed","sticky":false,"template":"","format":"standard","meta":{"footnotes":"","jetpack_publicize_message":"","jetpack_publicize_feature_enabled":true,"jetpack_social_post_already_shared":true,"jetpack_social_options":{"image_generator_settings":{"template":"highway","default_image_id":0,"font":"","enabled":false},"version":2}},"categories":[23],"tags":[],"class_list":["post-179074","post","type-post","status-publish","format-standard","has-post-thumbnail","hentry","category-columnas"],"jetpack_publicize_connections":[],"_links":{"self":[{"href":"https:\/\/www.buroperiodistico.com.mx\/index.php?rest_route=\/wp\/v2\/posts\/179074","targetHints":{"allow":["GET"]}}],"collection":[{"href":"https:\/\/www.buroperiodistico.com.mx\/index.php?rest_route=\/wp\/v2\/posts"}],"about":[{"href":"https:\/\/www.buroperiodistico.com.mx\/index.php?rest_route=\/wp\/v2\/types\/post"}],"author":[{"embeddable":true,"href":"https:\/\/www.buroperiodistico.com.mx\/index.php?rest_route=\/wp\/v2\/users\/1"}],"replies":[{"embeddable":true,"href":"https:\/\/www.buroperiodistico.com.mx\/index.php?rest_route=%2Fwp%2Fv2%2Fcomments&post=179074"}],"version-history":[{"count":0,"href":"https:\/\/www.buroperiodistico.com.mx\/index.php?rest_route=\/wp\/v2\/posts\/179074\/revisions"}],"wp:featuredmedia":[{"embeddable":true,"href":"https:\/\/www.buroperiodistico.com.mx\/index.php?rest_route=\/wp\/v2\/media\/149410"}],"wp:attachment":[{"href":"https:\/\/www.buroperiodistico.com.mx\/index.php?rest_route=%2Fwp%2Fv2%2Fmedia&parent=179074"}],"wp:term":[{"taxonomy":"category","embeddable":true,"href":"https:\/\/www.buroperiodistico.com.mx\/index.php?rest_route=%2Fwp%2Fv2%2Fcategories&post=179074"},{"taxonomy":"post_tag","embeddable":true,"href":"https:\/\/www.buroperiodistico.com.mx\/index.php?rest_route=%2Fwp%2Fv2%2Ftags&post=179074"}],"curies":[{"name":"wp","href":"https:\/\/api.w.org\/{rel}","templated":true}]}}