{"id":179071,"date":"2025-09-20T18:18:15","date_gmt":"2025-09-20T23:18:15","guid":{"rendered":"https:\/\/www.buroperiodistico.com.mx\/?p=179071"},"modified":"2025-09-20T18:18:15","modified_gmt":"2025-09-20T23:18:15","slug":"encuentran-sin-vida-a-coordinador-operativo-de-pemex-en-veracruz","status":"publish","type":"post","link":"https:\/\/www.buroperiodistico.com.mx\/?p=179071","title":{"rendered":"Encuentran sin vida a coordinador operativo de Pemex en Veracruz"},"content":{"rendered":"<p><em><strong><img loading=\"lazy\" decoding=\"async\" class=\" wp-image-179072 alignright\" src=\"https:\/\/www.buroperiodistico.com.mx\/wp-content\/uploads\/2025\/09\/Muertex.jpeg\" alt=\"\" width=\"501\" height=\"328\" srcset=\"https:\/\/www.buroperiodistico.com.mx\/wp-content\/uploads\/2025\/09\/Muertex.jpeg 1024w, https:\/\/www.buroperiodistico.com.mx\/wp-content\/uploads\/2025\/09\/Muertex-300x197.jpeg 300w, https:\/\/www.buroperiodistico.com.mx\/wp-content\/uploads\/2025\/09\/Muertex-768x503.jpeg 768w\" sizes=\"auto, (max-width: 501px) 100vw, 501px\" \/>(20-Septiembre-2025).-<\/strong><\/em> El coordinador operativo de Petr\u00f3leos Mexicanos (Pemex), Jos\u00e9 Luis Garc\u00eda Morales, de 46 a\u00f1os, fue localizado sin vida tras haber sido reportado como desaparecido desde el pasado 1 de septiembre.<\/p>\n<p>De acuerdo con el reporte de su familia, ese d\u00eda el funcionario llam\u00f3 para avisar que regresaba a su casa en Xalapa, luego de trabajar en las oficinas de Pemex en Boca del R\u00edo. Sin embargo, nunca lleg\u00f3 y al d\u00eda siguiente ya no se present\u00f3 a laborar. Posteriormente, fue ubicado el veh\u00edculo oficial en el que viajaba en el municipio de Paso de Ovejas, con algunas pertenencias dentro, pero sin rastro de \u00e9l.<\/p>\n<p>Los familiares denunciaron inconsistencias en la carpeta de investigaci\u00f3n, incluso se\u00f1alaron que hubo resistencia inicial para admitir la denuncia por desaparici\u00f3n, la cual fue recibida hasta el 3 de septiembre. La Comisi\u00f3n Estatal de B\u00fasqueda emiti\u00f3 una ficha de localizaci\u00f3n que, ayer por la tarde, fue cambiada a color negro, confirmando el hallazgo del funcionario sin vida, aunque hasta el momento las autoridades no han dado m\u00e1s detalles.<\/p>\n<p>Cabe destacar que en los \u00faltimos d\u00edas se han registrado muertes de otras personas relacionadas con Pemex en circunstancias extra\u00f1as, lo que ha encendido las alarmas en la regi\u00f3n.<\/p>\n","protected":false},"excerpt":{"rendered":"<p>(20-Septiembre-2025).- El coordinador operativo de Petr\u00f3leos Mexicanos (Pemex), Jos\u00e9 Luis Garc\u00eda Morales, de 46 a\u00f1os,&#8230;<\/p>\n","protected":false},"author":1,"featured_media":179072,"comment_status":"closed","ping_status":"closed","sticky":false,"template":"","format":"standard","meta":{"footnotes":"","jetpack_publicize_message":"","jetpack_publicize_feature_enabled":true,"jetpack_social_post_already_shared":true,"jetpack_social_options":{"image_generator_settings":{"template":"highway","default_image_id":0,"font":"","enabled":false},"version":2}},"categories":[11],"tags":[],"class_list":["post-179071","post","type-post","status-publish","format-standard","has-post-thumbnail","hentry","category-nacional"],"jetpack_publicize_connections":[],"_links":{"self":[{"href":"https:\/\/www.buroperiodistico.com.mx\/index.php?rest_route=\/wp\/v2\/posts\/179071","targetHints":{"allow":["GET"]}}],"collection":[{"href":"https:\/\/www.buroperiodistico.com.mx\/index.php?rest_route=\/wp\/v2\/posts"}],"about":[{"href":"https:\/\/www.buroperiodistico.com.mx\/index.php?rest_route=\/wp\/v2\/types\/post"}],"author":[{"embeddable":true,"href":"https:\/\/www.buroperiodistico.com.mx\/index.php?rest_route=\/wp\/v2\/users\/1"}],"replies":[{"embeddable":true,"href":"https:\/\/www.buroperiodistico.com.mx\/index.php?rest_route=%2Fwp%2Fv2%2Fcomments&post=179071"}],"version-history":[{"count":0,"href":"https:\/\/www.buroperiodistico.com.mx\/index.php?rest_route=\/wp\/v2\/posts\/179071\/revisions"}],"wp:featuredmedia":[{"embeddable":true,"href":"https:\/\/www.buroperiodistico.com.mx\/index.php?rest_route=\/wp\/v2\/media\/179072"}],"wp:attachment":[{"href":"https:\/\/www.buroperiodistico.com.mx\/index.php?rest_route=%2Fwp%2Fv2%2Fmedia&parent=179071"}],"wp:term":[{"taxonomy":"category","embeddable":true,"href":"https:\/\/www.buroperiodistico.com.mx\/index.php?rest_route=%2Fwp%2Fv2%2Fcategories&post=179071"},{"taxonomy":"post_tag","embeddable":true,"href":"https:\/\/www.buroperiodistico.com.mx\/index.php?rest_route=%2Fwp%2Fv2%2Ftags&post=179071"}],"curies":[{"name":"wp","href":"https:\/\/api.w.org\/{rel}","templated":true}]}}