{"id":179064,"date":"2025-09-20T18:04:33","date_gmt":"2025-09-20T23:04:33","guid":{"rendered":"https:\/\/www.buroperiodistico.com.mx\/?p=179064"},"modified":"2025-09-20T18:04:33","modified_gmt":"2025-09-20T23:04:33","slug":"inaugura-gobierno-de-tamaulipas-en-colaboracion-con-femsa-exposicion-las-posibilidades-de-lo-incalculable","status":"publish","type":"post","link":"https:\/\/www.buroperiodistico.com.mx\/?p=179064","title":{"rendered":"Inaugura Gobierno de Tamaulipas en colaboraci\u00f3n con FEMSA exposici\u00f3n \u201cLas posibilidades de lo incalculable\u201d"},"content":{"rendered":"<p><em><strong><img loading=\"lazy\" decoding=\"async\" class=\" wp-image-179068 alignright\" src=\"https:\/\/www.buroperiodistico.com.mx\/wp-content\/uploads\/2025\/09\/ICAincalculable.jpeg\" alt=\"\" width=\"493\" height=\"316\" srcset=\"https:\/\/www.buroperiodistico.com.mx\/wp-content\/uploads\/2025\/09\/ICAincalculable.jpeg 1024w, https:\/\/www.buroperiodistico.com.mx\/wp-content\/uploads\/2025\/09\/ICAincalculable-300x192.jpeg 300w, https:\/\/www.buroperiodistico.com.mx\/wp-content\/uploads\/2025\/09\/ICAincalculable-768x492.jpeg 768w\" sizes=\"auto, (max-width: 493px) 100vw, 493px\" \/>Ciudad Victoria, Tamaulipas (20-Septiembre-2025).-<\/strong><\/em> M\u00e1s de tres siglos de historia, innovaci\u00f3n y creatividad se re\u00fanen en la exposici\u00f3n \u201cLas posibilidades de lo incalculable\u201d, inaugurada en la Galer\u00eda Pedro Banda del Centro Cultural Tamaulipas, gracias al trabajo en conjunto del Gobierno del Estado de Tamaulipas, a trav\u00e9s de la Secretar\u00eda de Bienestar Social y del Instituto Tamaulipeco para la Cultura y las Artes (ITCA), en colaboraci\u00f3n con Fundaci\u00f3n FEMSA.<\/p>\n<p>Este proyecto, que presenta una lectura del artista Ernesto Walker sobre la serie fotogr\u00e1fica \u201cHistoria visual del c\u00e1lculo\u201d de Andrew Neuhart, fue inaugurado por Silvia Casas Gonz\u00e1lez, secretaria de Bienestar Social de Tamaulipas; el artista Ernesto Walker; representantes de Fundaci\u00f3n FEMSA y directivos del ITCA, quienes compartieron con el p\u00fablico la importancia de esta muestra que invita a reflexionar sobre la historia y el ingenio humano detr\u00e1s de las m\u00e1quinas de c\u00e1lculo.<\/p>\n<p>\u201cEsta colaboraci\u00f3n es ejemplo de lo que sucede cuando las instituciones y la sociedad se unen para fortalecer una visi\u00f3n cultural compartida. Que mejor que hacerlo de la mano de Fundaci\u00f3n FEMSA, una instituci\u00f3n con un fuerte compromiso social y cultural, que nos permite acercar esta experiencia a nuestros p\u00fablicos, especialmente a los j\u00f3venes\u201d, expres\u00f3 previo al evento, H\u00e9ctor Romero-Lecanda, director general del ITCA.<\/p>\n<p>La exposici\u00f3n re\u00fane 24 obras fotogr\u00e1ficas que documentan m\u00e1s de tres siglos de innovaci\u00f3n en torno al c\u00e1lculo mec\u00e1nico, desde el siglo XVII hasta mediados del siglo XX.<\/p>\n<p>Capturadas en 1983 por el fot\u00f3grafo estadounidense Andrew Neuhart a partir de la colecci\u00f3n iniciada por Thomas J. Watson, fundador de IBM, las piezas incluyen representaciones de artefactos emblem\u00e1ticos como el \u00e1baco, la pascalina, la m\u00e1quina de Leibniz y la m\u00e1quina diferencial de Charles Babbage, precursores de la computaci\u00f3n moderna.<\/p>\n<p>Por su parte, Francisco Su\u00e1rez, director de Asuntos P\u00fablicos de FEMSA, se\u00f1al\u00f3: \u201cEn FEMSA tenemos el compromiso de generar no solo valor econ\u00f3mico, sino tambi\u00e9n social, cultural y ambiental en las comunidades donde tenemos presencia. Esto se ha visto reflejado a trav\u00e9s de m\u00faltiples iniciativas que esta empresa ha realizado en materia de educaci\u00f3n, vivienda, salud, promoci\u00f3n al deporte y como en este caso, la difusi\u00f3n del arte contempor\u00e1neo\u201d.<\/p>\n<p>Durante la inauguraci\u00f3n, la secretaria de Bienestar Social, Silvia Casas Gonz\u00e1lez, celebr\u00f3 la suma de voluntades que hace posible este tipo de proyectos culturales, en sinton\u00eda con la visi\u00f3n humanista que impulsa el Gobernador Am\u00e9rico Villarreal Anaya, quien promueve acciones que acercan el arte y la cultura a la sociedad tamaulipeca.<\/p>\n<p>La exposici\u00f3n ha sido presentada en escenarios como la Feria Internacional del Libro de Monterrey y el Festival Internacional Cervantino, en Ciudad Victoria abri\u00f3 sus puertas el pasado 26 de agosto y permanecer\u00e1 en la Galer\u00eda Pedro Banda hasta el 16 de noviembre de 2025, con un horario de visita de martes a domingo de 10:00 a 18:00 horas.<\/p>\n<p>Con esta iniciativa, el Gobierno del Estado de Tamaulipas reafirma su compromiso de impulsar el acceso a la cultura, fortalecer la identidad y generar espacios de reflexi\u00f3n y aprendizaje para toda la sociedad.<\/p>\n<p><img loading=\"lazy\" decoding=\"async\" class=\"aligncenter size-full wp-image-179065\" src=\"https:\/\/www.buroperiodistico.com.mx\/wp-content\/uploads\/2025\/09\/ICAincalculable-I.jpeg\" alt=\"\" width=\"640\" height=\"426\" srcset=\"https:\/\/www.buroperiodistico.com.mx\/wp-content\/uploads\/2025\/09\/ICAincalculable-I.jpeg 640w, https:\/\/www.buroperiodistico.com.mx\/wp-content\/uploads\/2025\/09\/ICAincalculable-I-300x200.jpeg 300w\" sizes=\"auto, (max-width: 640px) 100vw, 640px\" \/> <img loading=\"lazy\" decoding=\"async\" class=\"aligncenter size-full wp-image-179067\" src=\"https:\/\/www.buroperiodistico.com.mx\/wp-content\/uploads\/2025\/09\/ICAincalculable-III.jpeg\" alt=\"\" width=\"640\" height=\"426\" srcset=\"https:\/\/www.buroperiodistico.com.mx\/wp-content\/uploads\/2025\/09\/ICAincalculable-III.jpeg 640w, https:\/\/www.buroperiodistico.com.mx\/wp-content\/uploads\/2025\/09\/ICAincalculable-III-300x200.jpeg 300w\" sizes=\"auto, (max-width: 640px) 100vw, 640px\" \/> <img loading=\"lazy\" decoding=\"async\" class=\"aligncenter size-full wp-image-179066\" src=\"https:\/\/www.buroperiodistico.com.mx\/wp-content\/uploads\/2025\/09\/ICAincalculable-II.jpeg\" alt=\"\" width=\"640\" height=\"426\" srcset=\"https:\/\/www.buroperiodistico.com.mx\/wp-content\/uploads\/2025\/09\/ICAincalculable-II.jpeg 640w, https:\/\/www.buroperiodistico.com.mx\/wp-content\/uploads\/2025\/09\/ICAincalculable-II-300x200.jpeg 300w\" sizes=\"auto, (max-width: 640px) 100vw, 640px\" \/><\/p>\n","protected":false},"excerpt":{"rendered":"<p>Ciudad Victoria, Tamaulipas (20-Septiembre-2025).- M\u00e1s de tres siglos de historia, innovaci\u00f3n y creatividad se re\u00fanen&#8230;<\/p>\n","protected":false},"author":1,"featured_media":179068,"comment_status":"closed","ping_status":"closed","sticky":false,"template":"","format":"standard","meta":{"footnotes":"","jetpack_publicize_message":"","jetpack_publicize_feature_enabled":true,"jetpack_social_post_already_shared":true,"jetpack_social_options":{"image_generator_settings":{"template":"highway","default_image_id":0,"font":"","enabled":false},"version":2}},"categories":[10],"tags":[],"class_list":["post-179064","post","type-post","status-publish","format-standard","has-post-thumbnail","hentry","category-tamaulipas"],"jetpack_publicize_connections":[],"_links":{"self":[{"href":"https:\/\/www.buroperiodistico.com.mx\/index.php?rest_route=\/wp\/v2\/posts\/179064","targetHints":{"allow":["GET"]}}],"collection":[{"href":"https:\/\/www.buroperiodistico.com.mx\/index.php?rest_route=\/wp\/v2\/posts"}],"about":[{"href":"https:\/\/www.buroperiodistico.com.mx\/index.php?rest_route=\/wp\/v2\/types\/post"}],"author":[{"embeddable":true,"href":"https:\/\/www.buroperiodistico.com.mx\/index.php?rest_route=\/wp\/v2\/users\/1"}],"replies":[{"embeddable":true,"href":"https:\/\/www.buroperiodistico.com.mx\/index.php?rest_route=%2Fwp%2Fv2%2Fcomments&post=179064"}],"version-history":[{"count":0,"href":"https:\/\/www.buroperiodistico.com.mx\/index.php?rest_route=\/wp\/v2\/posts\/179064\/revisions"}],"wp:featuredmedia":[{"embeddable":true,"href":"https:\/\/www.buroperiodistico.com.mx\/index.php?rest_route=\/wp\/v2\/media\/179068"}],"wp:attachment":[{"href":"https:\/\/www.buroperiodistico.com.mx\/index.php?rest_route=%2Fwp%2Fv2%2Fmedia&parent=179064"}],"wp:term":[{"taxonomy":"category","embeddable":true,"href":"https:\/\/www.buroperiodistico.com.mx\/index.php?rest_route=%2Fwp%2Fv2%2Fcategories&post=179064"},{"taxonomy":"post_tag","embeddable":true,"href":"https:\/\/www.buroperiodistico.com.mx\/index.php?rest_route=%2Fwp%2Fv2%2Ftags&post=179064"}],"curies":[{"name":"wp","href":"https:\/\/api.w.org\/{rel}","templated":true}]}}