{"id":179057,"date":"2025-09-20T17:56:37","date_gmt":"2025-09-20T22:56:37","guid":{"rendered":"https:\/\/www.buroperiodistico.com.mx\/?p=179057"},"modified":"2025-09-20T17:56:37","modified_gmt":"2025-09-20T22:56:37","slug":"invita-sspt-a-unirse-a-los-cuerpos-de-vigilancia-custodia-y-seguridad","status":"publish","type":"post","link":"https:\/\/www.buroperiodistico.com.mx\/?p=179057","title":{"rendered":"Invita SSPT a unirse a los Cuerpos de Vigilancia, Custodia y Seguridad"},"content":{"rendered":"<ul>\n<li><strong><em>Vacantes para personas de 18 a los 40 a\u00f1os.<\/em><\/strong><\/li>\n<\/ul>\n<p><strong><img loading=\"lazy\" decoding=\"async\" class=\" wp-image-179062 alignright\" src=\"https:\/\/www.buroperiodistico.com.mx\/wp-content\/uploads\/2025\/09\/Invix.jpeg\" alt=\"\" width=\"532\" height=\"322\" srcset=\"https:\/\/www.buroperiodistico.com.mx\/wp-content\/uploads\/2025\/09\/Invix.jpeg 1024w, https:\/\/www.buroperiodistico.com.mx\/wp-content\/uploads\/2025\/09\/Invix-300x182.jpeg 300w, https:\/\/www.buroperiodistico.com.mx\/wp-content\/uploads\/2025\/09\/Invix-768x465.jpeg 768w\" sizes=\"auto, (max-width: 532px) 100vw, 532px\" \/>Ciudad Victoria, Tamaulipas (20-Septiembre-2025).-<\/strong> Con base en el compromiso de fortalecer el sistema penitenciario de la entidad, la Custodio \u2018\u2019A\u2019\u2019 Cecilia Fuentes Aguilar, comisionada al \u00e1rea de Reclutamiento de la Secretar\u00eda de Seguridad P\u00fablica de Tamaulipas (SSPT) reiter\u00f3 a las personas interesadas la invitaci\u00f3n a formar parte de los Cuerpos de Vigilancia, Custodia y Seguridad.<\/p>\n<p>A trav\u00e9s de diferentes espacios p\u00fablicos, la SSPT reitera su invitaci\u00f3n a las personas que cumplan los requisitos a unirse a esta dependencia como custodio penitenciario, para ello, se dan a conocer las principales funciones de esta vacante.<\/p>\n<p>En este sentido, destac\u00f3 el papel de custodios penitenciarios para salvaguardar la integridad y Derechos Humanos de las personas privadas de la libertad (PPLs) en los cinco Centros de Ejecuci\u00f3n de Sanciones (CEDES) de la entidad.<\/p>\n<p>Cabe mencionar, el rango de edad para aplicar a esta vacante va desde los 18 a los 40 a\u00f1os, por lo cual, invit\u00f3 a personas interesadas a iniciar su proceso de reclutamiento v\u00eda telef\u00f3nica al 800 122 2336 o de manera presencial en las instalaciones del Complejo Estatal de Seguridad P\u00fablica.<\/p>\n<p>Para aspirantes que acrediten las Evaluaciones de Control de Confianza e ingresen al Curso de Formaci\u00f3n Inicial, coment\u00f3, durante el mismo, la SSPT les proporciona alimentaci\u00f3n, hospedaje y servicio m\u00e9dico gratuito, as\u00ed como una beca de manera diferida.<\/p>\n<p><img loading=\"lazy\" decoding=\"async\" class=\"aligncenter size-full wp-image-179058\" src=\"https:\/\/www.buroperiodistico.com.mx\/wp-content\/uploads\/2025\/09\/Invix-I.jpeg\" alt=\"\" width=\"640\" height=\"427\" srcset=\"https:\/\/www.buroperiodistico.com.mx\/wp-content\/uploads\/2025\/09\/Invix-I.jpeg 640w, https:\/\/www.buroperiodistico.com.mx\/wp-content\/uploads\/2025\/09\/Invix-I-300x200.jpeg 300w\" sizes=\"auto, (max-width: 640px) 100vw, 640px\" \/> <img loading=\"lazy\" decoding=\"async\" class=\"aligncenter size-full wp-image-179061\" src=\"https:\/\/www.buroperiodistico.com.mx\/wp-content\/uploads\/2025\/09\/Invix-IIII.jpeg\" alt=\"\" width=\"640\" height=\"427\" srcset=\"https:\/\/www.buroperiodistico.com.mx\/wp-content\/uploads\/2025\/09\/Invix-IIII.jpeg 640w, https:\/\/www.buroperiodistico.com.mx\/wp-content\/uploads\/2025\/09\/Invix-IIII-300x200.jpeg 300w\" sizes=\"auto, (max-width: 640px) 100vw, 640px\" \/> <img loading=\"lazy\" decoding=\"async\" class=\"aligncenter size-full wp-image-179060\" src=\"https:\/\/www.buroperiodistico.com.mx\/wp-content\/uploads\/2025\/09\/Invix-III.jpeg\" alt=\"\" width=\"638\" height=\"480\" srcset=\"https:\/\/www.buroperiodistico.com.mx\/wp-content\/uploads\/2025\/09\/Invix-III.jpeg 638w, https:\/\/www.buroperiodistico.com.mx\/wp-content\/uploads\/2025\/09\/Invix-III-300x226.jpeg 300w\" sizes=\"auto, (max-width: 638px) 100vw, 638px\" \/> <img loading=\"lazy\" decoding=\"async\" class=\"aligncenter size-full wp-image-179059\" src=\"https:\/\/www.buroperiodistico.com.mx\/wp-content\/uploads\/2025\/09\/Invix-II.jpeg\" alt=\"\" width=\"640\" height=\"427\" srcset=\"https:\/\/www.buroperiodistico.com.mx\/wp-content\/uploads\/2025\/09\/Invix-II.jpeg 640w, https:\/\/www.buroperiodistico.com.mx\/wp-content\/uploads\/2025\/09\/Invix-II-300x200.jpeg 300w\" sizes=\"auto, (max-width: 640px) 100vw, 640px\" \/><\/p>\n","protected":false},"excerpt":{"rendered":"<p>Vacantes para personas de 18 a los 40 a\u00f1os. Ciudad Victoria, Tamaulipas (20-Septiembre-2025).- Con base&#8230;<\/p>\n","protected":false},"author":1,"featured_media":179062,"comment_status":"closed","ping_status":"closed","sticky":false,"template":"","format":"standard","meta":{"footnotes":"","jetpack_publicize_message":"","jetpack_publicize_feature_enabled":true,"jetpack_social_post_already_shared":true,"jetpack_social_options":{"image_generator_settings":{"template":"highway","default_image_id":0,"font":"","enabled":false},"version":2}},"categories":[10],"tags":[],"class_list":["post-179057","post","type-post","status-publish","format-standard","has-post-thumbnail","hentry","category-tamaulipas"],"jetpack_publicize_connections":[],"_links":{"self":[{"href":"https:\/\/www.buroperiodistico.com.mx\/index.php?rest_route=\/wp\/v2\/posts\/179057","targetHints":{"allow":["GET"]}}],"collection":[{"href":"https:\/\/www.buroperiodistico.com.mx\/index.php?rest_route=\/wp\/v2\/posts"}],"about":[{"href":"https:\/\/www.buroperiodistico.com.mx\/index.php?rest_route=\/wp\/v2\/types\/post"}],"author":[{"embeddable":true,"href":"https:\/\/www.buroperiodistico.com.mx\/index.php?rest_route=\/wp\/v2\/users\/1"}],"replies":[{"embeddable":true,"href":"https:\/\/www.buroperiodistico.com.mx\/index.php?rest_route=%2Fwp%2Fv2%2Fcomments&post=179057"}],"version-history":[{"count":0,"href":"https:\/\/www.buroperiodistico.com.mx\/index.php?rest_route=\/wp\/v2\/posts\/179057\/revisions"}],"wp:featuredmedia":[{"embeddable":true,"href":"https:\/\/www.buroperiodistico.com.mx\/index.php?rest_route=\/wp\/v2\/media\/179062"}],"wp:attachment":[{"href":"https:\/\/www.buroperiodistico.com.mx\/index.php?rest_route=%2Fwp%2Fv2%2Fmedia&parent=179057"}],"wp:term":[{"taxonomy":"category","embeddable":true,"href":"https:\/\/www.buroperiodistico.com.mx\/index.php?rest_route=%2Fwp%2Fv2%2Fcategories&post=179057"},{"taxonomy":"post_tag","embeddable":true,"href":"https:\/\/www.buroperiodistico.com.mx\/index.php?rest_route=%2Fwp%2Fv2%2Ftags&post=179057"}],"curies":[{"name":"wp","href":"https:\/\/api.w.org\/{rel}","templated":true}]}}