{"id":179054,"date":"2025-09-20T17:50:01","date_gmt":"2025-09-20T22:50:01","guid":{"rendered":"https:\/\/www.buroperiodistico.com.mx\/?p=179054"},"modified":"2025-09-20T17:50:01","modified_gmt":"2025-09-20T22:50:01","slug":"invita-gobierno-de-carlos-pena-ortiz-a-disfrutar-de-cartelera-cultural-dominical","status":"publish","type":"post","link":"https:\/\/www.buroperiodistico.com.mx\/?p=179054","title":{"rendered":"Invita Gobierno de Carlos Pe\u00f1a Ortiz a disfrutar de cartelera cultural dominical"},"content":{"rendered":"<p><em><strong><img loading=\"lazy\" decoding=\"async\" class=\" wp-image-179055 alignright\" src=\"https:\/\/www.buroperiodistico.com.mx\/wp-content\/uploads\/2025\/09\/IRCAx-2.jpg\" alt=\"\" width=\"601\" height=\"325\" srcset=\"https:\/\/www.buroperiodistico.com.mx\/wp-content\/uploads\/2025\/09\/IRCAx-2.jpg 1110w, https:\/\/www.buroperiodistico.com.mx\/wp-content\/uploads\/2025\/09\/IRCAx-2-300x162.jpg 300w, https:\/\/www.buroperiodistico.com.mx\/wp-content\/uploads\/2025\/09\/IRCAx-2-1024x554.jpg 1024w, https:\/\/www.buroperiodistico.com.mx\/wp-content\/uploads\/2025\/09\/IRCAx-2-768x415.jpg 768w\" sizes=\"auto, (max-width: 601px) 100vw, 601px\" \/>Reynosa, Tam (20-Septiembre-2025).-<\/strong><\/em> El Gobierno de Reynosa, que preside el Alcalde Carlos Pe\u00f1a Ortiz, invita este domingo 21 de septiembre a disfrutar del programa art\u00edstico que el Instituto Reynosense para la Cultura y las Artes presentar\u00e1 en plazas p\u00fablicas de la ciudad.<\/p>\n<p>La agenda iniciar\u00e1 al mediod\u00eda con la presentaci\u00f3n de la Banda Sinf\u00f3nica Municipal \u201cMaestro El\u00edas Valenzuela\u201d, dirigida por el Maestro Enrique Mart\u00ednez Ruiz, en el kiosco de la plaza principal Miguel Hidalgo.<\/p>\n<p>A las 19:00 horas, en el mismo espacio, se presentar\u00e1 el ballet folkl\u00f3rico \u201cIzcalli\u201d del CETis 71, bajo la direcci\u00f3n de Elma S\u00e1nchez Ostos, con una muestra de cuadros tradicionales de M\u00e9xico.<\/p>\n<p>Para concluir el d\u00eda, en la plaza Trevi\u00f1o Zapata se llevar\u00e1 a cabo el Domingo de Danz\u00f3n, tambi\u00e9n a partir de las 19:00 horas, en el marco de un ambiente familiar.<\/p>\n<p>#ReynosaImparable #Reynosa #Tamaulipas<\/p>\n","protected":false},"excerpt":{"rendered":"<p>Reynosa, Tam (20-Septiembre-2025).- El Gobierno de Reynosa, que preside el Alcalde Carlos Pe\u00f1a Ortiz, invita&#8230;<\/p>\n","protected":false},"author":1,"featured_media":179055,"comment_status":"closed","ping_status":"closed","sticky":false,"template":"","format":"standard","meta":{"footnotes":"","jetpack_publicize_message":"","jetpack_publicize_feature_enabled":true,"jetpack_social_post_already_shared":true,"jetpack_social_options":{"image_generator_settings":{"template":"highway","default_image_id":0,"font":"","enabled":false},"version":2}},"categories":[9],"tags":[],"class_list":["post-179054","post","type-post","status-publish","format-standard","has-post-thumbnail","hentry","category-reynosa"],"jetpack_publicize_connections":[],"_links":{"self":[{"href":"https:\/\/www.buroperiodistico.com.mx\/index.php?rest_route=\/wp\/v2\/posts\/179054","targetHints":{"allow":["GET"]}}],"collection":[{"href":"https:\/\/www.buroperiodistico.com.mx\/index.php?rest_route=\/wp\/v2\/posts"}],"about":[{"href":"https:\/\/www.buroperiodistico.com.mx\/index.php?rest_route=\/wp\/v2\/types\/post"}],"author":[{"embeddable":true,"href":"https:\/\/www.buroperiodistico.com.mx\/index.php?rest_route=\/wp\/v2\/users\/1"}],"replies":[{"embeddable":true,"href":"https:\/\/www.buroperiodistico.com.mx\/index.php?rest_route=%2Fwp%2Fv2%2Fcomments&post=179054"}],"version-history":[{"count":0,"href":"https:\/\/www.buroperiodistico.com.mx\/index.php?rest_route=\/wp\/v2\/posts\/179054\/revisions"}],"wp:featuredmedia":[{"embeddable":true,"href":"https:\/\/www.buroperiodistico.com.mx\/index.php?rest_route=\/wp\/v2\/media\/179055"}],"wp:attachment":[{"href":"https:\/\/www.buroperiodistico.com.mx\/index.php?rest_route=%2Fwp%2Fv2%2Fmedia&parent=179054"}],"wp:term":[{"taxonomy":"category","embeddable":true,"href":"https:\/\/www.buroperiodistico.com.mx\/index.php?rest_route=%2Fwp%2Fv2%2Fcategories&post=179054"},{"taxonomy":"post_tag","embeddable":true,"href":"https:\/\/www.buroperiodistico.com.mx\/index.php?rest_route=%2Fwp%2Fv2%2Ftags&post=179054"}],"curies":[{"name":"wp","href":"https:\/\/api.w.org\/{rel}","templated":true}]}}