{"id":179033,"date":"2025-09-20T15:01:29","date_gmt":"2025-09-20T20:01:29","guid":{"rendered":"https:\/\/www.buroperiodistico.com.mx\/?p=179033"},"modified":"2025-09-20T15:01:29","modified_gmt":"2025-09-20T20:01:29","slug":"reconvertira-set-turnos-vespertinos-de-educacion-basica-en-bachilleratos","status":"publish","type":"post","link":"https:\/\/www.buroperiodistico.com.mx\/?p=179033","title":{"rendered":"Reconvertir\u00e1 SET turnos vespertinos de educaci\u00f3n b\u00e1sica en bachilleratos"},"content":{"rendered":"<p><em><strong><img loading=\"lazy\" decoding=\"async\" class=\" wp-image-179034 alignright\" src=\"https:\/\/www.buroperiodistico.com.mx\/wp-content\/uploads\/2025\/09\/SETbachilleratos.jpg\" alt=\"\" width=\"526\" height=\"346\" srcset=\"https:\/\/www.buroperiodistico.com.mx\/wp-content\/uploads\/2025\/09\/SETbachilleratos.jpg 1024w, https:\/\/www.buroperiodistico.com.mx\/wp-content\/uploads\/2025\/09\/SETbachilleratos-300x197.jpg 300w, https:\/\/www.buroperiodistico.com.mx\/wp-content\/uploads\/2025\/09\/SETbachilleratos-768x506.jpg 768w, https:\/\/www.buroperiodistico.com.mx\/wp-content\/uploads\/2025\/09\/SETbachilleratos-720x475.jpg 720w\" sizes=\"auto, (max-width: 526px) 100vw, 526px\" \/>Ciudad Victoria, Tamaulipas (20-Septiembre-2025).-<\/strong><\/em> Debido a la curva demogr\u00e1fica que est\u00e1 viviendo el pa\u00eds, varias escuelas de educaci\u00f3n b\u00e1sica en la entidad, cuyos turnos vespertinos est\u00e1n cerrando, ser\u00e1n reconvertidas, indic\u00f3 Miguel \u00c1ngel Valdez Garc\u00eda, secretario de Educaci\u00f3n de Tamaulipas.<\/p>\n<p>\u201cEs un fen\u00f3meno a nivel nacional, y lo que viene entonces es la reconversi\u00f3n. Vamos a empezar a usar, en donde se vac\u00eden los turnos vespertinos, esos espacios para servicio educativo de preparatoria\u201d, expres\u00f3.<\/p>\n<p>Dijo que este fen\u00f3meno se ha venido presentando en los \u00faltimos a\u00f1os, principalmente en planteles ubicados en el centro de las grandes ciudades, en donde la matr\u00edcula de los turnos vespertinos va a la baja o, en algunos casos, ya cerraron.<\/p>\n<p>Se\u00f1al\u00f3 que los derechos laborales de las y los maestros tamaulipecos que trabajen en estos turnos est\u00e1n a salvo y que lo que se implementa es una reubicaci\u00f3n para que contin\u00faen con su vocaci\u00f3n docente. Mientras tanto, se contratar\u00e1 a nuevos docentes para los planteles que se reconvertir\u00e1n en bachilleratos.<\/p>\n<p>Reiter\u00f3 que la reconversi\u00f3n de escuelas de educaci\u00f3n b\u00e1sica a nivel bachillerato durante los turnos vespertinos es una de las estrategias de la Federaci\u00f3n para optimizar los espacios y asegurarse de que todas y todos los j\u00f3venes en edad de cursar su educaci\u00f3n media superior lo hagan.<\/p>\n<p>Apunt\u00f3 que durante este 2025 la Telesecundaria Mar\u00eda Guadalupe de la Fuente Zertuche, ubicada al norponiente de Nuevo Laredo, ya implement\u00f3 esta reconversi\u00f3n, abri\u00e9ndose el CEB 9\/24, que en este ciclo escolar atiende a 100 estudiantes de bachillerato.<\/p>\n<p>Destac\u00f3 el compromiso que tiene el gobernador Am\u00e9rico Villarreal Anaya de impulsar una educaci\u00f3n de calidad, inclusiva, humanista y transformadora para las y los j\u00f3venes, que se convierta en una verdadera herramienta de desarrollo para Tamaulipas.<\/p>\n","protected":false},"excerpt":{"rendered":"<p>Ciudad Victoria, Tamaulipas (20-Septiembre-2025).- Debido a la curva demogr\u00e1fica que est\u00e1 viviendo el pa\u00eds, varias&#8230;<\/p>\n","protected":false},"author":1,"featured_media":179034,"comment_status":"closed","ping_status":"closed","sticky":false,"template":"","format":"standard","meta":{"footnotes":"","jetpack_publicize_message":"","jetpack_publicize_feature_enabled":true,"jetpack_social_post_already_shared":true,"jetpack_social_options":{"image_generator_settings":{"template":"highway","default_image_id":0,"font":"","enabled":false},"version":2}},"categories":[10],"tags":[],"class_list":["post-179033","post","type-post","status-publish","format-standard","has-post-thumbnail","hentry","category-tamaulipas"],"jetpack_publicize_connections":[],"_links":{"self":[{"href":"https:\/\/www.buroperiodistico.com.mx\/index.php?rest_route=\/wp\/v2\/posts\/179033","targetHints":{"allow":["GET"]}}],"collection":[{"href":"https:\/\/www.buroperiodistico.com.mx\/index.php?rest_route=\/wp\/v2\/posts"}],"about":[{"href":"https:\/\/www.buroperiodistico.com.mx\/index.php?rest_route=\/wp\/v2\/types\/post"}],"author":[{"embeddable":true,"href":"https:\/\/www.buroperiodistico.com.mx\/index.php?rest_route=\/wp\/v2\/users\/1"}],"replies":[{"embeddable":true,"href":"https:\/\/www.buroperiodistico.com.mx\/index.php?rest_route=%2Fwp%2Fv2%2Fcomments&post=179033"}],"version-history":[{"count":0,"href":"https:\/\/www.buroperiodistico.com.mx\/index.php?rest_route=\/wp\/v2\/posts\/179033\/revisions"}],"wp:featuredmedia":[{"embeddable":true,"href":"https:\/\/www.buroperiodistico.com.mx\/index.php?rest_route=\/wp\/v2\/media\/179034"}],"wp:attachment":[{"href":"https:\/\/www.buroperiodistico.com.mx\/index.php?rest_route=%2Fwp%2Fv2%2Fmedia&parent=179033"}],"wp:term":[{"taxonomy":"category","embeddable":true,"href":"https:\/\/www.buroperiodistico.com.mx\/index.php?rest_route=%2Fwp%2Fv2%2Fcategories&post=179033"},{"taxonomy":"post_tag","embeddable":true,"href":"https:\/\/www.buroperiodistico.com.mx\/index.php?rest_route=%2Fwp%2Fv2%2Ftags&post=179033"}],"curies":[{"name":"wp","href":"https:\/\/api.w.org\/{rel}","templated":true}]}}