{"id":179027,"date":"2025-09-20T14:56:53","date_gmt":"2025-09-20T19:56:53","guid":{"rendered":"https:\/\/www.buroperiodistico.com.mx\/?p=179027"},"modified":"2025-09-20T14:56:53","modified_gmt":"2025-09-20T19:56:53","slug":"realizan-alumnos-de-escuela-de-natacion-del-imd-muestra-pedagogica","status":"publish","type":"post","link":"https:\/\/www.buroperiodistico.com.mx\/?p=179027","title":{"rendered":"Realizan alumnos de Escuela de Nataci\u00f3n del IMD Muestra Pedag\u00f3gica"},"content":{"rendered":"<p><em><strong><img loading=\"lazy\" decoding=\"async\" class=\" wp-image-179031 alignright\" src=\"https:\/\/www.buroperiodistico.com.mx\/wp-content\/uploads\/2025\/09\/Natax.jpeg\" alt=\"\" width=\"565\" height=\"354\" srcset=\"https:\/\/www.buroperiodistico.com.mx\/wp-content\/uploads\/2025\/09\/Natax.jpeg 1024w, https:\/\/www.buroperiodistico.com.mx\/wp-content\/uploads\/2025\/09\/Natax-300x188.jpeg 300w, https:\/\/www.buroperiodistico.com.mx\/wp-content\/uploads\/2025\/09\/Natax-768x482.jpeg 768w\" sizes=\"auto, (max-width: 565px) 100vw, 565px\" \/>Reynosa, Tam (20-Septiembre-2025).-<\/strong><\/em> Con el respaldo del Alcalde Carlos Pe\u00f1a Ortiz, se llev\u00f3 a cabo la Muestra Pedag\u00f3gica de la Escuela de Nataci\u00f3n del IMD, en el Polideportivo, donde los alumnos demostraron los avances adquiridos durante su formaci\u00f3n.<\/p>\n<p>En esta actividad, participaron ni\u00f1as, ni\u00f1os, j\u00f3venes y adultos, quienes, bajo la gu\u00eda de entrenadores y maestros capacitados, mostraron sus habilidades en distintos niveles, desde principiantes hasta avanzados, incluyendo tambi\u00e9n a alumnos con capacidades diferentes, reflejando la inclusi\u00f3n y el compromiso con la ense\u00f1anza deportiva integral.<\/p>\n<p>El Instituto Municipal del Deporte, contin\u00faa impulsando programas que fomentan el deporte, la disciplina y los h\u00e1bitos saludables, fortaleciendo la formaci\u00f3n de nuevas generaciones y ofreciendo espacios seguros y adecuados para su preparaci\u00f3n.<\/p>\n<p>#ReynosaImparable<\/p>\n<p><img loading=\"lazy\" decoding=\"async\" class=\"aligncenter size-full wp-image-179028\" src=\"https:\/\/www.buroperiodistico.com.mx\/wp-content\/uploads\/2025\/09\/Natax-I.jpeg\" alt=\"\" width=\"640\" height=\"426\" srcset=\"https:\/\/www.buroperiodistico.com.mx\/wp-content\/uploads\/2025\/09\/Natax-I.jpeg 640w, https:\/\/www.buroperiodistico.com.mx\/wp-content\/uploads\/2025\/09\/Natax-I-300x200.jpeg 300w\" sizes=\"auto, (max-width: 640px) 100vw, 640px\" \/> <img loading=\"lazy\" decoding=\"async\" class=\"aligncenter size-full wp-image-179030\" src=\"https:\/\/www.buroperiodistico.com.mx\/wp-content\/uploads\/2025\/09\/Natax-III.jpeg\" alt=\"\" width=\"640\" height=\"426\" srcset=\"https:\/\/www.buroperiodistico.com.mx\/wp-content\/uploads\/2025\/09\/Natax-III.jpeg 640w, https:\/\/www.buroperiodistico.com.mx\/wp-content\/uploads\/2025\/09\/Natax-III-300x200.jpeg 300w\" sizes=\"auto, (max-width: 640px) 100vw, 640px\" \/> <img loading=\"lazy\" decoding=\"async\" class=\"aligncenter size-full wp-image-179029\" src=\"https:\/\/www.buroperiodistico.com.mx\/wp-content\/uploads\/2025\/09\/Natax-II.jpeg\" alt=\"\" width=\"640\" height=\"426\" srcset=\"https:\/\/www.buroperiodistico.com.mx\/wp-content\/uploads\/2025\/09\/Natax-II.jpeg 640w, https:\/\/www.buroperiodistico.com.mx\/wp-content\/uploads\/2025\/09\/Natax-II-300x200.jpeg 300w\" sizes=\"auto, (max-width: 640px) 100vw, 640px\" \/><\/p>\n","protected":false},"excerpt":{"rendered":"<p>Reynosa, Tam (20-Septiembre-2025).- Con el respaldo del Alcalde Carlos Pe\u00f1a Ortiz, se llev\u00f3 a cabo&#8230;<\/p>\n","protected":false},"author":1,"featured_media":179031,"comment_status":"closed","ping_status":"closed","sticky":false,"template":"","format":"standard","meta":{"footnotes":"","jetpack_publicize_message":"","jetpack_publicize_feature_enabled":true,"jetpack_social_post_already_shared":true,"jetpack_social_options":{"image_generator_settings":{"template":"highway","default_image_id":0,"font":"","enabled":false},"version":2}},"categories":[9],"tags":[],"class_list":["post-179027","post","type-post","status-publish","format-standard","has-post-thumbnail","hentry","category-reynosa"],"jetpack_publicize_connections":[],"_links":{"self":[{"href":"https:\/\/www.buroperiodistico.com.mx\/index.php?rest_route=\/wp\/v2\/posts\/179027","targetHints":{"allow":["GET"]}}],"collection":[{"href":"https:\/\/www.buroperiodistico.com.mx\/index.php?rest_route=\/wp\/v2\/posts"}],"about":[{"href":"https:\/\/www.buroperiodistico.com.mx\/index.php?rest_route=\/wp\/v2\/types\/post"}],"author":[{"embeddable":true,"href":"https:\/\/www.buroperiodistico.com.mx\/index.php?rest_route=\/wp\/v2\/users\/1"}],"replies":[{"embeddable":true,"href":"https:\/\/www.buroperiodistico.com.mx\/index.php?rest_route=%2Fwp%2Fv2%2Fcomments&post=179027"}],"version-history":[{"count":0,"href":"https:\/\/www.buroperiodistico.com.mx\/index.php?rest_route=\/wp\/v2\/posts\/179027\/revisions"}],"wp:featuredmedia":[{"embeddable":true,"href":"https:\/\/www.buroperiodistico.com.mx\/index.php?rest_route=\/wp\/v2\/media\/179031"}],"wp:attachment":[{"href":"https:\/\/www.buroperiodistico.com.mx\/index.php?rest_route=%2Fwp%2Fv2%2Fmedia&parent=179027"}],"wp:term":[{"taxonomy":"category","embeddable":true,"href":"https:\/\/www.buroperiodistico.com.mx\/index.php?rest_route=%2Fwp%2Fv2%2Fcategories&post=179027"},{"taxonomy":"post_tag","embeddable":true,"href":"https:\/\/www.buroperiodistico.com.mx\/index.php?rest_route=%2Fwp%2Fv2%2Ftags&post=179027"}],"curies":[{"name":"wp","href":"https:\/\/api.w.org\/{rel}","templated":true}]}}