{"id":179007,"date":"2025-09-20T13:48:04","date_gmt":"2025-09-20T18:48:04","guid":{"rendered":"https:\/\/www.buroperiodistico.com.mx\/?p=179007"},"modified":"2025-09-20T13:48:04","modified_gmt":"2025-09-20T18:48:04","slug":"transforma-seduma-espacios-escolares-como-parte-de-la-agenda-ambiental","status":"publish","type":"post","link":"https:\/\/www.buroperiodistico.com.mx\/?p=179007","title":{"rendered":"Transforma SEDUMA espacios escolares como parte de la Agenda Ambiental"},"content":{"rendered":"<ul>\n<li><strong><em>Con la entrega de 255 \u00e1rboles y 26 contenedores a 12 escuelas del municipio de G\u00fc\u00e9mez, Tamaulipas fortalece la educaci\u00f3n ambiental y promueve entornos m\u00e1s verdes y limpios para la ni\u00f1ez<\/em><\/strong><\/li>\n<\/ul>\n<p><strong><img loading=\"lazy\" decoding=\"async\" class=\" wp-image-179012 alignright\" src=\"https:\/\/www.buroperiodistico.com.mx\/wp-content\/uploads\/2025\/09\/SDUAmbiental.jpeg\" alt=\"\" width=\"486\" height=\"301\" srcset=\"https:\/\/www.buroperiodistico.com.mx\/wp-content\/uploads\/2025\/09\/SDUAmbiental.jpeg 1024w, https:\/\/www.buroperiodistico.com.mx\/wp-content\/uploads\/2025\/09\/SDUAmbiental-300x186.jpeg 300w, https:\/\/www.buroperiodistico.com.mx\/wp-content\/uploads\/2025\/09\/SDUAmbiental-768x476.jpeg 768w\" sizes=\"auto, (max-width: 486px) 100vw, 486px\" \/>G\u00fc\u00e9mez, Tamaulipas (20-Septiembre-2025).-<\/strong> En l\u00ednea con la estrategia ambiental del gobernador Am\u00e9rico Villarreal Anaya, el municipio de G\u00fc\u00e9mez fue sede de una jornada que uni\u00f3 educaci\u00f3n y conciencia ecol\u00f3gica. En la escuela primaria Ascenci\u00f3n G\u00f3mez, la Secretar\u00eda de Desarrollo Urbano y Medio Ambiente hizo entrega de 255 \u00e1rboles y 26 contenedores de basura a 12 planteles de la Zona Escolar No. 9.<\/p>\n<p>Con estas acciones, el Gobierno del Estado impulsa la formaci\u00f3n de una cultura de cuidado entre ni\u00f1as y ni\u00f1os tamaulipecos, convencido de que cada esfuerzo local se refleja en beneficios globales. La titular de la SEDUMA, Karina Lizeth Saldivar Lartigue, subray\u00f3 que, \u201cesta iniciativa busca crear espacios verdes en los planteles educativos, lo que no solo embellece el entorno, sino que tambi\u00e9n contribuye a mejorar la calidad del aire y reducir la temperatura\u201d.<\/p>\n<p>Resalt\u00f3 que los ejemplares donados \u2014san pedros, guam\u00fachil, orejones, encinos, anacahuitas y frutales\u2014 enriquecer\u00e1n los patios escolares y motivar\u00e1n a los estudiantes a participar en su cuidado. A ello se suma la entrega de contenedores, herramienta clave para fomentar h\u00e1bitos de higiene y responsabilidad desde temprana edad.<\/p>\n<p>Sald\u00edvar Lartigue enfatiz\u00f3 que la forestaci\u00f3n urbana es esencial para transformar \u00e1reas donde predomina el concreto en espacios m\u00e1s saludables y sostenibles. Un entorno limpio y ordenado, destac\u00f3, es vital para el aprendizaje y el bienestar de la comunidad escolar.<\/p>\n<p>El evento cont\u00f3 con la presencia de la supervisora Escolar de la Zona 09, Irma Gloria Carmona Ortiz; la directora de la escuela anfitriona, Sandra Patricia Egu\u00eda Garza, y el jefe del Sector Educativo N.\u00b0 11, Francisco Javier Mata Quilant\u00e1n. Todos coincidieron en que estas acciones siembran no solo \u00e1rboles, sino tambi\u00e9n valores de respeto y responsabilidad hacia la naturaleza.<\/p>\n<p>Con iniciativas como esta, Tamaulipas reafirma su compromiso de dejar a las nuevas generaciones un legado verde, sostenible y lleno de esperanza.<\/p>\n<p><img loading=\"lazy\" decoding=\"async\" class=\"aligncenter size-full wp-image-179008\" src=\"https:\/\/www.buroperiodistico.com.mx\/wp-content\/uploads\/2025\/09\/SDUAmbiental-I.jpeg\" alt=\"\" width=\"640\" height=\"356\" srcset=\"https:\/\/www.buroperiodistico.com.mx\/wp-content\/uploads\/2025\/09\/SDUAmbiental-I.jpeg 640w, https:\/\/www.buroperiodistico.com.mx\/wp-content\/uploads\/2025\/09\/SDUAmbiental-I-300x167.jpeg 300w\" sizes=\"auto, (max-width: 640px) 100vw, 640px\" \/> <img loading=\"lazy\" decoding=\"async\" class=\"aligncenter size-full wp-image-179011\" src=\"https:\/\/www.buroperiodistico.com.mx\/wp-content\/uploads\/2025\/09\/SDUAmbiental-IIII.jpeg\" alt=\"\" width=\"640\" height=\"427\" srcset=\"https:\/\/www.buroperiodistico.com.mx\/wp-content\/uploads\/2025\/09\/SDUAmbiental-IIII.jpeg 640w, https:\/\/www.buroperiodistico.com.mx\/wp-content\/uploads\/2025\/09\/SDUAmbiental-IIII-300x200.jpeg 300w\" sizes=\"auto, (max-width: 640px) 100vw, 640px\" \/> <img loading=\"lazy\" decoding=\"async\" class=\"aligncenter size-full wp-image-179010\" src=\"https:\/\/www.buroperiodistico.com.mx\/wp-content\/uploads\/2025\/09\/SDUAmbiental-III.jpeg\" alt=\"\" width=\"640\" height=\"427\" srcset=\"https:\/\/www.buroperiodistico.com.mx\/wp-content\/uploads\/2025\/09\/SDUAmbiental-III.jpeg 640w, https:\/\/www.buroperiodistico.com.mx\/wp-content\/uploads\/2025\/09\/SDUAmbiental-III-300x200.jpeg 300w\" sizes=\"auto, (max-width: 640px) 100vw, 640px\" \/> <img loading=\"lazy\" decoding=\"async\" class=\"aligncenter size-full wp-image-179009\" src=\"https:\/\/www.buroperiodistico.com.mx\/wp-content\/uploads\/2025\/09\/SDUAmbiental-II.jpeg\" alt=\"\" width=\"640\" height=\"427\" srcset=\"https:\/\/www.buroperiodistico.com.mx\/wp-content\/uploads\/2025\/09\/SDUAmbiental-II.jpeg 640w, https:\/\/www.buroperiodistico.com.mx\/wp-content\/uploads\/2025\/09\/SDUAmbiental-II-300x200.jpeg 300w\" sizes=\"auto, (max-width: 640px) 100vw, 640px\" \/><\/p>\n","protected":false},"excerpt":{"rendered":"<p>Con la entrega de 255 \u00e1rboles y 26 contenedores a 12 escuelas del municipio de&#8230;<\/p>\n","protected":false},"author":1,"featured_media":179012,"comment_status":"closed","ping_status":"closed","sticky":false,"template":"","format":"standard","meta":{"footnotes":"","jetpack_publicize_message":"","jetpack_publicize_feature_enabled":true,"jetpack_social_post_already_shared":true,"jetpack_social_options":{"image_generator_settings":{"template":"highway","default_image_id":0,"font":"","enabled":false},"version":2}},"categories":[10],"tags":[],"class_list":["post-179007","post","type-post","status-publish","format-standard","has-post-thumbnail","hentry","category-tamaulipas"],"jetpack_publicize_connections":[],"_links":{"self":[{"href":"https:\/\/www.buroperiodistico.com.mx\/index.php?rest_route=\/wp\/v2\/posts\/179007","targetHints":{"allow":["GET"]}}],"collection":[{"href":"https:\/\/www.buroperiodistico.com.mx\/index.php?rest_route=\/wp\/v2\/posts"}],"about":[{"href":"https:\/\/www.buroperiodistico.com.mx\/index.php?rest_route=\/wp\/v2\/types\/post"}],"author":[{"embeddable":true,"href":"https:\/\/www.buroperiodistico.com.mx\/index.php?rest_route=\/wp\/v2\/users\/1"}],"replies":[{"embeddable":true,"href":"https:\/\/www.buroperiodistico.com.mx\/index.php?rest_route=%2Fwp%2Fv2%2Fcomments&post=179007"}],"version-history":[{"count":0,"href":"https:\/\/www.buroperiodistico.com.mx\/index.php?rest_route=\/wp\/v2\/posts\/179007\/revisions"}],"wp:featuredmedia":[{"embeddable":true,"href":"https:\/\/www.buroperiodistico.com.mx\/index.php?rest_route=\/wp\/v2\/media\/179012"}],"wp:attachment":[{"href":"https:\/\/www.buroperiodistico.com.mx\/index.php?rest_route=%2Fwp%2Fv2%2Fmedia&parent=179007"}],"wp:term":[{"taxonomy":"category","embeddable":true,"href":"https:\/\/www.buroperiodistico.com.mx\/index.php?rest_route=%2Fwp%2Fv2%2Fcategories&post=179007"},{"taxonomy":"post_tag","embeddable":true,"href":"https:\/\/www.buroperiodistico.com.mx\/index.php?rest_route=%2Fwp%2Fv2%2Ftags&post=179007"}],"curies":[{"name":"wp","href":"https:\/\/api.w.org\/{rel}","templated":true}]}}