{"id":179000,"date":"2025-09-20T13:35:18","date_gmt":"2025-09-20T18:35:18","guid":{"rendered":"https:\/\/www.buroperiodistico.com.mx\/?p=179000"},"modified":"2025-09-20T13:35:18","modified_gmt":"2025-09-20T18:35:18","slug":"impulsa-gobierno-de-americo-comunidades-rurales-de-san-nicolas","status":"publish","type":"post","link":"https:\/\/www.buroperiodistico.com.mx\/?p=179000","title":{"rendered":"Impulsa gobierno de Am\u00e9rico comunidades rurales de San Nicol\u00e1s"},"content":{"rendered":"<p><em><strong><img loading=\"lazy\" decoding=\"async\" class=\" wp-image-179005 alignright\" src=\"https:\/\/www.buroperiodistico.com.mx\/wp-content\/uploads\/2025\/09\/SOPrurales.jpeg\" alt=\"\" width=\"500\" height=\"280\" srcset=\"https:\/\/www.buroperiodistico.com.mx\/wp-content\/uploads\/2025\/09\/SOPrurales.jpeg 1024w, https:\/\/www.buroperiodistico.com.mx\/wp-content\/uploads\/2025\/09\/SOPrurales-300x168.jpeg 300w, https:\/\/www.buroperiodistico.com.mx\/wp-content\/uploads\/2025\/09\/SOPrurales-768x430.jpeg 768w\" sizes=\"auto, (max-width: 500px) 100vw, 500px\" \/>San Nicol\u00e1s, Tamaulipas (20-Septiembre-2025).-<\/strong><\/em> Con el objetivo de mejorar la conectividad en las zonas ejidales del municipio de San Nicol\u00e1s, el gobierno de Am\u00e9rico Villarreal Anaya, mediante la Secretar\u00eda de Obras P\u00fablicas (SOP) lleva a cabo trabajos de conservaci\u00f3n y rehabilitaci\u00f3n de caminos vecinales en este 2025, destinando una inversi\u00f3n de 7 millones, 277 mil 414 pesos.<\/p>\n<p>El titular de la dependencia estatal, Pedro Cepeda Anaya mencion\u00f3 que el personal de la SOP, realiza la restauraci\u00f3n en el tramo de San Carlos a San Nicol\u00e1s rehabilitando los caminos rurales para tener acceso a los ejidos; San Nicol\u00e1s, Flechadores, Las \u00c1nimas y Carricitos.<\/p>\n<p>Destac\u00f3 que ejecutan labores en el camino del entronque carretero, San Carlos-San Nicol\u00e1s del kil\u00f3metro 26 \u2013 ejido Las V\u00edrgenes, compactando y refinando la superficie de rodamiento, as\u00ed como la limpieza de cunetas.<\/p>\n<p>El secretario subray\u00f3 que, la actual administraci\u00f3n estatal trabaja para mejorar la conectividad en las zonas rurales, adem\u00e1s de facilitar el acceso a servicios esenciales para la poblaci\u00f3n de esta regi\u00f3n de Tamaulipas.<\/p>\n<p><img loading=\"lazy\" decoding=\"async\" class=\"aligncenter size-full wp-image-179001\" src=\"https:\/\/www.buroperiodistico.com.mx\/wp-content\/uploads\/2025\/09\/SOPrurales-I.jpeg\" alt=\"\" width=\"640\" height=\"426\" srcset=\"https:\/\/www.buroperiodistico.com.mx\/wp-content\/uploads\/2025\/09\/SOPrurales-I.jpeg 640w, https:\/\/www.buroperiodistico.com.mx\/wp-content\/uploads\/2025\/09\/SOPrurales-I-300x200.jpeg 300w\" sizes=\"auto, (max-width: 640px) 100vw, 640px\" \/> <img loading=\"lazy\" decoding=\"async\" class=\"aligncenter size-full wp-image-179004\" src=\"https:\/\/www.buroperiodistico.com.mx\/wp-content\/uploads\/2025\/09\/SOPrurales-IIII.jpeg\" alt=\"\" width=\"640\" height=\"429\" srcset=\"https:\/\/www.buroperiodistico.com.mx\/wp-content\/uploads\/2025\/09\/SOPrurales-IIII.jpeg 640w, https:\/\/www.buroperiodistico.com.mx\/wp-content\/uploads\/2025\/09\/SOPrurales-IIII-300x201.jpeg 300w\" sizes=\"auto, (max-width: 640px) 100vw, 640px\" \/> <img loading=\"lazy\" decoding=\"async\" class=\"aligncenter size-full wp-image-179003\" src=\"https:\/\/www.buroperiodistico.com.mx\/wp-content\/uploads\/2025\/09\/SOPrurales-III.jpeg\" alt=\"\" width=\"640\" height=\"422\" srcset=\"https:\/\/www.buroperiodistico.com.mx\/wp-content\/uploads\/2025\/09\/SOPrurales-III.jpeg 640w, https:\/\/www.buroperiodistico.com.mx\/wp-content\/uploads\/2025\/09\/SOPrurales-III-300x198.jpeg 300w\" sizes=\"auto, (max-width: 640px) 100vw, 640px\" \/> <img loading=\"lazy\" decoding=\"async\" class=\"aligncenter size-full wp-image-179002\" src=\"https:\/\/www.buroperiodistico.com.mx\/wp-content\/uploads\/2025\/09\/SOPrurales-II.jpeg\" alt=\"\" width=\"640\" height=\"425\" srcset=\"https:\/\/www.buroperiodistico.com.mx\/wp-content\/uploads\/2025\/09\/SOPrurales-II.jpeg 640w, https:\/\/www.buroperiodistico.com.mx\/wp-content\/uploads\/2025\/09\/SOPrurales-II-300x199.jpeg 300w\" sizes=\"auto, (max-width: 640px) 100vw, 640px\" \/><\/p>\n","protected":false},"excerpt":{"rendered":"<p>San Nicol\u00e1s, Tamaulipas (20-Septiembre-2025).- Con el objetivo de mejorar la conectividad en las zonas ejidales&#8230;<\/p>\n","protected":false},"author":1,"featured_media":179005,"comment_status":"closed","ping_status":"closed","sticky":false,"template":"","format":"standard","meta":{"footnotes":"","jetpack_publicize_message":"","jetpack_publicize_feature_enabled":true,"jetpack_social_post_already_shared":true,"jetpack_social_options":{"image_generator_settings":{"template":"highway","default_image_id":0,"font":"","enabled":false},"version":2}},"categories":[10],"tags":[],"class_list":["post-179000","post","type-post","status-publish","format-standard","has-post-thumbnail","hentry","category-tamaulipas"],"jetpack_publicize_connections":[],"_links":{"self":[{"href":"https:\/\/www.buroperiodistico.com.mx\/index.php?rest_route=\/wp\/v2\/posts\/179000","targetHints":{"allow":["GET"]}}],"collection":[{"href":"https:\/\/www.buroperiodistico.com.mx\/index.php?rest_route=\/wp\/v2\/posts"}],"about":[{"href":"https:\/\/www.buroperiodistico.com.mx\/index.php?rest_route=\/wp\/v2\/types\/post"}],"author":[{"embeddable":true,"href":"https:\/\/www.buroperiodistico.com.mx\/index.php?rest_route=\/wp\/v2\/users\/1"}],"replies":[{"embeddable":true,"href":"https:\/\/www.buroperiodistico.com.mx\/index.php?rest_route=%2Fwp%2Fv2%2Fcomments&post=179000"}],"version-history":[{"count":0,"href":"https:\/\/www.buroperiodistico.com.mx\/index.php?rest_route=\/wp\/v2\/posts\/179000\/revisions"}],"wp:featuredmedia":[{"embeddable":true,"href":"https:\/\/www.buroperiodistico.com.mx\/index.php?rest_route=\/wp\/v2\/media\/179005"}],"wp:attachment":[{"href":"https:\/\/www.buroperiodistico.com.mx\/index.php?rest_route=%2Fwp%2Fv2%2Fmedia&parent=179000"}],"wp:term":[{"taxonomy":"category","embeddable":true,"href":"https:\/\/www.buroperiodistico.com.mx\/index.php?rest_route=%2Fwp%2Fv2%2Fcategories&post=179000"},{"taxonomy":"post_tag","embeddable":true,"href":"https:\/\/www.buroperiodistico.com.mx\/index.php?rest_route=%2Fwp%2Fv2%2Ftags&post=179000"}],"curies":[{"name":"wp","href":"https:\/\/api.w.org\/{rel}","templated":true}]}}