{"id":178994,"date":"2025-09-20T13:29:02","date_gmt":"2025-09-20T18:29:02","guid":{"rendered":"https:\/\/www.buroperiodistico.com.mx\/?p=178994"},"modified":"2025-09-20T13:29:02","modified_gmt":"2025-09-20T18:29:02","slug":"refuerza-idpet-acceso-a-la-justicia-con-jornada-de-visitas-carcelarias-en-matamoros","status":"publish","type":"post","link":"https:\/\/www.buroperiodistico.com.mx\/?p=178994","title":{"rendered":"Refuerza IDPET acceso a la justicia con jornada de visitas carcelarias en Matamoros"},"content":{"rendered":"<p><em><strong><img loading=\"lazy\" decoding=\"async\" class=\" wp-image-178998 alignright\" src=\"https:\/\/www.buroperiodistico.com.mx\/wp-content\/uploads\/2025\/09\/SGGMatamoros-1.jpeg\" alt=\"\" width=\"498\" height=\"299\" srcset=\"https:\/\/www.buroperiodistico.com.mx\/wp-content\/uploads\/2025\/09\/SGGMatamoros-1.jpeg 1024w, https:\/\/www.buroperiodistico.com.mx\/wp-content\/uploads\/2025\/09\/SGGMatamoros-1-300x180.jpeg 300w, https:\/\/www.buroperiodistico.com.mx\/wp-content\/uploads\/2025\/09\/SGGMatamoros-1-768x461.jpeg 768w\" sizes=\"auto, (max-width: 498px) 100vw, 498px\" \/>Matamoros, Tamaulipas (20-Septiembre-2025).-<\/strong><\/em> El Instituto de Defensor\u00eda P\u00fablica del Estado de Tamaulipas, llev\u00f3 a cabo una jornada de visitas carcelarias en el Centro de Ejecuci\u00f3n de Sanciones (CEDES) de Matamoros, reafirmando su compromiso institucional con la protecci\u00f3n de los derechos humanos y la garant\u00eda del derecho a una defensa adecuada para las personas privadas de la libertad (PPLs).<\/p>\n<p>Durante esta jornada, personal del IDPET brind\u00f3 atenci\u00f3n jur\u00eddica directa a un total de 44 personas internas en dicho centro penitenciario, de las cuales 3 fueron mujeres y 41 hombres. Esta intervenci\u00f3n tuvo como prop\u00f3sito principal verificar que las personas cuenten con representaci\u00f3n legal efectiva, as\u00ed como identificar y atender posibles situaciones de vulneraci\u00f3n de derechos, garantizando as\u00ed el acceso pleno a la justicia.<\/p>\n<p>La directora general del instituto, Roxana Guerrero Galv\u00e1n, encabez\u00f3 esta jornada de trabajo y destac\u00f3 la importancia de mantener una presencia activa en los centros penitenciarios como parte del fortalecimiento del sistema de justicia penal en la entidad.<\/p>\n<p>\u201cNuestro objetivo es que todas y todos tengan acceso a una defensa justa, digna y profesional, sin importar su condici\u00f3n legal. La defensa p\u00fablica no s\u00f3lo es un derecho, sino tambi\u00e9n una herramienta fundamental para garantizar la equidad y la justicia en nuestra sociedad. Este trabajo lo realizamos con plena convicci\u00f3n y en apego a la visi\u00f3n humanista del gobernador Am\u00e9rico Villarreal Anaya, quien ha sido un firme impulsor de pol\u00edticas p\u00fablicas enfocadas en los derechos humanos y el acceso a la justicia para todos los tamaulipecos\u201d, expres\u00f3 la funcionaria.<\/p>\n<p>Asimismo, Guerrero Galv\u00e1n enfatiz\u00f3 que estas visitas forman parte de una pol\u00edtica p\u00fablica de atenci\u00f3n continua a las personas en reclusi\u00f3n, con la finalidad de promover un trato humano y garantizar el debido proceso en cada caso.<\/p>\n<p><img loading=\"lazy\" decoding=\"async\" class=\"aligncenter size-full wp-image-178995\" src=\"https:\/\/www.buroperiodistico.com.mx\/wp-content\/uploads\/2025\/09\/SGGMatamoros-I-1.jpeg\" alt=\"\" width=\"640\" height=\"426\" srcset=\"https:\/\/www.buroperiodistico.com.mx\/wp-content\/uploads\/2025\/09\/SGGMatamoros-I-1.jpeg 640w, https:\/\/www.buroperiodistico.com.mx\/wp-content\/uploads\/2025\/09\/SGGMatamoros-I-1-300x200.jpeg 300w\" sizes=\"auto, (max-width: 640px) 100vw, 640px\" \/> <img loading=\"lazy\" decoding=\"async\" class=\"aligncenter size-full wp-image-178997\" src=\"https:\/\/www.buroperiodistico.com.mx\/wp-content\/uploads\/2025\/09\/SGGMatamoros-III-1.jpeg\" alt=\"\" width=\"640\" height=\"426\" srcset=\"https:\/\/www.buroperiodistico.com.mx\/wp-content\/uploads\/2025\/09\/SGGMatamoros-III-1.jpeg 640w, https:\/\/www.buroperiodistico.com.mx\/wp-content\/uploads\/2025\/09\/SGGMatamoros-III-1-300x200.jpeg 300w\" sizes=\"auto, (max-width: 640px) 100vw, 640px\" \/> <img loading=\"lazy\" decoding=\"async\" class=\"aligncenter size-full wp-image-178996\" src=\"https:\/\/www.buroperiodistico.com.mx\/wp-content\/uploads\/2025\/09\/SGGMatamoros-II-1.jpeg\" alt=\"\" width=\"640\" height=\"426\" srcset=\"https:\/\/www.buroperiodistico.com.mx\/wp-content\/uploads\/2025\/09\/SGGMatamoros-II-1.jpeg 640w, https:\/\/www.buroperiodistico.com.mx\/wp-content\/uploads\/2025\/09\/SGGMatamoros-II-1-300x200.jpeg 300w\" sizes=\"auto, (max-width: 640px) 100vw, 640px\" \/><\/p>\n","protected":false},"excerpt":{"rendered":"<p>Matamoros, Tamaulipas (20-Septiembre-2025).- El Instituto de Defensor\u00eda P\u00fablica del Estado de Tamaulipas, llev\u00f3 a cabo&#8230;<\/p>\n","protected":false},"author":1,"featured_media":178998,"comment_status":"closed","ping_status":"closed","sticky":false,"template":"","format":"standard","meta":{"footnotes":"","jetpack_publicize_message":"","jetpack_publicize_feature_enabled":true,"jetpack_social_post_already_shared":true,"jetpack_social_options":{"image_generator_settings":{"template":"highway","default_image_id":0,"font":"","enabled":false},"version":2}},"categories":[10],"tags":[],"class_list":["post-178994","post","type-post","status-publish","format-standard","has-post-thumbnail","hentry","category-tamaulipas"],"jetpack_publicize_connections":[],"_links":{"self":[{"href":"https:\/\/www.buroperiodistico.com.mx\/index.php?rest_route=\/wp\/v2\/posts\/178994","targetHints":{"allow":["GET"]}}],"collection":[{"href":"https:\/\/www.buroperiodistico.com.mx\/index.php?rest_route=\/wp\/v2\/posts"}],"about":[{"href":"https:\/\/www.buroperiodistico.com.mx\/index.php?rest_route=\/wp\/v2\/types\/post"}],"author":[{"embeddable":true,"href":"https:\/\/www.buroperiodistico.com.mx\/index.php?rest_route=\/wp\/v2\/users\/1"}],"replies":[{"embeddable":true,"href":"https:\/\/www.buroperiodistico.com.mx\/index.php?rest_route=%2Fwp%2Fv2%2Fcomments&post=178994"}],"version-history":[{"count":0,"href":"https:\/\/www.buroperiodistico.com.mx\/index.php?rest_route=\/wp\/v2\/posts\/178994\/revisions"}],"wp:featuredmedia":[{"embeddable":true,"href":"https:\/\/www.buroperiodistico.com.mx\/index.php?rest_route=\/wp\/v2\/media\/178998"}],"wp:attachment":[{"href":"https:\/\/www.buroperiodistico.com.mx\/index.php?rest_route=%2Fwp%2Fv2%2Fmedia&parent=178994"}],"wp:term":[{"taxonomy":"category","embeddable":true,"href":"https:\/\/www.buroperiodistico.com.mx\/index.php?rest_route=%2Fwp%2Fv2%2Fcategories&post=178994"},{"taxonomy":"post_tag","embeddable":true,"href":"https:\/\/www.buroperiodistico.com.mx\/index.php?rest_route=%2Fwp%2Fv2%2Ftags&post=178994"}],"curies":[{"name":"wp","href":"https:\/\/api.w.org\/{rel}","templated":true}]}}