{"id":176169,"date":"2025-09-01T20:46:54","date_gmt":"2025-09-02T01:46:54","guid":{"rendered":"https:\/\/www.buroperiodistico.com.mx\/?p=176169"},"modified":"2025-09-01T20:46:54","modified_gmt":"2025-09-02T01:46:54","slug":"propone-cabildo-de-reynosa-actualizacion-de-tabla-de-valores-catastrales","status":"publish","type":"post","link":"https:\/\/www.buroperiodistico.com.mx\/?p=176169","title":{"rendered":"Propone Cabildo de Reynosa actualizaci\u00f3n de tabla de valores catastrales"},"content":{"rendered":"<p><em><strong>Reynosa, Tam (1-Septiembre-2025).-<\/strong><\/em> El Cabildo de Reynosa llev\u00f3 a cabo su XLVIII, Cuadrag\u00e9sima Octava Sesi\u00f3n, celebrada con car\u00e1cter de Ordinaria, en la cual la Comisi\u00f3n de Hacienda, Presupuesto y Gasto P\u00fablico present\u00f3 para su an\u00e1lisis y discusi\u00f3n un Dictamen que tras su votaci\u00f3n local ser\u00e1 enviada al Congreso del Estado.<\/p>\n<p>La propuesta fue referente a la autorizaci\u00f3n de una actualizaci\u00f3n para la tabla de valores catastrales para el ejercicio 2026, a la cual los S\u00edndicos y Regidores dieron su voto un\u00e1nime, este lunes 1 de septiembre del 2025.<\/p>\n<p><img loading=\"lazy\" decoding=\"async\" class=\"aligncenter  wp-image-176171\" src=\"https:\/\/www.buroperiodistico.com.mx\/wp-content\/uploads\/2025\/09\/Propex.jpeg\" alt=\"\" width=\"673\" height=\"403\" srcset=\"https:\/\/www.buroperiodistico.com.mx\/wp-content\/uploads\/2025\/09\/Propex.jpeg 1024w, https:\/\/www.buroperiodistico.com.mx\/wp-content\/uploads\/2025\/09\/Propex-300x180.jpeg 300w, https:\/\/www.buroperiodistico.com.mx\/wp-content\/uploads\/2025\/09\/Propex-768x460.jpeg 768w\" sizes=\"auto, (max-width: 673px) 100vw, 673px\" \/> <img loading=\"lazy\" decoding=\"async\" class=\"aligncenter size-full wp-image-176170\" src=\"https:\/\/www.buroperiodistico.com.mx\/wp-content\/uploads\/2025\/09\/Propex-I.jpeg\" alt=\"\" width=\"640\" height=\"427\" srcset=\"https:\/\/www.buroperiodistico.com.mx\/wp-content\/uploads\/2025\/09\/Propex-I.jpeg 640w, https:\/\/www.buroperiodistico.com.mx\/wp-content\/uploads\/2025\/09\/Propex-I-300x200.jpeg 300w\" sizes=\"auto, (max-width: 640px) 100vw, 640px\" \/><\/p>\n","protected":false},"excerpt":{"rendered":"<p>Reynosa, Tam (1-Septiembre-2025).- El Cabildo de Reynosa llev\u00f3 a cabo su XLVIII, Cuadrag\u00e9sima Octava Sesi\u00f3n,&#8230;<\/p>\n","protected":false},"author":1,"featured_media":176171,"comment_status":"closed","ping_status":"closed","sticky":false,"template":"","format":"standard","meta":{"footnotes":"","jetpack_publicize_message":"","jetpack_publicize_feature_enabled":true,"jetpack_social_post_already_shared":true,"jetpack_social_options":{"image_generator_settings":{"template":"highway","default_image_id":0,"font":"","enabled":false},"version":2}},"categories":[9],"tags":[],"class_list":["post-176169","post","type-post","status-publish","format-standard","has-post-thumbnail","hentry","category-reynosa"],"jetpack_publicize_connections":[],"_links":{"self":[{"href":"https:\/\/www.buroperiodistico.com.mx\/index.php?rest_route=\/wp\/v2\/posts\/176169","targetHints":{"allow":["GET"]}}],"collection":[{"href":"https:\/\/www.buroperiodistico.com.mx\/index.php?rest_route=\/wp\/v2\/posts"}],"about":[{"href":"https:\/\/www.buroperiodistico.com.mx\/index.php?rest_route=\/wp\/v2\/types\/post"}],"author":[{"embeddable":true,"href":"https:\/\/www.buroperiodistico.com.mx\/index.php?rest_route=\/wp\/v2\/users\/1"}],"replies":[{"embeddable":true,"href":"https:\/\/www.buroperiodistico.com.mx\/index.php?rest_route=%2Fwp%2Fv2%2Fcomments&post=176169"}],"version-history":[{"count":0,"href":"https:\/\/www.buroperiodistico.com.mx\/index.php?rest_route=\/wp\/v2\/posts\/176169\/revisions"}],"wp:featuredmedia":[{"embeddable":true,"href":"https:\/\/www.buroperiodistico.com.mx\/index.php?rest_route=\/wp\/v2\/media\/176171"}],"wp:attachment":[{"href":"https:\/\/www.buroperiodistico.com.mx\/index.php?rest_route=%2Fwp%2Fv2%2Fmedia&parent=176169"}],"wp:term":[{"taxonomy":"category","embeddable":true,"href":"https:\/\/www.buroperiodistico.com.mx\/index.php?rest_route=%2Fwp%2Fv2%2Fcategories&post=176169"},{"taxonomy":"post_tag","embeddable":true,"href":"https:\/\/www.buroperiodistico.com.mx\/index.php?rest_route=%2Fwp%2Fv2%2Ftags&post=176169"}],"curies":[{"name":"wp","href":"https:\/\/api.w.org\/{rel}","templated":true}]}}