{"id":176162,"date":"2025-09-01T20:07:26","date_gmt":"2025-09-02T01:07:26","guid":{"rendered":"https:\/\/www.buroperiodistico.com.mx\/?p=176162"},"modified":"2025-09-01T20:07:26","modified_gmt":"2025-09-02T01:07:26","slug":"mas-de-mil-400-alumnos-entre-estudiantes-y-cadetes-usjt-supera-expectativas-de-matricula-para-el-ciclo-escolar-2025-2026","status":"publish","type":"post","link":"https:\/\/www.buroperiodistico.com.mx\/?p=176162","title":{"rendered":"M\u00e1s de mil 400 alumnos, entre estudiantes y cadetes; USJT supera expectativas de matr\u00edcula para el ciclo escolar 2025-2026"},"content":{"rendered":"<ul>\n<li><strong><em>El impulso a la educaci\u00f3n superior por parte del gobernador Am\u00e9rico Villarreal brinda la confianza de los alumnos y sus familias en esta instituci\u00f3n formadora de profesionales de la seguridad y procuraci\u00f3n de justicia<\/em><\/strong><\/li>\n<\/ul>\n<p><strong><img loading=\"lazy\" decoding=\"async\" class=\" wp-image-176167 alignright\" src=\"https:\/\/www.buroperiodistico.com.mx\/wp-content\/uploads\/2025\/09\/USJescolar.jpeg\" alt=\"\" width=\"513\" height=\"338\" srcset=\"https:\/\/www.buroperiodistico.com.mx\/wp-content\/uploads\/2025\/09\/USJescolar.jpeg 1024w, https:\/\/www.buroperiodistico.com.mx\/wp-content\/uploads\/2025\/09\/USJescolar-300x198.jpeg 300w, https:\/\/www.buroperiodistico.com.mx\/wp-content\/uploads\/2025\/09\/USJescolar-768x506.jpeg 768w, https:\/\/www.buroperiodistico.com.mx\/wp-content\/uploads\/2025\/09\/USJescolar-720x475.jpeg 720w\" sizes=\"auto, (max-width: 513px) 100vw, 513px\" \/>Ciudad Victoria, Tamaulipas (1-Septiembre-2025).-<\/strong> La Universidad de Seguridad y Justicia de Tamaulipas (USJT), logr\u00f3 superar sus metas, al registrar una matr\u00edcula de 977 alumnos en sus cuatro licenciaturas y maestr\u00edas para el periodo 2025-2026, lo cual refleja la confianza en esta instituci\u00f3n que forma profesionales en seguridad p\u00fablica y procuraci\u00f3n de justicia, mencion\u00f3 el rector Jorge Lumbreras Castro.<\/p>\n<p>Al presidir el inicio del ciclo escolar, en compa\u00f1\u00eda del personal directivo, catedr\u00e1ticos y personal de apoyo, el rector destac\u00f3 el impulso del ejecutivo estatal a la educaci\u00f3n superior.<\/p>\n<p>\u201cLa visi\u00f3n del se\u00f1or gobernador Am\u00e9rico Villarreal Anaya de impulsar una universidad para la seguridad y justicia en el estado, hoy se expresa en cuatro licenciaturas que ofrecen a las y los j\u00f3venes de Tamaulipas una opci\u00f3n de desarrollo profesional y un proyecto de vida\u201d, dijo Lumbreras Castro.<\/p>\n<p>Tambi\u00e9n 426 elementos en formaci\u00f3n inicial y continua reciben diversos cursos, con una visi\u00f3n profesionalizante, una nueva seguridad p\u00fablica y procuraci\u00f3n de justicia que avanza bajo una vocaci\u00f3n transformadora para mejorar, para servir y proteger a las familias y las comunidades de nuestro estado.<\/p>\n<p>\u201cPara todas y todos debe ser un privilegio estar en esta universidad que con los recursos del pueblo de Tamaulipas les abre sus puertas y les brinda una educaci\u00f3n de calidad con excelentes profesores, con adiestramiento f\u00edsico, con principios y con valores\u201d.<\/p>\n<p>El rector dijo que la USJT cuenta con una extraordinaria infraestructura, avances tecnol\u00f3gicos y muy buenos profesores e instructores con formaci\u00f3n acad\u00e9mica y pedag\u00f3gica, as\u00ed como personal directivo que tiene la encomienda de servir a las y los estudiantes.<\/p>\n<p><img loading=\"lazy\" decoding=\"async\" class=\"aligncenter size-full wp-image-176163\" src=\"https:\/\/www.buroperiodistico.com.mx\/wp-content\/uploads\/2025\/09\/USJescolar-I.jpeg\" alt=\"\" width=\"640\" height=\"480\" srcset=\"https:\/\/www.buroperiodistico.com.mx\/wp-content\/uploads\/2025\/09\/USJescolar-I.jpeg 640w, https:\/\/www.buroperiodistico.com.mx\/wp-content\/uploads\/2025\/09\/USJescolar-I-300x225.jpeg 300w\" sizes=\"auto, (max-width: 640px) 100vw, 640px\" \/> <img loading=\"lazy\" decoding=\"async\" class=\"aligncenter size-full wp-image-176166\" src=\"https:\/\/www.buroperiodistico.com.mx\/wp-content\/uploads\/2025\/09\/USJescolar-IIII.jpeg\" alt=\"\" width=\"640\" height=\"480\" srcset=\"https:\/\/www.buroperiodistico.com.mx\/wp-content\/uploads\/2025\/09\/USJescolar-IIII.jpeg 640w, https:\/\/www.buroperiodistico.com.mx\/wp-content\/uploads\/2025\/09\/USJescolar-IIII-300x225.jpeg 300w\" sizes=\"auto, (max-width: 640px) 100vw, 640px\" \/> <img loading=\"lazy\" decoding=\"async\" class=\"aligncenter size-full wp-image-176165\" src=\"https:\/\/www.buroperiodistico.com.mx\/wp-content\/uploads\/2025\/09\/USJescolar-III.jpeg\" alt=\"\" width=\"640\" height=\"480\" srcset=\"https:\/\/www.buroperiodistico.com.mx\/wp-content\/uploads\/2025\/09\/USJescolar-III.jpeg 640w, https:\/\/www.buroperiodistico.com.mx\/wp-content\/uploads\/2025\/09\/USJescolar-III-300x225.jpeg 300w\" sizes=\"auto, (max-width: 640px) 100vw, 640px\" \/> <img loading=\"lazy\" decoding=\"async\" class=\"aligncenter size-full wp-image-176164\" src=\"https:\/\/www.buroperiodistico.com.mx\/wp-content\/uploads\/2025\/09\/USJescolar-II.jpeg\" alt=\"\" width=\"640\" height=\"480\" srcset=\"https:\/\/www.buroperiodistico.com.mx\/wp-content\/uploads\/2025\/09\/USJescolar-II.jpeg 640w, https:\/\/www.buroperiodistico.com.mx\/wp-content\/uploads\/2025\/09\/USJescolar-II-300x225.jpeg 300w\" sizes=\"auto, (max-width: 640px) 100vw, 640px\" \/><\/p>\n","protected":false},"excerpt":{"rendered":"<p>El impulso a la educaci\u00f3n superior por parte del gobernador Am\u00e9rico Villarreal brinda la confianza&#8230;<\/p>\n","protected":false},"author":1,"featured_media":176167,"comment_status":"closed","ping_status":"closed","sticky":false,"template":"","format":"standard","meta":{"footnotes":"","jetpack_publicize_message":"","jetpack_publicize_feature_enabled":true,"jetpack_social_post_already_shared":true,"jetpack_social_options":{"image_generator_settings":{"template":"highway","default_image_id":0,"font":"","enabled":false},"version":2}},"categories":[10],"tags":[],"class_list":["post-176162","post","type-post","status-publish","format-standard","has-post-thumbnail","hentry","category-tamaulipas"],"jetpack_publicize_connections":[],"_links":{"self":[{"href":"https:\/\/www.buroperiodistico.com.mx\/index.php?rest_route=\/wp\/v2\/posts\/176162","targetHints":{"allow":["GET"]}}],"collection":[{"href":"https:\/\/www.buroperiodistico.com.mx\/index.php?rest_route=\/wp\/v2\/posts"}],"about":[{"href":"https:\/\/www.buroperiodistico.com.mx\/index.php?rest_route=\/wp\/v2\/types\/post"}],"author":[{"embeddable":true,"href":"https:\/\/www.buroperiodistico.com.mx\/index.php?rest_route=\/wp\/v2\/users\/1"}],"replies":[{"embeddable":true,"href":"https:\/\/www.buroperiodistico.com.mx\/index.php?rest_route=%2Fwp%2Fv2%2Fcomments&post=176162"}],"version-history":[{"count":0,"href":"https:\/\/www.buroperiodistico.com.mx\/index.php?rest_route=\/wp\/v2\/posts\/176162\/revisions"}],"wp:featuredmedia":[{"embeddable":true,"href":"https:\/\/www.buroperiodistico.com.mx\/index.php?rest_route=\/wp\/v2\/media\/176167"}],"wp:attachment":[{"href":"https:\/\/www.buroperiodistico.com.mx\/index.php?rest_route=%2Fwp%2Fv2%2Fmedia&parent=176162"}],"wp:term":[{"taxonomy":"category","embeddable":true,"href":"https:\/\/www.buroperiodistico.com.mx\/index.php?rest_route=%2Fwp%2Fv2%2Fcategories&post=176162"},{"taxonomy":"post_tag","embeddable":true,"href":"https:\/\/www.buroperiodistico.com.mx\/index.php?rest_route=%2Fwp%2Fv2%2Ftags&post=176162"}],"curies":[{"name":"wp","href":"https:\/\/api.w.org\/{rel}","templated":true}]}}