{"id":176155,"date":"2025-09-01T20:01:26","date_gmt":"2025-09-02T01:01:26","guid":{"rendered":"https:\/\/www.buroperiodistico.com.mx\/?p=176155"},"modified":"2025-09-01T20:01:26","modified_gmt":"2025-09-02T01:01:26","slug":"inaugura-titular-de-la-secretaria-de-recursos-hidraulicos-ciclo-escolar-2025-2026-en-tampico","status":"publish","type":"post","link":"https:\/\/www.buroperiodistico.com.mx\/?p=176155","title":{"rendered":"Inaugura titular de la Secretar\u00eda de Recursos Hidr\u00e1ulicos ciclo escolar 2025-2026 en Tampico"},"content":{"rendered":"<ul>\n<li><strong><em>Entregan \u00fatiles escolares y gel antibacterial<\/em><\/strong><\/li>\n<\/ul>\n<p><strong><img loading=\"lazy\" decoding=\"async\" class=\" wp-image-176160 alignright\" src=\"https:\/\/www.buroperiodistico.com.mx\/wp-content\/uploads\/2025\/09\/SRHTampico.jpeg\" alt=\"\" width=\"558\" height=\"338\" srcset=\"https:\/\/www.buroperiodistico.com.mx\/wp-content\/uploads\/2025\/09\/SRHTampico.jpeg 1024w, https:\/\/www.buroperiodistico.com.mx\/wp-content\/uploads\/2025\/09\/SRHTampico-300x182.jpeg 300w, https:\/\/www.buroperiodistico.com.mx\/wp-content\/uploads\/2025\/09\/SRHTampico-768x465.jpeg 768w\" sizes=\"auto, (max-width: 558px) 100vw, 558px\" \/>Tampico, Tamaulipas (1-Septiembre-2025).-<\/strong> Con el mensaje del gobernador Am\u00e9rico Villarreal Anaya a alumnos y maestros de realizar el m\u00e1ximo esfuerzo y dar todo por el aprendizaje, el secretario de Recursos Hidr\u00e1ulicos, Ra\u00fal Quiroga \u00c1lvarez, inaugur\u00f3, en representaci\u00f3n del mandatario estatal, el ciclo escolar 2025-2026 en la secundaria 8 Profr. Rigoberto Castillo Mireles de Tampico.<\/p>\n<p>En el evento, al que asisti\u00f3 la presidenta municipal de Tampico, M\u00f3nica Villarreal, dijo que en Tamaulipas se apuesta por una educaci\u00f3n que no solo transmita conocimientos, sino tambi\u00e9n que fomente valores, ense\u00f1e a los estudiantes a amar su tierra, comprender su historia y sentirse m\u00e1s que orgullosos de sus ra\u00edces.<\/p>\n<p>\u201cEl gobernador Am\u00e9rico Villarreal Anaya impulsa una educaci\u00f3n que contribuya al desarrollo individual y al mismo tiempo fortalezca el tejido familiar, el exhorto que les hago llegar a su nombre, es que cumplamos las expectativas dando todo por el aprovechamiento, aprendizaje y que la escuela sea un espacio para una vida feliz, plena y saludable\u201d expres\u00f3.<\/p>\n<p>Destac\u00f3 que junto a la presidenta de M\u00e9xico doctora Claudia Sheinbaum Pardo, a qui\u00e9n acompa\u00f1\u00f3 este 1 de septiembre a la entrega del Primer Informe de Gobierno del segundo piso de la Cuarta Transformaci\u00f3n, se apoya como nunca a ni\u00f1os y j\u00f3venes con becas y la entrega de 3.8 millones de libros de texto gratuitos.<\/p>\n<p>En ese contexto, resalt\u00f3 que el Gobierno de Tamaulipas destina recursos propios para dar m\u00e1s de medio mill\u00f3n de paquetes con \u00fatiles escolares a estudiantes de escuelas p\u00fablicas de educaci\u00f3n preescolar y b\u00e1sica; y este ciclo escolar que inicia se entregar\u00e1n 50 mil uniformes en municipios y regiones con carencias de los educandos.<\/p>\n<p>\u201cEstos apoyos representan mucho m\u00e1s que un beneficio econ\u00f3mico para las familias tamaulipecas, son un acto de justicia social y muestra del compromiso del gobierno de la transformaci\u00f3n que se preocupa por el bienestar de la ni\u00f1ez y juventud\u201d enfatiz\u00f3 Quiroga \u00c1lvarez en la ceremonia donde entreg\u00f3 gel antibacterial para proteger la salud de alumnos y docentes.<\/p>\n<p><img loading=\"lazy\" decoding=\"async\" class=\"aligncenter size-full wp-image-176156\" src=\"https:\/\/www.buroperiodistico.com.mx\/wp-content\/uploads\/2025\/09\/SRHTampico-I.jpeg\" alt=\"\" width=\"640\" height=\"425\" srcset=\"https:\/\/www.buroperiodistico.com.mx\/wp-content\/uploads\/2025\/09\/SRHTampico-I.jpeg 640w, https:\/\/www.buroperiodistico.com.mx\/wp-content\/uploads\/2025\/09\/SRHTampico-I-300x199.jpeg 300w\" sizes=\"auto, (max-width: 640px) 100vw, 640px\" \/> <img loading=\"lazy\" decoding=\"async\" class=\"aligncenter size-full wp-image-176159\" src=\"https:\/\/www.buroperiodistico.com.mx\/wp-content\/uploads\/2025\/09\/SRHTampico-IIII.jpeg\" alt=\"\" width=\"640\" height=\"425\" srcset=\"https:\/\/www.buroperiodistico.com.mx\/wp-content\/uploads\/2025\/09\/SRHTampico-IIII.jpeg 640w, https:\/\/www.buroperiodistico.com.mx\/wp-content\/uploads\/2025\/09\/SRHTampico-IIII-300x199.jpeg 300w\" sizes=\"auto, (max-width: 640px) 100vw, 640px\" \/> <img loading=\"lazy\" decoding=\"async\" class=\"aligncenter size-full wp-image-176158\" src=\"https:\/\/www.buroperiodistico.com.mx\/wp-content\/uploads\/2025\/09\/SRHTampico-III.jpeg\" alt=\"\" width=\"640\" height=\"425\" srcset=\"https:\/\/www.buroperiodistico.com.mx\/wp-content\/uploads\/2025\/09\/SRHTampico-III.jpeg 640w, https:\/\/www.buroperiodistico.com.mx\/wp-content\/uploads\/2025\/09\/SRHTampico-III-300x199.jpeg 300w\" sizes=\"auto, (max-width: 640px) 100vw, 640px\" \/> <img loading=\"lazy\" decoding=\"async\" class=\"aligncenter size-full wp-image-176157\" src=\"https:\/\/www.buroperiodistico.com.mx\/wp-content\/uploads\/2025\/09\/SRHTampico-II.jpeg\" alt=\"\" width=\"640\" height=\"425\" srcset=\"https:\/\/www.buroperiodistico.com.mx\/wp-content\/uploads\/2025\/09\/SRHTampico-II.jpeg 640w, https:\/\/www.buroperiodistico.com.mx\/wp-content\/uploads\/2025\/09\/SRHTampico-II-300x199.jpeg 300w\" sizes=\"auto, (max-width: 640px) 100vw, 640px\" \/><\/p>\n","protected":false},"excerpt":{"rendered":"<p>Entregan \u00fatiles escolares y gel antibacterial Tampico, Tamaulipas (1-Septiembre-2025).- Con el mensaje del gobernador Am\u00e9rico&#8230;<\/p>\n","protected":false},"author":1,"featured_media":176160,"comment_status":"closed","ping_status":"closed","sticky":false,"template":"","format":"standard","meta":{"footnotes":"","jetpack_publicize_message":"","jetpack_publicize_feature_enabled":true,"jetpack_social_post_already_shared":true,"jetpack_social_options":{"image_generator_settings":{"template":"highway","default_image_id":0,"font":"","enabled":false},"version":2}},"categories":[10],"tags":[],"class_list":["post-176155","post","type-post","status-publish","format-standard","has-post-thumbnail","hentry","category-tamaulipas"],"jetpack_publicize_connections":[],"_links":{"self":[{"href":"https:\/\/www.buroperiodistico.com.mx\/index.php?rest_route=\/wp\/v2\/posts\/176155","targetHints":{"allow":["GET"]}}],"collection":[{"href":"https:\/\/www.buroperiodistico.com.mx\/index.php?rest_route=\/wp\/v2\/posts"}],"about":[{"href":"https:\/\/www.buroperiodistico.com.mx\/index.php?rest_route=\/wp\/v2\/types\/post"}],"author":[{"embeddable":true,"href":"https:\/\/www.buroperiodistico.com.mx\/index.php?rest_route=\/wp\/v2\/users\/1"}],"replies":[{"embeddable":true,"href":"https:\/\/www.buroperiodistico.com.mx\/index.php?rest_route=%2Fwp%2Fv2%2Fcomments&post=176155"}],"version-history":[{"count":0,"href":"https:\/\/www.buroperiodistico.com.mx\/index.php?rest_route=\/wp\/v2\/posts\/176155\/revisions"}],"wp:featuredmedia":[{"embeddable":true,"href":"https:\/\/www.buroperiodistico.com.mx\/index.php?rest_route=\/wp\/v2\/media\/176160"}],"wp:attachment":[{"href":"https:\/\/www.buroperiodistico.com.mx\/index.php?rest_route=%2Fwp%2Fv2%2Fmedia&parent=176155"}],"wp:term":[{"taxonomy":"category","embeddable":true,"href":"https:\/\/www.buroperiodistico.com.mx\/index.php?rest_route=%2Fwp%2Fv2%2Fcategories&post=176155"},{"taxonomy":"post_tag","embeddable":true,"href":"https:\/\/www.buroperiodistico.com.mx\/index.php?rest_route=%2Fwp%2Fv2%2Ftags&post=176155"}],"curies":[{"name":"wp","href":"https:\/\/api.w.org\/{rel}","templated":true}]}}