{"id":176147,"date":"2025-09-01T19:55:07","date_gmt":"2025-09-02T00:55:07","guid":{"rendered":"https:\/\/www.buroperiodistico.com.mx\/?p=176147"},"modified":"2025-09-01T19:55:07","modified_gmt":"2025-09-02T00:55:07","slug":"arranca-sebien-ciclo-escolar-en-xicotencatl","status":"publish","type":"post","link":"https:\/\/www.buroperiodistico.com.mx\/?p=176147","title":{"rendered":"Arranca SEBIEN ciclo escolar en Xicot\u00e9ncatl"},"content":{"rendered":"<p><em><strong><img loading=\"lazy\" decoding=\"async\" class=\" wp-image-176153 alignright\" src=\"https:\/\/www.buroperiodistico.com.mx\/wp-content\/uploads\/2025\/09\/SBSXicotencatl.jpeg\" alt=\"\" width=\"493\" height=\"305\" srcset=\"https:\/\/www.buroperiodistico.com.mx\/wp-content\/uploads\/2025\/09\/SBSXicotencatl.jpeg 1024w, https:\/\/www.buroperiodistico.com.mx\/wp-content\/uploads\/2025\/09\/SBSXicotencatl-300x186.jpeg 300w, https:\/\/www.buroperiodistico.com.mx\/wp-content\/uploads\/2025\/09\/SBSXicotencatl-768x476.jpeg 768w\" sizes=\"auto, (max-width: 493px) 100vw, 493px\" \/>Xicot\u00e9ncatl, Tamaulipas (1-Septiembre-2025).-<\/strong><\/em> Atendiendo la encomienda del gobernador Am\u00e9rico Villarreal Anaya, la secretaria de Bienestar Social, Silvia Casas Gonz\u00e1lez, puso en marcha el ciclo escolar 2025-2026 en la escuela primaria \u201cHermanos Flores Mag\u00f3n\u201d del municipio de Xicot\u00e9ncatl, en un evento c\u00edvico de patriotismo y entusiasmo.<\/p>\n<p>Ante autoridades civiles y de la comunidad educativa, al hacer uso de la palabra, Casas Gonz\u00e1lez transmiti\u00f3 el mensaje enviado por el gobernador Am\u00e9rico Villarreal a la comunidad escolar, especialmente a las ni\u00f1as y ni\u00f1os, para que realicen su m\u00e1ximo esfuerzo y den todo por el aprovechamiento y el aprendizaje, para hacer de ese plantel educativo el mejor espacio de una vida feliz, una vida saludable, plena de conocimientos y de una convivencia en armon\u00eda y paz.<\/p>\n<p>\u201cNuestro gobernador, el doctor Am\u00e9rico Villarreal Anaya, ha destacado que la educaci\u00f3n debe ser un derecho garantizado para todas y todos, sin distinciones ni barreras. Por ello, ha impulsado una visi\u00f3n humanista, y cada ciclo escolar va concretando los avances de la Nueva Escuela Mexicana, que establece la ruta de la mejor\u00eda permanente de la educaci\u00f3n que ustedes reciben\u201d, pronunci\u00f3.<\/p>\n<p>En este marco, destac\u00f3 la presencia del gobernador en Palacio Nacional, en el acto de entrega del Primer Informe de Gobierno de la presidenta Claudia Sheinbaum Pardo, y de estar al frente del segundo piso de la Cuarta Transformaci\u00f3n.<\/p>\n<p>Como parte de su mensaje, dijo que \u201cnuestro gobernador, el doctor Am\u00e9rico Villarreal Anaya, ha destacado que la educaci\u00f3n debe ser un derecho garantizado para todas y todos, sin distinciones ni barreras. Por ello, ha impulsado una visi\u00f3n humanista, y cada ciclo escolar va concretando los avances de la Nueva Escuela Mexicana, que establece la ruta de la mejor\u00eda permanente de la educaci\u00f3n que ustedes reciben\u201d.<\/p>\n<p>Tambi\u00e9n subray\u00f3 que, como nunca antes, se avanza en la universalizaci\u00f3n de las becas para todos, lo que representa un derecho para cada estudiante. \u201cEs una educaci\u00f3n que contribuye al desarrollo individual y, al mismo tiempo, fortalece el tejido familiar y de las comunidades\u201d, dijo y a\u00f1adi\u00f3 que esta sinergia entre Estado y Federaci\u00f3n permite atender las necesidades de quienes requieren un apoyo adicional para continuar su trayectoria escolar.<\/p>\n<p>Adem\u00e1s, dijo que se volvieron a entregar m\u00e1s de 3.8 millones de textos gratuitos mejorados, que son la principal herramienta de aprendizaje de las alumnas y los alumnos; asimismo, el gobierno de Tamaulipas destin\u00f3 recursos propios para entregar m\u00e1s de medio mill\u00f3n de paquetes con \u00fatiles escolares para cada uno de los estudiantes de escuelas p\u00fablicas de educaci\u00f3n preescolar y b\u00e1sica, con un criterio de equidad.<\/p>\n<p>En este ciclo escolar que inicia, subray\u00f3 Casas Gonz\u00e1lez, tambi\u00e9n se est\u00e1n entregando casi 50 mil uniformes destinados a municipios y regiones donde m\u00e1s se necesitan.<\/p>\n<p>A este acto c\u00edvico acudieron Jos\u00e9 Luis Vallejo Boijseauneau, como representante de la Secretar\u00eda de Educaci\u00f3n en Tamaulipas; Mariela L\u00f3pez Sosa, presidenta municipal de Xicot\u00e9ncatl; Hans L\u00f3pez Trujillo, representante del SNTE; Mar\u00eda Magdalena Montelongo, directora del plantel; Virginia Mercedes Arriola Ochoa, en representaci\u00f3n de las madres y padres de familia, y el alumno Carlos Emanuel Nieto Sosa.<\/p>\n<p><img loading=\"lazy\" decoding=\"async\" class=\"aligncenter size-full wp-image-176149\" src=\"https:\/\/www.buroperiodistico.com.mx\/wp-content\/uploads\/2025\/09\/SBSXicotencatl-I.jpeg\" alt=\"\" width=\"640\" height=\"426\" srcset=\"https:\/\/www.buroperiodistico.com.mx\/wp-content\/uploads\/2025\/09\/SBSXicotencatl-I.jpeg 640w, https:\/\/www.buroperiodistico.com.mx\/wp-content\/uploads\/2025\/09\/SBSXicotencatl-I-300x200.jpeg 300w\" sizes=\"auto, (max-width: 640px) 100vw, 640px\" \/> <img loading=\"lazy\" decoding=\"async\" class=\"aligncenter size-full wp-image-176152\" src=\"https:\/\/www.buroperiodistico.com.mx\/wp-content\/uploads\/2025\/09\/SBSXicotencatl-IIII.jpeg\" alt=\"\" width=\"640\" height=\"426\" srcset=\"https:\/\/www.buroperiodistico.com.mx\/wp-content\/uploads\/2025\/09\/SBSXicotencatl-IIII.jpeg 640w, https:\/\/www.buroperiodistico.com.mx\/wp-content\/uploads\/2025\/09\/SBSXicotencatl-IIII-300x200.jpeg 300w\" sizes=\"auto, (max-width: 640px) 100vw, 640px\" \/> <img loading=\"lazy\" decoding=\"async\" class=\"aligncenter size-full wp-image-176151\" src=\"https:\/\/www.buroperiodistico.com.mx\/wp-content\/uploads\/2025\/09\/SBSXicotencatl-III.jpeg\" alt=\"\" width=\"640\" height=\"426\" srcset=\"https:\/\/www.buroperiodistico.com.mx\/wp-content\/uploads\/2025\/09\/SBSXicotencatl-III.jpeg 640w, https:\/\/www.buroperiodistico.com.mx\/wp-content\/uploads\/2025\/09\/SBSXicotencatl-III-300x200.jpeg 300w\" sizes=\"auto, (max-width: 640px) 100vw, 640px\" \/> <img loading=\"lazy\" decoding=\"async\" class=\"aligncenter size-full wp-image-176150\" src=\"https:\/\/www.buroperiodistico.com.mx\/wp-content\/uploads\/2025\/09\/SBSXicotencatl-II.jpeg\" alt=\"\" width=\"640\" height=\"426\" srcset=\"https:\/\/www.buroperiodistico.com.mx\/wp-content\/uploads\/2025\/09\/SBSXicotencatl-II.jpeg 640w, https:\/\/www.buroperiodistico.com.mx\/wp-content\/uploads\/2025\/09\/SBSXicotencatl-II-300x200.jpeg 300w\" sizes=\"auto, (max-width: 640px) 100vw, 640px\" \/><\/p>\n","protected":false},"excerpt":{"rendered":"<p>Xicot\u00e9ncatl, Tamaulipas (1-Septiembre-2025).- Atendiendo la encomienda del gobernador Am\u00e9rico Villarreal Anaya, la secretaria de Bienestar&#8230;<\/p>\n","protected":false},"author":1,"featured_media":176153,"comment_status":"closed","ping_status":"closed","sticky":false,"template":"","format":"standard","meta":{"footnotes":"","jetpack_publicize_message":"","jetpack_publicize_feature_enabled":true,"jetpack_social_post_already_shared":true,"jetpack_social_options":{"image_generator_settings":{"template":"highway","default_image_id":0,"font":"","enabled":false},"version":2}},"categories":[10],"tags":[],"class_list":["post-176147","post","type-post","status-publish","format-standard","has-post-thumbnail","hentry","category-tamaulipas"],"jetpack_publicize_connections":[],"_links":{"self":[{"href":"https:\/\/www.buroperiodistico.com.mx\/index.php?rest_route=\/wp\/v2\/posts\/176147","targetHints":{"allow":["GET"]}}],"collection":[{"href":"https:\/\/www.buroperiodistico.com.mx\/index.php?rest_route=\/wp\/v2\/posts"}],"about":[{"href":"https:\/\/www.buroperiodistico.com.mx\/index.php?rest_route=\/wp\/v2\/types\/post"}],"author":[{"embeddable":true,"href":"https:\/\/www.buroperiodistico.com.mx\/index.php?rest_route=\/wp\/v2\/users\/1"}],"replies":[{"embeddable":true,"href":"https:\/\/www.buroperiodistico.com.mx\/index.php?rest_route=%2Fwp%2Fv2%2Fcomments&post=176147"}],"version-history":[{"count":0,"href":"https:\/\/www.buroperiodistico.com.mx\/index.php?rest_route=\/wp\/v2\/posts\/176147\/revisions"}],"wp:featuredmedia":[{"embeddable":true,"href":"https:\/\/www.buroperiodistico.com.mx\/index.php?rest_route=\/wp\/v2\/media\/176153"}],"wp:attachment":[{"href":"https:\/\/www.buroperiodistico.com.mx\/index.php?rest_route=%2Fwp%2Fv2%2Fmedia&parent=176147"}],"wp:term":[{"taxonomy":"category","embeddable":true,"href":"https:\/\/www.buroperiodistico.com.mx\/index.php?rest_route=%2Fwp%2Fv2%2Fcategories&post=176147"},{"taxonomy":"post_tag","embeddable":true,"href":"https:\/\/www.buroperiodistico.com.mx\/index.php?rest_route=%2Fwp%2Fv2%2Ftags&post=176147"}],"curies":[{"name":"wp","href":"https:\/\/api.w.org\/{rel}","templated":true}]}}