{"id":176122,"date":"2025-09-01T18:44:01","date_gmt":"2025-09-01T23:44:01","guid":{"rendered":"https:\/\/www.buroperiodistico.com.mx\/?p=176122"},"modified":"2025-09-01T18:44:01","modified_gmt":"2025-09-01T23:44:01","slug":"guardia-estatal-apoya-con-traslado-a-motociclista-varado","status":"publish","type":"post","link":"https:\/\/www.buroperiodistico.com.mx\/?p=176122","title":{"rendered":"Guardia Estatal apoya con traslado a motociclista varado"},"content":{"rendered":"<p><em><strong><img loading=\"lazy\" decoding=\"async\" class=\" wp-image-176124 alignright\" src=\"https:\/\/www.buroperiodistico.com.mx\/wp-content\/uploads\/2025\/09\/GEx.jpeg\" alt=\"\" width=\"531\" height=\"331\" srcset=\"https:\/\/www.buroperiodistico.com.mx\/wp-content\/uploads\/2025\/09\/GEx.jpeg 1024w, https:\/\/www.buroperiodistico.com.mx\/wp-content\/uploads\/2025\/09\/GEx-300x187.jpeg 300w, https:\/\/www.buroperiodistico.com.mx\/wp-content\/uploads\/2025\/09\/GEx-768x479.jpeg 768w\" sizes=\"auto, (max-width: 531px) 100vw, 531px\" \/>Jim\u00e9nez, Tamaulipas (1-Septiembre-2025).-<\/strong><\/em> Al realizar recorridos de seguridad y vigilancia sobre la Carretera Federal 101 Victoria-Matamoros, personal de la Guardia Estatal de Apoyo Carretero comisionado a la Estaci\u00f3n Segura Vicente Norte asisti\u00f3 con traslado a un motociclista varado sobre el kil\u00f3metro 92.<\/p>\n<p>El conductor explic\u00f3 que viajaba desde Ciudad Victoria con destino al municipio de Abasolo cuando su motocicleta present\u00f3 una falla en la manguera del combustible, derivando en un derrame de gasolina y la imposibilidad de reanudar la marcha.<\/p>\n<p>Con el prop\u00f3sito de reparar la falla y reabastecer la unidad de combustible, el personal de Apoyo Carretero lo traslad\u00f3 a bordo de una patrulla pick-up hasta una gasolinera en el municipio de Jim\u00e9nez.<\/p>\n<p>En caso de emergencia, comun\u00edcate al 911 y\/o 089.<\/p>\n<p><img loading=\"lazy\" decoding=\"async\" class=\"aligncenter size-full wp-image-176123\" src=\"https:\/\/www.buroperiodistico.com.mx\/wp-content\/uploads\/2025\/09\/GEx-I.jpeg\" alt=\"\" width=\"640\" height=\"480\" srcset=\"https:\/\/www.buroperiodistico.com.mx\/wp-content\/uploads\/2025\/09\/GEx-I.jpeg 640w, https:\/\/www.buroperiodistico.com.mx\/wp-content\/uploads\/2025\/09\/GEx-I-300x225.jpeg 300w\" sizes=\"auto, (max-width: 640px) 100vw, 640px\" \/><\/p>\n","protected":false},"excerpt":{"rendered":"<p>Jim\u00e9nez, Tamaulipas (1-Septiembre-2025).- Al realizar recorridos de seguridad y vigilancia sobre la Carretera Federal 101&#8230;<\/p>\n","protected":false},"author":1,"featured_media":176124,"comment_status":"closed","ping_status":"closed","sticky":false,"template":"","format":"standard","meta":{"footnotes":"","jetpack_publicize_message":"","jetpack_publicize_feature_enabled":true,"jetpack_social_post_already_shared":true,"jetpack_social_options":{"image_generator_settings":{"template":"highway","default_image_id":0,"font":"","enabled":false},"version":2}},"categories":[10],"tags":[],"class_list":["post-176122","post","type-post","status-publish","format-standard","has-post-thumbnail","hentry","category-tamaulipas"],"jetpack_publicize_connections":[],"_links":{"self":[{"href":"https:\/\/www.buroperiodistico.com.mx\/index.php?rest_route=\/wp\/v2\/posts\/176122","targetHints":{"allow":["GET"]}}],"collection":[{"href":"https:\/\/www.buroperiodistico.com.mx\/index.php?rest_route=\/wp\/v2\/posts"}],"about":[{"href":"https:\/\/www.buroperiodistico.com.mx\/index.php?rest_route=\/wp\/v2\/types\/post"}],"author":[{"embeddable":true,"href":"https:\/\/www.buroperiodistico.com.mx\/index.php?rest_route=\/wp\/v2\/users\/1"}],"replies":[{"embeddable":true,"href":"https:\/\/www.buroperiodistico.com.mx\/index.php?rest_route=%2Fwp%2Fv2%2Fcomments&post=176122"}],"version-history":[{"count":0,"href":"https:\/\/www.buroperiodistico.com.mx\/index.php?rest_route=\/wp\/v2\/posts\/176122\/revisions"}],"wp:featuredmedia":[{"embeddable":true,"href":"https:\/\/www.buroperiodistico.com.mx\/index.php?rest_route=\/wp\/v2\/media\/176124"}],"wp:attachment":[{"href":"https:\/\/www.buroperiodistico.com.mx\/index.php?rest_route=%2Fwp%2Fv2%2Fmedia&parent=176122"}],"wp:term":[{"taxonomy":"category","embeddable":true,"href":"https:\/\/www.buroperiodistico.com.mx\/index.php?rest_route=%2Fwp%2Fv2%2Fcategories&post=176122"},{"taxonomy":"post_tag","embeddable":true,"href":"https:\/\/www.buroperiodistico.com.mx\/index.php?rest_route=%2Fwp%2Fv2%2Ftags&post=176122"}],"curies":[{"name":"wp","href":"https:\/\/api.w.org\/{rel}","templated":true}]}}