{"id":176107,"date":"2025-09-01T17:41:06","date_gmt":"2025-09-01T22:41:06","guid":{"rendered":"https:\/\/www.buroperiodistico.com.mx\/?p=176107"},"modified":"2025-09-01T17:41:06","modified_gmt":"2025-09-01T22:41:06","slug":"inicia-tamaulipas-ciclo-escolar-bajo-el-principio-de-la-igualdad-sabg","status":"publish","type":"post","link":"https:\/\/www.buroperiodistico.com.mx\/?p=176107","title":{"rendered":"Inicia Tamaulipas ciclo escolar bajo el principio de la igualdad: SABG"},"content":{"rendered":"<div class=\"x_elementToProof\">\n<p><em><strong><img loading=\"lazy\" decoding=\"async\" class=\" wp-image-176111 alignright\" src=\"https:\/\/www.buroperiodistico.com.mx\/wp-content\/uploads\/2025\/09\/SABGigualdad.jpeg\" alt=\"\" width=\"500\" height=\"300\" srcset=\"https:\/\/www.buroperiodistico.com.mx\/wp-content\/uploads\/2025\/09\/SABGigualdad.jpeg 1024w, https:\/\/www.buroperiodistico.com.mx\/wp-content\/uploads\/2025\/09\/SABGigualdad-300x180.jpeg 300w, https:\/\/www.buroperiodistico.com.mx\/wp-content\/uploads\/2025\/09\/SABGigualdad-768x461.jpeg 768w\" sizes=\"auto, (max-width: 500px) 100vw, 500px\" \/>G\u00fcemez, Tamaulipas (1-Septiembre-2025).-<\/strong><\/em> En representaci\u00f3n del gobernador Am\u00e9rico Villarreal Anaya, la secretaria Anticorrupci\u00f3n y Buen Gobierno, Norma Ang\u00e9lica Pedraza Melo, inaugur\u00f3 el ciclo escolar 2025- 2026 en el ejido \u201cServando Canales\u201d de G\u00fcemez, Tamaulipas.<\/p>\n<p>La sede de la ceremonia de inicio ciclo escolar, entrega de libros de texto gratuitos y paquetes de \u00fatiles escolares en educaci\u00f3n b\u00e1sica, fue la escuela telesecundaria \u201cRam\u00f3n Dur\u00f3n Ru\u00edz\u201d.<\/p>\n<p>En su mensaje de bienvenida, la secretaria Anticorrupci\u00f3n, destac\u00f3 la universalizaci\u00f3n de las becas, lo que representa un nuevo derecho constitucional para ni\u00f1os, ni\u00f1as y adolescentes, y dijo tambi\u00e9n que la sinergia entre Estado y Federaci\u00f3n permite atender las necesidades de quienes requieren un apoyo adicional para continuar su trayectoria escolar.<\/p>\n<p>\u201cVolvemos a entregar m\u00e1s de 3.8 millones de libros de texto gratuito, mejorados y que son la principal herramienta de su aprendizaje, con un criterio de equidad este ciclo escolar tambi\u00e9n se est\u00e1 entregando casi cincuenta mil uniformes destinados a aquellos municipios y regiones en donde m\u00e1s se necesitan y todo esto de manera integral, representa iniciar el ciclo escolar bajo un principio muy importante: el principio de la igualdad\u201d.<\/p>\n<p>Norma Ang\u00e9lica Pedraza Melo, coment\u00f3 en su discurso que en breve regresar\u00e1 con su equipo de trabajo a esta y otras comunidades cercanas para dar continuidad a un proyecto denominado \u201cSembrando Valores\u201d, donde a trav\u00e9s de actividades l\u00fadicas el personal de esta dependencia contribuye en la formaci\u00f3n de los ciudadanos que habitar\u00e1n la nueva sociedad que resulte de la voluntad y el trabajo que d\u00eda a d\u00eda se plasma en las acciones gubernamentales.<\/p>\n<p><img loading=\"lazy\" decoding=\"async\" class=\"aligncenter size-full wp-image-176108\" src=\"https:\/\/www.buroperiodistico.com.mx\/wp-content\/uploads\/2025\/09\/SABGigualdad-I.jpeg\" alt=\"\" width=\"640\" height=\"406\" srcset=\"https:\/\/www.buroperiodistico.com.mx\/wp-content\/uploads\/2025\/09\/SABGigualdad-I.jpeg 640w, https:\/\/www.buroperiodistico.com.mx\/wp-content\/uploads\/2025\/09\/SABGigualdad-I-300x190.jpeg 300w\" sizes=\"auto, (max-width: 640px) 100vw, 640px\" \/> <img loading=\"lazy\" decoding=\"async\" class=\"aligncenter size-full wp-image-176110\" src=\"https:\/\/www.buroperiodistico.com.mx\/wp-content\/uploads\/2025\/09\/SABGigualdad-III.jpeg\" alt=\"\" width=\"579\" height=\"480\" srcset=\"https:\/\/www.buroperiodistico.com.mx\/wp-content\/uploads\/2025\/09\/SABGigualdad-III.jpeg 579w, https:\/\/www.buroperiodistico.com.mx\/wp-content\/uploads\/2025\/09\/SABGigualdad-III-300x249.jpeg 300w\" sizes=\"auto, (max-width: 579px) 100vw, 579px\" \/> <img loading=\"lazy\" decoding=\"async\" class=\"aligncenter size-full wp-image-176109\" src=\"https:\/\/www.buroperiodistico.com.mx\/wp-content\/uploads\/2025\/09\/SABGigualdad-II.jpeg\" alt=\"\" width=\"640\" height=\"356\" srcset=\"https:\/\/www.buroperiodistico.com.mx\/wp-content\/uploads\/2025\/09\/SABGigualdad-II.jpeg 640w, https:\/\/www.buroperiodistico.com.mx\/wp-content\/uploads\/2025\/09\/SABGigualdad-II-300x167.jpeg 300w\" sizes=\"auto, (max-width: 640px) 100vw, 640px\" \/><\/p>\n<p><u><a id=\"OWA5915e7d3-1de6-f18f-b3a5-499c1291f965\" class=\"x_OWAAutoLink\" title=\"https:\/\/ydray.com\/get\/t\/u17567636148124krbQ4a8566099b27IS\" href=\"https:\/\/ydray.com\/get\/t\/u17567636148124krbQ4a8566099b27IS\" data-auth=\"NotApplicable\" data-linkindex=\"0\"><\/a><\/u><\/div>\n","protected":false},"excerpt":{"rendered":"<p>G\u00fcemez, Tamaulipas (1-Septiembre-2025).- En representaci\u00f3n del gobernador Am\u00e9rico Villarreal Anaya, la secretaria Anticorrupci\u00f3n y Buen&#8230;<\/p>\n","protected":false},"author":1,"featured_media":176111,"comment_status":"closed","ping_status":"closed","sticky":false,"template":"","format":"standard","meta":{"footnotes":"","jetpack_publicize_message":"","jetpack_publicize_feature_enabled":true,"jetpack_social_post_already_shared":true,"jetpack_social_options":{"image_generator_settings":{"template":"highway","default_image_id":0,"font":"","enabled":false},"version":2}},"categories":[10],"tags":[],"class_list":["post-176107","post","type-post","status-publish","format-standard","has-post-thumbnail","hentry","category-tamaulipas"],"jetpack_publicize_connections":[],"_links":{"self":[{"href":"https:\/\/www.buroperiodistico.com.mx\/index.php?rest_route=\/wp\/v2\/posts\/176107","targetHints":{"allow":["GET"]}}],"collection":[{"href":"https:\/\/www.buroperiodistico.com.mx\/index.php?rest_route=\/wp\/v2\/posts"}],"about":[{"href":"https:\/\/www.buroperiodistico.com.mx\/index.php?rest_route=\/wp\/v2\/types\/post"}],"author":[{"embeddable":true,"href":"https:\/\/www.buroperiodistico.com.mx\/index.php?rest_route=\/wp\/v2\/users\/1"}],"replies":[{"embeddable":true,"href":"https:\/\/www.buroperiodistico.com.mx\/index.php?rest_route=%2Fwp%2Fv2%2Fcomments&post=176107"}],"version-history":[{"count":0,"href":"https:\/\/www.buroperiodistico.com.mx\/index.php?rest_route=\/wp\/v2\/posts\/176107\/revisions"}],"wp:featuredmedia":[{"embeddable":true,"href":"https:\/\/www.buroperiodistico.com.mx\/index.php?rest_route=\/wp\/v2\/media\/176111"}],"wp:attachment":[{"href":"https:\/\/www.buroperiodistico.com.mx\/index.php?rest_route=%2Fwp%2Fv2%2Fmedia&parent=176107"}],"wp:term":[{"taxonomy":"category","embeddable":true,"href":"https:\/\/www.buroperiodistico.com.mx\/index.php?rest_route=%2Fwp%2Fv2%2Fcategories&post=176107"},{"taxonomy":"post_tag","embeddable":true,"href":"https:\/\/www.buroperiodistico.com.mx\/index.php?rest_route=%2Fwp%2Fv2%2Ftags&post=176107"}],"curies":[{"name":"wp","href":"https:\/\/api.w.org\/{rel}","templated":true}]}}