{"id":176103,"date":"2025-09-01T17:33:10","date_gmt":"2025-09-01T22:33:10","guid":{"rendered":"https:\/\/www.buroperiodistico.com.mx\/?p=176103"},"modified":"2025-09-01T17:33:10","modified_gmt":"2025-09-01T22:33:10","slug":"anuncia-alcaldesa-carmen-lilia-canturosas-gran-fiesta-del-grito-de-independencia-2025-con-maria-jose-y-los-invasores-de-nuevo-leon","status":"publish","type":"post","link":"https:\/\/www.buroperiodistico.com.mx\/?p=176103","title":{"rendered":"ANUNCIA ALCALDESA CARMEN LILIA CANTUROSAS GRAN FIESTA DEL GRITO DE INDEPENDENCIA 2025 CON MAR\u00cdA JOS\u00c9 Y LOS INVASORES DE NUEVO LE\u00d3N"},"content":{"rendered":"<p dir=\"ltr\"><em><strong><img loading=\"lazy\" decoding=\"async\" class=\"size-full wp-image-176104 alignright\" src=\"https:\/\/www.buroperiodistico.com.mx\/wp-content\/uploads\/2025\/09\/FIESTAMEXICANA.jpg\" alt=\"\" width=\"480\" height=\"581\" srcset=\"https:\/\/www.buroperiodistico.com.mx\/wp-content\/uploads\/2025\/09\/FIESTAMEXICANA.jpg 480w, https:\/\/www.buroperiodistico.com.mx\/wp-content\/uploads\/2025\/09\/FIESTAMEXICANA-248x300.jpg 248w\" sizes=\"auto, (max-width: 480px) 100vw, 480px\" \/>Nuevo Laredo, Tam (1-Septiembre-2025).-<\/strong><\/em> El Gobierno Municipal de Nuevo Laredo prepara una gran celebraci\u00f3n para conmemorar el 215 aniversario del inicio de la Independencia de M\u00e9xico, con un espect\u00e1culo art\u00edstico de primer nivel que engalanar\u00e1 la tradicional ceremonia del Grito de Independencia 2025.<\/p>\n<p dir=\"ltr\">La alcaldesa Carmen Lilia Canturosas Villarreal anunci\u00f3 a trav\u00e9s de sus redes sociales que este a\u00f1o la fiesta mexicana contar\u00e1 con la presentaci\u00f3n estelar de la cantante pop Mar\u00eda Jos\u00e9 y la agrupaci\u00f3n norte\u00f1a Los Invasores de Nuevo Le\u00f3n, quienes prender\u00e1n el ambiente en la Explanada de la Independencia.<\/p>\n<p dir=\"ltr\">\u201cSer\u00e1 una noche inolvidable, llena de orgullo, m\u00fasica y tradici\u00f3n. Queremos que las familias neolaredenses disfruten de un espect\u00e1culo de calidad, celebrando juntos lo que nos une: ser mexicanos\u201d, expres\u00f3 la presidenta municipal.<\/p>\n<p dir=\"ltr\">La ceremonia del Grito se llevar\u00e1 a cabo el lunes 15 de septiembre a partir de las 8:00 de la noche, frente al Palacio Federal, donde miles de asistentes podr\u00e1n disfrutar de m\u00fasica, folclor, antojitos y un ambiente 100% familiar.<\/p>\n<p dir=\"ltr\">Canturosas Villarreal extendi\u00f3 la invitaci\u00f3n a toda la ciudadan\u00eda para que se sume a este evento gratuito y viva la experiencia de la fiesta patria m\u00e1s importante del a\u00f1o, enmarcada por un despliegue de luces, colores y la energ\u00eda de dos grandes figuras de la m\u00fasica en M\u00e9xico.<\/p>\n","protected":false},"excerpt":{"rendered":"<p>Nuevo Laredo, Tam (1-Septiembre-2025).- El Gobierno Municipal de Nuevo Laredo prepara una gran celebraci\u00f3n para&#8230;<\/p>\n","protected":false},"author":1,"featured_media":176104,"comment_status":"closed","ping_status":"closed","sticky":false,"template":"","format":"standard","meta":{"footnotes":"","jetpack_publicize_message":"","jetpack_publicize_feature_enabled":true,"jetpack_social_post_already_shared":true,"jetpack_social_options":{"image_generator_settings":{"template":"highway","default_image_id":0,"font":"","enabled":false},"version":2}},"categories":[16],"tags":[],"class_list":["post-176103","post","type-post","status-publish","format-standard","has-post-thumbnail","hentry","category-nuevolaredo"],"jetpack_publicize_connections":[],"_links":{"self":[{"href":"https:\/\/www.buroperiodistico.com.mx\/index.php?rest_route=\/wp\/v2\/posts\/176103","targetHints":{"allow":["GET"]}}],"collection":[{"href":"https:\/\/www.buroperiodistico.com.mx\/index.php?rest_route=\/wp\/v2\/posts"}],"about":[{"href":"https:\/\/www.buroperiodistico.com.mx\/index.php?rest_route=\/wp\/v2\/types\/post"}],"author":[{"embeddable":true,"href":"https:\/\/www.buroperiodistico.com.mx\/index.php?rest_route=\/wp\/v2\/users\/1"}],"replies":[{"embeddable":true,"href":"https:\/\/www.buroperiodistico.com.mx\/index.php?rest_route=%2Fwp%2Fv2%2Fcomments&post=176103"}],"version-history":[{"count":0,"href":"https:\/\/www.buroperiodistico.com.mx\/index.php?rest_route=\/wp\/v2\/posts\/176103\/revisions"}],"wp:featuredmedia":[{"embeddable":true,"href":"https:\/\/www.buroperiodistico.com.mx\/index.php?rest_route=\/wp\/v2\/media\/176104"}],"wp:attachment":[{"href":"https:\/\/www.buroperiodistico.com.mx\/index.php?rest_route=%2Fwp%2Fv2%2Fmedia&parent=176103"}],"wp:term":[{"taxonomy":"category","embeddable":true,"href":"https:\/\/www.buroperiodistico.com.mx\/index.php?rest_route=%2Fwp%2Fv2%2Fcategories&post=176103"},{"taxonomy":"post_tag","embeddable":true,"href":"https:\/\/www.buroperiodistico.com.mx\/index.php?rest_route=%2Fwp%2Fv2%2Ftags&post=176103"}],"curies":[{"name":"wp","href":"https:\/\/api.w.org\/{rel}","templated":true}]}}