{"id":176098,"date":"2025-09-01T17:31:13","date_gmt":"2025-09-01T22:31:13","guid":{"rendered":"https:\/\/www.buroperiodistico.com.mx\/?p=176098"},"modified":"2025-09-01T17:31:13","modified_gmt":"2025-09-01T22:31:13","slug":"dif-nuevo-laredo-da-inicio-al-ciclo-escolar-2025-2026-en-los-caic-e-invita-a-inscribirse-a-primero-de-preescolar","status":"publish","type":"post","link":"https:\/\/www.buroperiodistico.com.mx\/?p=176098","title":{"rendered":"DIF NUEVO LAREDO DA INICIO AL CICLO ESCOLAR 2025-2026 EN LOS CAIC E INVITA A INSCRIBIRSE A PRIMERO DE PREESCOLAR"},"content":{"rendered":"<p dir=\"ltr\"><em><strong><img loading=\"lazy\" decoding=\"async\" class=\" wp-image-176101 alignright\" src=\"https:\/\/www.buroperiodistico.com.mx\/wp-content\/uploads\/2025\/09\/DIF-INICIO-CLASES.jpg\" alt=\"\" width=\"449\" height=\"285\" srcset=\"https:\/\/www.buroperiodistico.com.mx\/wp-content\/uploads\/2025\/09\/DIF-INICIO-CLASES.jpg 1024w, https:\/\/www.buroperiodistico.com.mx\/wp-content\/uploads\/2025\/09\/DIF-INICIO-CLASES-300x190.jpg 300w, https:\/\/www.buroperiodistico.com.mx\/wp-content\/uploads\/2025\/09\/DIF-INICIO-CLASES-768x488.jpg 768w\" sizes=\"auto, (max-width: 449px) 100vw, 449px\" \/>Nuevo Laredo, Tam (1-Septiembre-2025).-<\/strong><\/em> Con entusiasmo y compromiso hacia la educaci\u00f3n de la ni\u00f1ez, el Sistema para el Desarrollo Integral de la Familia (DIF) Nuevo Laredo inici\u00f3 el ciclo escolar 2025-2026 en los Centros de Asistencia Infantil Comunitarios (CAIC), espacios donde ni\u00f1as y ni\u00f1os de 3 a 6 a\u00f1os reciben atenci\u00f3n educativa de calidad en un ambiente seguro y cercano a sus familias.<\/p>\n<p dir=\"ltr\">Actualmente, a\u00fan hay lugares disponibles para ni\u00f1as y ni\u00f1os de 3 a 4 a\u00f1os que ingresar\u00e1n a primer grado de preescolar. Las familias interesadas pueden realizar el proceso de inscripci\u00f3n de manera directa en los centros, donde el personal brindar\u00e1 toda la orientaci\u00f3n necesaria.<\/p>\n<p dir=\"ltr\">Los planteles con cupo disponible son: CAIC Lomas del R\u00edo, ubicado en la intersecci\u00f3n de las calles Cresp\u00f3n y L\u00edmite Sur, colonia Lomas del R\u00edo; CAIC Mundo de Colores, en Prolongaci\u00f3n Lago de Xochimilco 5426, colonia Los Encinos; Mi Casa DIF, en Aquiles Serd\u00e1n #1500, sector centro; CAIC Mi Arco\u00edris, en Calle Uni\u00f3n 111 esquina con La Cruz, colonia Uni\u00f3n del Recuerdo; CAIC Mi Angelito, en Prolongaci\u00f3n Monterrey 3920, frente a la Plaza de Toros \u201cLauro Luis Longoria\u201d; CAIC San Nicol\u00e1s, en Vista Jard\u00edn #55, colonia Las Alamedas; el Centro de Cuidado Diario Infantil (CECUDI), en Doroteo Arango 1101 esquina con Joaqu\u00edn \u00c1lvarez e Iglesias Calder\u00f3n, colonia Francisco Villa; y el Centro Asistencial de Desarrollo Infantil (CADI), en Art\u00edculo 26 entre Art\u00edculo 28 y privada Hacienda Echegaray, colonia Constitucional.<\/p>\n<p dir=\"ltr\">El horario de clases es de 9:00 de la ma\u00f1ana a 12:00 del mediod\u00eda. Como un apoyo adicional a madres y padres trabajadores, los centros tambi\u00e9n ofrecen servicio de guarder\u00eda a bajo costo, con horario extendido de 7:30 de la ma\u00f1ana a 3:30 de la tarde.<\/p>\n<p dir=\"ltr\">Con estas acciones, el Sistema DIF Nuevo Laredo refrenda su compromiso de impulsar la educaci\u00f3n desde la primera infancia, brindando a ni\u00f1as y ni\u00f1os las herramientas necesarias para su desarrollo integral, al tiempo que acompa\u00f1a a las familias con servicios accesibles y de calidad.<\/p>\n<p dir=\"ltr\"><img loading=\"lazy\" decoding=\"async\" class=\"aligncenter size-full wp-image-176099\" src=\"https:\/\/www.buroperiodistico.com.mx\/wp-content\/uploads\/2025\/09\/DIF-INICIO-CLASES-I.jpg\" alt=\"\" width=\"640\" height=\"427\" srcset=\"https:\/\/www.buroperiodistico.com.mx\/wp-content\/uploads\/2025\/09\/DIF-INICIO-CLASES-I.jpg 640w, https:\/\/www.buroperiodistico.com.mx\/wp-content\/uploads\/2025\/09\/DIF-INICIO-CLASES-I-300x200.jpg 300w\" sizes=\"auto, (max-width: 640px) 100vw, 640px\" \/> <img loading=\"lazy\" decoding=\"async\" class=\"aligncenter size-full wp-image-176100\" src=\"https:\/\/www.buroperiodistico.com.mx\/wp-content\/uploads\/2025\/09\/DIF-INICIO-CLASES-II.jpg\" alt=\"\" width=\"640\" height=\"427\" srcset=\"https:\/\/www.buroperiodistico.com.mx\/wp-content\/uploads\/2025\/09\/DIF-INICIO-CLASES-II.jpg 640w, https:\/\/www.buroperiodistico.com.mx\/wp-content\/uploads\/2025\/09\/DIF-INICIO-CLASES-II-300x200.jpg 300w\" sizes=\"auto, (max-width: 640px) 100vw, 640px\" \/><\/p>\n","protected":false},"excerpt":{"rendered":"<p>Nuevo Laredo, Tam (1-Septiembre-2025).- Con entusiasmo y compromiso hacia la educaci\u00f3n de la ni\u00f1ez, el&#8230;<\/p>\n","protected":false},"author":1,"featured_media":176101,"comment_status":"closed","ping_status":"closed","sticky":false,"template":"","format":"standard","meta":{"footnotes":"","jetpack_publicize_message":"","jetpack_publicize_feature_enabled":true,"jetpack_social_post_already_shared":true,"jetpack_social_options":{"image_generator_settings":{"template":"highway","default_image_id":0,"font":"","enabled":false},"version":2}},"categories":[16],"tags":[],"class_list":["post-176098","post","type-post","status-publish","format-standard","has-post-thumbnail","hentry","category-nuevolaredo"],"jetpack_publicize_connections":[],"_links":{"self":[{"href":"https:\/\/www.buroperiodistico.com.mx\/index.php?rest_route=\/wp\/v2\/posts\/176098","targetHints":{"allow":["GET"]}}],"collection":[{"href":"https:\/\/www.buroperiodistico.com.mx\/index.php?rest_route=\/wp\/v2\/posts"}],"about":[{"href":"https:\/\/www.buroperiodistico.com.mx\/index.php?rest_route=\/wp\/v2\/types\/post"}],"author":[{"embeddable":true,"href":"https:\/\/www.buroperiodistico.com.mx\/index.php?rest_route=\/wp\/v2\/users\/1"}],"replies":[{"embeddable":true,"href":"https:\/\/www.buroperiodistico.com.mx\/index.php?rest_route=%2Fwp%2Fv2%2Fcomments&post=176098"}],"version-history":[{"count":0,"href":"https:\/\/www.buroperiodistico.com.mx\/index.php?rest_route=\/wp\/v2\/posts\/176098\/revisions"}],"wp:featuredmedia":[{"embeddable":true,"href":"https:\/\/www.buroperiodistico.com.mx\/index.php?rest_route=\/wp\/v2\/media\/176101"}],"wp:attachment":[{"href":"https:\/\/www.buroperiodistico.com.mx\/index.php?rest_route=%2Fwp%2Fv2%2Fmedia&parent=176098"}],"wp:term":[{"taxonomy":"category","embeddable":true,"href":"https:\/\/www.buroperiodistico.com.mx\/index.php?rest_route=%2Fwp%2Fv2%2Fcategories&post=176098"},{"taxonomy":"post_tag","embeddable":true,"href":"https:\/\/www.buroperiodistico.com.mx\/index.php?rest_route=%2Fwp%2Fv2%2Ftags&post=176098"}],"curies":[{"name":"wp","href":"https:\/\/api.w.org\/{rel}","templated":true}]}}