{"id":176095,"date":"2025-09-01T17:28:33","date_gmt":"2025-09-01T22:28:33","guid":{"rendered":"https:\/\/www.buroperiodistico.com.mx\/?p=176095"},"modified":"2025-09-01T17:28:33","modified_gmt":"2025-09-01T22:28:33","slug":"llaman-a-estudiantes-beneficiarios-de-la-beca-juntos-por-la-excelencia-universitaria-a-presentar-boleta-de-calificaciones","status":"publish","type":"post","link":"https:\/\/www.buroperiodistico.com.mx\/?p=176095","title":{"rendered":"LLAMAN A ESTUDIANTES BENEFICIARIOS DE LA BECA JUNTOS POR LA EXCELENCIA UNIVERSITARIA A PRESENTAR BOLETA DE CALIFICACIONES"},"content":{"rendered":"<p dir=\"ltr\"><em><strong><img loading=\"lazy\" decoding=\"async\" class=\" wp-image-176096 alignright\" src=\"https:\/\/www.buroperiodistico.com.mx\/wp-content\/uploads\/2025\/09\/Llamnx.jpg\" alt=\"\" width=\"517\" height=\"314\" srcset=\"https:\/\/www.buroperiodistico.com.mx\/wp-content\/uploads\/2025\/09\/Llamnx.jpg 1024w, https:\/\/www.buroperiodistico.com.mx\/wp-content\/uploads\/2025\/09\/Llamnx-300x182.jpg 300w, https:\/\/www.buroperiodistico.com.mx\/wp-content\/uploads\/2025\/09\/Llamnx-768x467.jpg 768w\" sizes=\"auto, (max-width: 517px) 100vw, 517px\" \/>Nuevo Laredo, Tam (1-Septiembre-2025).-<\/strong><\/em> El Gobierno Municipal de Nuevo Laredo recuerda a las y los beneficiarios de la Beca Juntos por la Excelencia Universitaria 2025 que del 1 al 5 de septiembre, deber\u00e1n presentar la boleta de calificaciones original correspondiente al \u00faltimo cuatrimestre, tetramestre o semestre del ciclo escolar 2024\u20132025, como parte del proceso para recibir el segundo pago de este apoyo.<\/p>\n<p dir=\"ltr\">La recepci\u00f3n de documentos se realizar\u00e1 en la Direcci\u00f3n de Educaci\u00f3n, en horario de 8:30 de la ma\u00f1ana a 3:00 de la tarde.<\/p>\n<p dir=\"ltr\">La boleta deber\u00e1:<\/p>\n<ul>\n<li dir=\"ltr\">\n<p dir=\"ltr\" role=\"presentation\">Contar con firma original en tinta azul y sello oficial de la instituci\u00f3n educativa.<\/p>\n<\/li>\n<li dir=\"ltr\">\n<p dir=\"ltr\" role=\"presentation\">Acreditar un promedio m\u00ednimo de 9.5.<\/p>\n<\/li>\n<\/ul>\n<p dir=\"ltr\">Es importante destacar que no se aceptar\u00e1n promedios generales, calificaciones parciales, de verano, de certificado, ni el promedio general del kardex.<\/p>\n<p dir=\"ltr\">Este documento es indispensable para concluir el tr\u00e1mite y garantizar el dep\u00f3sito del segundo pago.<\/p>\n<p dir=\"ltr\">Con estas acciones, el Gobierno Municipal reafirma su compromiso de impulsar a la juventud estudiantil que, con disciplina y excelencia acad\u00e9mica, pone en alto el nombre de Nuevo Laredo.<\/p>\n","protected":false},"excerpt":{"rendered":"<p>Nuevo Laredo, Tam (1-Septiembre-2025).- El Gobierno Municipal de Nuevo Laredo recuerda a las y los&#8230;<\/p>\n","protected":false},"author":1,"featured_media":176096,"comment_status":"closed","ping_status":"closed","sticky":false,"template":"","format":"standard","meta":{"footnotes":"","jetpack_publicize_message":"","jetpack_publicize_feature_enabled":true,"jetpack_social_post_already_shared":true,"jetpack_social_options":{"image_generator_settings":{"template":"highway","default_image_id":0,"font":"","enabled":false},"version":2}},"categories":[16],"tags":[],"class_list":["post-176095","post","type-post","status-publish","format-standard","has-post-thumbnail","hentry","category-nuevolaredo"],"jetpack_publicize_connections":[],"_links":{"self":[{"href":"https:\/\/www.buroperiodistico.com.mx\/index.php?rest_route=\/wp\/v2\/posts\/176095","targetHints":{"allow":["GET"]}}],"collection":[{"href":"https:\/\/www.buroperiodistico.com.mx\/index.php?rest_route=\/wp\/v2\/posts"}],"about":[{"href":"https:\/\/www.buroperiodistico.com.mx\/index.php?rest_route=\/wp\/v2\/types\/post"}],"author":[{"embeddable":true,"href":"https:\/\/www.buroperiodistico.com.mx\/index.php?rest_route=\/wp\/v2\/users\/1"}],"replies":[{"embeddable":true,"href":"https:\/\/www.buroperiodistico.com.mx\/index.php?rest_route=%2Fwp%2Fv2%2Fcomments&post=176095"}],"version-history":[{"count":0,"href":"https:\/\/www.buroperiodistico.com.mx\/index.php?rest_route=\/wp\/v2\/posts\/176095\/revisions"}],"wp:featuredmedia":[{"embeddable":true,"href":"https:\/\/www.buroperiodistico.com.mx\/index.php?rest_route=\/wp\/v2\/media\/176096"}],"wp:attachment":[{"href":"https:\/\/www.buroperiodistico.com.mx\/index.php?rest_route=%2Fwp%2Fv2%2Fmedia&parent=176095"}],"wp:term":[{"taxonomy":"category","embeddable":true,"href":"https:\/\/www.buroperiodistico.com.mx\/index.php?rest_route=%2Fwp%2Fv2%2Fcategories&post=176095"},{"taxonomy":"post_tag","embeddable":true,"href":"https:\/\/www.buroperiodistico.com.mx\/index.php?rest_route=%2Fwp%2Fv2%2Ftags&post=176095"}],"curies":[{"name":"wp","href":"https:\/\/api.w.org\/{rel}","templated":true}]}}