{"id":176088,"date":"2025-09-01T17:25:28","date_gmt":"2025-09-01T22:25:28","guid":{"rendered":"https:\/\/www.buroperiodistico.com.mx\/?p=176088"},"modified":"2025-09-01T17:25:28","modified_gmt":"2025-09-01T22:25:28","slug":"nuevo-laredo-da-inicio-al-ciclo-escolar-2025-2026-con-entrega-de-libros-de-texto-utiles-y-mas-de-72-mil-guias-didacticas","status":"publish","type":"post","link":"https:\/\/www.buroperiodistico.com.mx\/?p=176088","title":{"rendered":"NUEVO LAREDO DA INICIO AL CICLO ESCOLAR 2025-2026 CON ENTREGA DE LIBROS DE TEXTO, \u00daTILES Y M\u00c1S DE 72 MIL GU\u00cdAS DID\u00c1CTICAS"},"content":{"rendered":"<p dir=\"ltr\"><em><strong><img loading=\"lazy\" decoding=\"async\" class=\" wp-image-176093 alignright\" src=\"https:\/\/www.buroperiodistico.com.mx\/wp-content\/uploads\/2025\/09\/CLCR-INICIO-CICLO-ESCOLAR.jpeg\" alt=\"\" width=\"531\" height=\"333\" srcset=\"https:\/\/www.buroperiodistico.com.mx\/wp-content\/uploads\/2025\/09\/CLCR-INICIO-CICLO-ESCOLAR.jpeg 1024w, https:\/\/www.buroperiodistico.com.mx\/wp-content\/uploads\/2025\/09\/CLCR-INICIO-CICLO-ESCOLAR-300x188.jpeg 300w, https:\/\/www.buroperiodistico.com.mx\/wp-content\/uploads\/2025\/09\/CLCR-INICIO-CICLO-ESCOLAR-768x482.jpeg 768w\" sizes=\"auto, (max-width: 531px) 100vw, 531px\" \/>Nuevo Laredo, Tam (1-Septiembre-2025).-<\/strong><\/em> Con el firme compromiso de fortalecer la educaci\u00f3n y brindar mejores oportunidades a ni\u00f1as, ni\u00f1os y j\u00f3venes, la presidenta municipal Carmen Lilia Canturosas Villarreal dio inicio al Ciclo Escolar 2025-2026 con la ceremonia realizada en la Escuela Primaria \u201cRosendo Caballero Gonz\u00e1lez\u201d, ubicada en la colonia Colinas del Sur.<\/p>\n<p dir=\"ltr\">Durante este arranque simb\u00f3lico se puso en marcha la entrega de Libros de Texto Gratuitos, Paquetes de \u00datiles Escolares y Gu\u00edas Did\u00e1cticas, acciones que forman parte del programa municipal \u201cApoyo al Desarrollo Escolar\u201d, beneficiando a 67 mil alumnas y alumnos de educaci\u00f3n b\u00e1sica en 285 escuelas de la ciudad.<\/p>\n<p dir=\"ltr\">Junto a autoridades educativas,\u00a0 federales, sindicales, as\u00ed como Deyanira Camarena Capistran, directora de la Instituci\u00f3n Educativa, la alcaldesa entreg\u00f3 de manera simb\u00f3lica 72 mil 200 paquetes de gu\u00edas did\u00e1cticas para preescolar, primaria y secundaria, con libros de matem\u00e1ticas, espa\u00f1ol y cuadernos de ejercicios as\u00ed como 7 mil 141 paquetes adicionales para alumnas y alumnos de sexto grado que transitan a secundaria.<\/p>\n<p dir=\"ltr\">La presidenta municipal Carmen Lilia Canturosas Villarreal destac\u00f3 que estas acciones son una apuesta por la calidad educativa y por apoyar la econom\u00eda familiar.<\/p>\n<p dir=\"ltr\">\u201cComo su Presidenta Municipal, reafirmo nuestro compromiso: seguiremos construyendo aulas dignas y rehabilitando escuelas, edificando espacios del saber como la Infoteca \u2018Sor Juana In\u00e9s de la Cruz\u201d\u2019 y otorgando becas, como lo hemos venido haciendo, para que nadie se quede sin estudiar por falta de recursos econ\u00f3micos.<\/p>\n<p dir=\"ltr\">\u201cHoy les otorgamos las herramientas, pero el futuro lo escriben ustedes, alumnas y alumnos. En sus manos est\u00e1 escribir una historia llena de retos superados, amistades inolvidables y aprendizajes que los har\u00e1n brillar.\u201d, agreg\u00f3 Canturosas Villarreal\u201d, afirm\u00f3.<\/p>\n<p dir=\"ltr\">Adem\u00e1s 21 mil 950 docentes recibir\u00e1n un malet\u00edn con materiales especializados: gu\u00edas, planeaciones, registros de evaluaci\u00f3n y l\u00e1minas ilustrativas.En total, 264 planteles educativos ser\u00e1n beneficiados: 92 preescolares, 152 primarias y 20 secundarias.<\/p>\n<p dir=\"ltr\">La distribuci\u00f3n iniciar\u00e1 de manera general a partir del 2 de septiembre, con el apoyo de servidoras y servidores p\u00fablicos municipales, quienes recorrer\u00e1n todas las instituciones educativas de la ciudad.<\/p>\n<p dir=\"ltr\">Por su parte, la secretaria de Econom\u00eda del Gobierno de Tamaulipas, Ninfa Cant\u00fa Deandar, en representaci\u00f3n del gobernador Dr. Am\u00e9rico Villarreal Anaya, reconoci\u00f3 el respaldo de la administraci\u00f3n municipal.<\/p>\n<p dir=\"ltr\">\u201cReconozco el gran apoyo de la presidenta Carmen Lilia que brinda a la educaci\u00f3n de los ni\u00f1os y j\u00f3venes de Nuevo Laredo. La educaci\u00f3n b\u00e1sica representa los cimientos de la formaci\u00f3n, y bajo la visi\u00f3n humanista del gobernador, avanzamos hacia una Nueva Escuela Mexicana que construye mejores oportunidades para todos\u201d.<\/p>\n<p dir=\"ltr\">El alumno Axel Moreno Ju\u00e1rez, de sexto grado de la Escuela Primaria Rosendo Caballero Gonz\u00e1lez, agradeci\u00f3 a la presidenta municipal el apoyo que brinda a la educaci\u00f3n a nombre de sus compa\u00f1eros.<\/p>\n<p dir=\"ltr\">\u201cGracias a nuestra presidenta municipal Carmen Lilia Canturosas porque siempre est\u00e1 cerca de nuestras escuelas y pendiente de lo que necesitamos. Estos materiales nos ayudar\u00e1n mucho en nuestros estudios y nos demuestran que en Nuevo Laredo la ni\u00f1ez es primero\u201d.<\/p>\n<p dir=\"ltr\">Durante la ceremonia, representantes de distintos niveles educativos recibieron de manera simb\u00f3lica las Gu\u00edas Did\u00e1cticas 2025, entre ellos: Jard\u00edn de Ni\u00f1os \u201cReginaldo Elizondo Garza\u201d, Primaria \u201cRosendo Caballero Gonz\u00e1lez\u201d, Secundaria General No. 12 \u201cBicentenario de la Independencia\u201d, Secundaria T\u00e9cnica No. 94 \u201cAmalia Gonz\u00e1lez Caballero de Castillo Led\u00f3n\u201d, Telesecundaria \u201cProfa. Ma. Guadalupe de la Fuente Zertuche\u201d, CAM 16 y Jard\u00edn de Ni\u00f1os \u201cRosalinda Lozano Coronado\u201d, Secundaria General No. 10 \u201cProfr. Antonio \u00c1ngel Carmona Anzald\u00faa\u201d.<\/p>\n<p dir=\"ltr\"><img loading=\"lazy\" decoding=\"async\" class=\"aligncenter size-full wp-image-176089\" src=\"https:\/\/www.buroperiodistico.com.mx\/wp-content\/uploads\/2025\/09\/CLCR-INICIO-CICLO-ESCOLAR-I.jpg\" alt=\"\" width=\"640\" height=\"320\" srcset=\"https:\/\/www.buroperiodistico.com.mx\/wp-content\/uploads\/2025\/09\/CLCR-INICIO-CICLO-ESCOLAR-I.jpg 640w, https:\/\/www.buroperiodistico.com.mx\/wp-content\/uploads\/2025\/09\/CLCR-INICIO-CICLO-ESCOLAR-I-300x150.jpg 300w\" sizes=\"auto, (max-width: 640px) 100vw, 640px\" \/> <img loading=\"lazy\" decoding=\"async\" class=\"aligncenter size-full wp-image-176092\" src=\"https:\/\/www.buroperiodistico.com.mx\/wp-content\/uploads\/2025\/09\/CLCR-INICIO-CICLO-ESCOLAR-IIII.jpeg\" alt=\"\" width=\"640\" height=\"428\" srcset=\"https:\/\/www.buroperiodistico.com.mx\/wp-content\/uploads\/2025\/09\/CLCR-INICIO-CICLO-ESCOLAR-IIII.jpeg 640w, https:\/\/www.buroperiodistico.com.mx\/wp-content\/uploads\/2025\/09\/CLCR-INICIO-CICLO-ESCOLAR-IIII-300x201.jpeg 300w\" sizes=\"auto, (max-width: 640px) 100vw, 640px\" \/> <img loading=\"lazy\" decoding=\"async\" class=\"aligncenter size-full wp-image-176091\" src=\"https:\/\/www.buroperiodistico.com.mx\/wp-content\/uploads\/2025\/09\/CLCR-INICIO-CICLO-ESCOLAR-III.jpeg\" alt=\"\" width=\"640\" height=\"428\" srcset=\"https:\/\/www.buroperiodistico.com.mx\/wp-content\/uploads\/2025\/09\/CLCR-INICIO-CICLO-ESCOLAR-III.jpeg 640w, https:\/\/www.buroperiodistico.com.mx\/wp-content\/uploads\/2025\/09\/CLCR-INICIO-CICLO-ESCOLAR-III-300x201.jpeg 300w\" sizes=\"auto, (max-width: 640px) 100vw, 640px\" \/> <img loading=\"lazy\" decoding=\"async\" class=\"aligncenter size-full wp-image-176090\" src=\"https:\/\/www.buroperiodistico.com.mx\/wp-content\/uploads\/2025\/09\/CLCR-INICIO-CICLO-ESCOLAR-II.jpeg\" alt=\"\" width=\"640\" height=\"428\" srcset=\"https:\/\/www.buroperiodistico.com.mx\/wp-content\/uploads\/2025\/09\/CLCR-INICIO-CICLO-ESCOLAR-II.jpeg 640w, https:\/\/www.buroperiodistico.com.mx\/wp-content\/uploads\/2025\/09\/CLCR-INICIO-CICLO-ESCOLAR-II-300x201.jpeg 300w\" sizes=\"auto, (max-width: 640px) 100vw, 640px\" \/><\/p>\n","protected":false},"excerpt":{"rendered":"<p>Nuevo Laredo, Tam (1-Septiembre-2025).- Con el firme compromiso de fortalecer la educaci\u00f3n y brindar mejores&#8230;<\/p>\n","protected":false},"author":1,"featured_media":176093,"comment_status":"closed","ping_status":"closed","sticky":false,"template":"","format":"standard","meta":{"footnotes":"","jetpack_publicize_message":"","jetpack_publicize_feature_enabled":true,"jetpack_social_post_already_shared":true,"jetpack_social_options":{"image_generator_settings":{"template":"highway","default_image_id":0,"font":"","enabled":false},"version":2}},"categories":[16,25],"tags":[],"class_list":["post-176088","post","type-post","status-publish","format-standard","has-post-thumbnail","hentry","category-nuevolaredo","category-portada"],"jetpack_publicize_connections":[],"_links":{"self":[{"href":"https:\/\/www.buroperiodistico.com.mx\/index.php?rest_route=\/wp\/v2\/posts\/176088","targetHints":{"allow":["GET"]}}],"collection":[{"href":"https:\/\/www.buroperiodistico.com.mx\/index.php?rest_route=\/wp\/v2\/posts"}],"about":[{"href":"https:\/\/www.buroperiodistico.com.mx\/index.php?rest_route=\/wp\/v2\/types\/post"}],"author":[{"embeddable":true,"href":"https:\/\/www.buroperiodistico.com.mx\/index.php?rest_route=\/wp\/v2\/users\/1"}],"replies":[{"embeddable":true,"href":"https:\/\/www.buroperiodistico.com.mx\/index.php?rest_route=%2Fwp%2Fv2%2Fcomments&post=176088"}],"version-history":[{"count":0,"href":"https:\/\/www.buroperiodistico.com.mx\/index.php?rest_route=\/wp\/v2\/posts\/176088\/revisions"}],"wp:featuredmedia":[{"embeddable":true,"href":"https:\/\/www.buroperiodistico.com.mx\/index.php?rest_route=\/wp\/v2\/media\/176093"}],"wp:attachment":[{"href":"https:\/\/www.buroperiodistico.com.mx\/index.php?rest_route=%2Fwp%2Fv2%2Fmedia&parent=176088"}],"wp:term":[{"taxonomy":"category","embeddable":true,"href":"https:\/\/www.buroperiodistico.com.mx\/index.php?rest_route=%2Fwp%2Fv2%2Fcategories&post=176088"},{"taxonomy":"post_tag","embeddable":true,"href":"https:\/\/www.buroperiodistico.com.mx\/index.php?rest_route=%2Fwp%2Fv2%2Ftags&post=176088"}],"curies":[{"name":"wp","href":"https:\/\/api.w.org\/{rel}","templated":true}]}}