{"id":176078,"date":"2025-09-01T17:14:39","date_gmt":"2025-09-01T22:14:39","guid":{"rendered":"https:\/\/www.buroperiodistico.com.mx\/?p=176078"},"modified":"2025-09-01T17:14:39","modified_gmt":"2025-09-01T22:14:39","slug":"en-educacion-basica-inicia-la-formacion-y-se-forjan-las-y-los-ciudadanos-que-transformaran-a-tamaulipas","status":"publish","type":"post","link":"https:\/\/www.buroperiodistico.com.mx\/?p=176078","title":{"rendered":"En educaci\u00f3n b\u00e1sica inicia la formaci\u00f3n y se forjan las y los ciudadanos que transformar\u00e1n a Tamaulipas"},"content":{"rendered":"<p><em><strong><img loading=\"lazy\" decoding=\"async\" class=\" wp-image-176082 alignright\" src=\"https:\/\/www.buroperiodistico.com.mx\/wp-content\/uploads\/2025\/09\/SSTTamaulipas.jpeg\" alt=\"\" width=\"565\" height=\"349\" srcset=\"https:\/\/www.buroperiodistico.com.mx\/wp-content\/uploads\/2025\/09\/SSTTamaulipas.jpeg 1024w, https:\/\/www.buroperiodistico.com.mx\/wp-content\/uploads\/2025\/09\/SSTTamaulipas-300x185.jpeg 300w, https:\/\/www.buroperiodistico.com.mx\/wp-content\/uploads\/2025\/09\/SSTTamaulipas-768x475.jpeg 768w\" sizes=\"auto, (max-width: 565px) 100vw, 565px\" \/>Tula, Tamaulipas (1-Septiembre-2025).-<\/strong><\/em> Por instrucci\u00f3n del gobernador Am\u00e9rico Villarreal Anaya, el secretario de Salud, Vicente Joel Hern\u00e1ndez Navarro, realiz\u00f3 el arranque del ciclo escolar 2025-2026 en la Escuela Secundaria General \u00abAlberto Carrera Torres\u00bb de este municipio, as\u00ed como la entrega de libros de texto, paquetes de \u00fatiles y uniformes escolares a ni\u00f1as, ni\u00f1os y adolescentes de esta localidad.<\/p>\n<p>Para hacer presente el humanismo y la transformaci\u00f3n que representa el gobierno de la presidenta Claudia Sheinbaum Pardo, de manera simult\u00e1nea y en cada rinc\u00f3n de Tamaulipas, se dio el arranque oficial a esta jornada educativa en todas las escuelas de nivel b\u00e1sico. En Tula, el titular de la dependencia estatal exhort\u00f3 a las y los estudiantes a seguir avanzando en la formaci\u00f3n de su futuro, para continuar transformando a Tamaulipas.<\/p>\n<p>Al dirigir la ceremonia de inicio del ciclo escolar, el secretario de Salud destac\u00f3 que se entregaron 3.8 millones de libros de texto, medio mill\u00f3n de paquetes de \u00fatiles escolares y, como un criterio de equidad, se distribuyeron 50 mil uniformes escolares a ni\u00f1os y ni\u00f1as de 25 municipios. Esto, m\u00e1s que un beneficio econ\u00f3mico, representa un acto de justicia social y compromiso del gobierno de la transformaci\u00f3n por el bienestar de la ni\u00f1ez y la juventud tamaulipeca.<\/p>\n<p>Hern\u00e1ndez Navarro mencion\u00f3 en su discurso que: \u201cLa educaci\u00f3n b\u00e1sica representa el desarrollo de nuestra sociedad. Es donde inicia la formaci\u00f3n, donde se forjan los valores que los acompa\u00f1ar\u00e1n a lo largo de sus vidas; donde se establecen lazos de amistad y compa\u00f1erismo, y se presentan experiencias que les permitir\u00e1n convertirse en las y los ciudadanos que transformar\u00e1n a Tamaulipas.\u201d<\/p>\n<p>Por su parte, el presidente municipal, Ren\u00e9 Lara Cisneros, agradeci\u00f3 el apoyo del gobierno y la visi\u00f3n concreta que ha tenido para este municipio el doctor Am\u00e9rico Villarreal Anaya, como han sido las becas y el programa \u201cLa Escuela es Nuestra\u201d.<\/p>\n<p>\u201cY hoy recibimos estos apoyos: los libros, los uniformes, los \u00fatiles escolares, sin dejar atr\u00e1s los desayunos que env\u00eda el DIF estatal. Por todo esto, muchas gracias y recordarles a nuestros alumnos que sin educaci\u00f3n no hay transformaci\u00f3n.\u201d<\/p>\n<p>En el arranque de estas actividades escolares se cont\u00f3 con la presencia de la presidenta municipal del DIF, Macarena Inurrigarro de Lara; el representante del Centro Regional de Educaci\u00f3n en Tula, Aurelio Castillo Tovar; el representante sindical de la Coordinaci\u00f3n 10 del municipio, Humberto Olvera Cruz; el director de la Escuela Secundaria \u201cAlberto Carrera Torres\u201d, Miguel \u00c1ngel Gaufeni Luna; en representaci\u00f3n de los alumnos, Alejandra Ramos Ochoa, y la representante de los padres de familia, Adela Barr\u00f3n Bautista.<\/p>\n<p><img loading=\"lazy\" decoding=\"async\" class=\"aligncenter size-full wp-image-176079\" src=\"https:\/\/www.buroperiodistico.com.mx\/wp-content\/uploads\/2025\/09\/SSTTamaulipas-I.jpeg\" alt=\"\" width=\"640\" height=\"427\" srcset=\"https:\/\/www.buroperiodistico.com.mx\/wp-content\/uploads\/2025\/09\/SSTTamaulipas-I.jpeg 640w, https:\/\/www.buroperiodistico.com.mx\/wp-content\/uploads\/2025\/09\/SSTTamaulipas-I-300x200.jpeg 300w\" sizes=\"auto, (max-width: 640px) 100vw, 640px\" \/> <img loading=\"lazy\" decoding=\"async\" class=\"aligncenter size-full wp-image-176080\" src=\"https:\/\/www.buroperiodistico.com.mx\/wp-content\/uploads\/2025\/09\/SSTTamaulipas-II.jpeg\" alt=\"\" width=\"640\" height=\"427\" srcset=\"https:\/\/www.buroperiodistico.com.mx\/wp-content\/uploads\/2025\/09\/SSTTamaulipas-II.jpeg 640w, https:\/\/www.buroperiodistico.com.mx\/wp-content\/uploads\/2025\/09\/SSTTamaulipas-II-300x200.jpeg 300w\" sizes=\"auto, (max-width: 640px) 100vw, 640px\" \/> <img loading=\"lazy\" decoding=\"async\" class=\"aligncenter size-full wp-image-176081\" src=\"https:\/\/www.buroperiodistico.com.mx\/wp-content\/uploads\/2025\/09\/SSTTamaulipas-III.jpeg\" alt=\"\" width=\"640\" height=\"427\" srcset=\"https:\/\/www.buroperiodistico.com.mx\/wp-content\/uploads\/2025\/09\/SSTTamaulipas-III.jpeg 640w, https:\/\/www.buroperiodistico.com.mx\/wp-content\/uploads\/2025\/09\/SSTTamaulipas-III-300x200.jpeg 300w\" sizes=\"auto, (max-width: 640px) 100vw, 640px\" \/><\/p>\n","protected":false},"excerpt":{"rendered":"<p>Tula, Tamaulipas (1-Septiembre-2025).- Por instrucci\u00f3n del gobernador Am\u00e9rico Villarreal Anaya, el secretario de Salud, Vicente&#8230;<\/p>\n","protected":false},"author":1,"featured_media":176082,"comment_status":"closed","ping_status":"closed","sticky":false,"template":"","format":"standard","meta":{"footnotes":"","jetpack_publicize_message":"","jetpack_publicize_feature_enabled":true,"jetpack_social_post_already_shared":true,"jetpack_social_options":{"image_generator_settings":{"template":"highway","default_image_id":0,"font":"","enabled":false},"version":2}},"categories":[10],"tags":[],"class_list":["post-176078","post","type-post","status-publish","format-standard","has-post-thumbnail","hentry","category-tamaulipas"],"jetpack_publicize_connections":[],"_links":{"self":[{"href":"https:\/\/www.buroperiodistico.com.mx\/index.php?rest_route=\/wp\/v2\/posts\/176078","targetHints":{"allow":["GET"]}}],"collection":[{"href":"https:\/\/www.buroperiodistico.com.mx\/index.php?rest_route=\/wp\/v2\/posts"}],"about":[{"href":"https:\/\/www.buroperiodistico.com.mx\/index.php?rest_route=\/wp\/v2\/types\/post"}],"author":[{"embeddable":true,"href":"https:\/\/www.buroperiodistico.com.mx\/index.php?rest_route=\/wp\/v2\/users\/1"}],"replies":[{"embeddable":true,"href":"https:\/\/www.buroperiodistico.com.mx\/index.php?rest_route=%2Fwp%2Fv2%2Fcomments&post=176078"}],"version-history":[{"count":0,"href":"https:\/\/www.buroperiodistico.com.mx\/index.php?rest_route=\/wp\/v2\/posts\/176078\/revisions"}],"wp:featuredmedia":[{"embeddable":true,"href":"https:\/\/www.buroperiodistico.com.mx\/index.php?rest_route=\/wp\/v2\/media\/176082"}],"wp:attachment":[{"href":"https:\/\/www.buroperiodistico.com.mx\/index.php?rest_route=%2Fwp%2Fv2%2Fmedia&parent=176078"}],"wp:term":[{"taxonomy":"category","embeddable":true,"href":"https:\/\/www.buroperiodistico.com.mx\/index.php?rest_route=%2Fwp%2Fv2%2Fcategories&post=176078"},{"taxonomy":"post_tag","embeddable":true,"href":"https:\/\/www.buroperiodistico.com.mx\/index.php?rest_route=%2Fwp%2Fv2%2Ftags&post=176078"}],"curies":[{"name":"wp","href":"https:\/\/api.w.org\/{rel}","templated":true}]}}