{"id":176072,"date":"2025-09-01T17:07:37","date_gmt":"2025-09-01T22:07:37","guid":{"rendered":"https:\/\/www.buroperiodistico.com.mx\/?p=176072"},"modified":"2025-09-01T17:07:37","modified_gmt":"2025-09-01T22:07:37","slug":"inaugura-sedener-ciclo-escolar-2025-2026-en-llera-y-diaz-ordaz","status":"publish","type":"post","link":"https:\/\/www.buroperiodistico.com.mx\/?p=176072","title":{"rendered":"Inaugura SEDENER ciclo escolar 2025-2026 en Llera y D\u00edaz Ordaz"},"content":{"rendered":"<p><em><strong><img loading=\"lazy\" decoding=\"async\" class=\" wp-image-176076 alignright\" src=\"https:\/\/www.buroperiodistico.com.mx\/wp-content\/uploads\/2025\/09\/SDEOrdaz.jpeg\" alt=\"\" width=\"497\" height=\"292\" srcset=\"https:\/\/www.buroperiodistico.com.mx\/wp-content\/uploads\/2025\/09\/SDEOrdaz.jpeg 1024w, https:\/\/www.buroperiodistico.com.mx\/wp-content\/uploads\/2025\/09\/SDEOrdaz-300x176.jpeg 300w, https:\/\/www.buroperiodistico.com.mx\/wp-content\/uploads\/2025\/09\/SDEOrdaz-768x452.jpeg 768w\" sizes=\"auto, (max-width: 497px) 100vw, 497px\" \/>Llera, Tamaulipas (1-Septiembre-2025).-<\/strong><\/em> En representaci\u00f3n del gobernador Am\u00e9rico Villarreal Anaya, el secretario de Desarrollo Energ\u00e9tico de Tamaulipas, Walter Juli\u00e1n \u00c1ngel Jim\u00e9nez, y el subsecretario de Inversi\u00f3n, Proyectos Estrat\u00e9gicos y Desarrollo Sostenible, \u00d3scar Xitec P\u00e9rez Contreras, inauguraron el ciclo escolar 2025-2026 en Llera y D\u00edaz Ordaz, respectivamente.<\/p>\n<p>En el acto protocolario en el Jard\u00edn de Ni\u00f1os \u201cEstefan\u00eda Casta\u00f1eda\u201d del municipio de Llera, el secretario \u00c1ngel Jim\u00e9nez junto al presidente municipal de este municipio, Mois\u00e9s Borj\u00f3n Olvera, refrend\u00f3 el mensaje y la visi\u00f3n del doctor Villarreal Anaya, donde la educaci\u00f3n es un camino para la construcci\u00f3n de paz y bienestar.<\/p>\n<p>\u201cNuestro gobernador lo tiene muy claro: la educaci\u00f3n debe ser un derecho garantizado para todas y todos, sin distinciones ni barreras. Por ello ha impulsado una visi\u00f3n humanista y cada ciclo escolar va concretando los avances de la Nueva Escuela Mexicana, que establece la ruta de la mejor\u00eda permanente de la educaci\u00f3n que ustedes reciben. Es el caso de la mejora de las condiciones materiales de sus planteles, el acceso a herramientas did\u00e1cticas, libros, tecnolog\u00eda y contenidos cient\u00edficos, as\u00ed como de orden c\u00edvico\u201d, se\u00f1al\u00f3 el secretario.<\/p>\n<p>Por su parte, el subsecretario \u00d3scar Xitec P\u00e9rez asisti\u00f3 a la escuela primaria \u201cProf. Genaro G. Ru\u00edz\u201d en D\u00edaz Ordaz, donde llev\u00f3 el mensaje: \u201cLa educaci\u00f3n b\u00e1sica representa los cimientos del desarrollo de nuestra sociedad\u201d.<\/p>\n<p>Junto a la presidenta de este municipio, Nataly Garc\u00eda D\u00edaz, y la l\u00ednea de honor, hicieron entrega de \u00fatiles escolares y uniformes, en cumplimiento al Plan Estatal de Desarrollo 2023-2028, Eje 2 \u201cPol\u00edtica Social para el Bienestar\u201d, garantizando una educaci\u00f3n para ni\u00f1as, ni\u00f1os, adolescentes y j\u00f3venes tamaulipecos.<\/p>\n<p>Con esto la SEDENER se sum\u00f3 a la entrega de m\u00e1s de 3.8 millones de libros de texto gratuitos, m\u00e1s de medio mill\u00f3n de paquetes de \u00fatiles escolares y alrededor de 50 mil uniformes en apoyo a las familias que m\u00e1s lo requieren.<\/p>\n<p><img loading=\"lazy\" decoding=\"async\" class=\"aligncenter size-full wp-image-176073\" src=\"https:\/\/www.buroperiodistico.com.mx\/wp-content\/uploads\/2025\/09\/SDEOrdaz-I.jpeg\" alt=\"\" width=\"640\" height=\"424\" srcset=\"https:\/\/www.buroperiodistico.com.mx\/wp-content\/uploads\/2025\/09\/SDEOrdaz-I.jpeg 640w, https:\/\/www.buroperiodistico.com.mx\/wp-content\/uploads\/2025\/09\/SDEOrdaz-I-300x199.jpeg 300w\" sizes=\"auto, (max-width: 640px) 100vw, 640px\" \/> <img loading=\"lazy\" decoding=\"async\" class=\"aligncenter size-full wp-image-176075\" src=\"https:\/\/www.buroperiodistico.com.mx\/wp-content\/uploads\/2025\/09\/SDEOrdaz-III.jpeg\" alt=\"\" width=\"640\" height=\"359\" srcset=\"https:\/\/www.buroperiodistico.com.mx\/wp-content\/uploads\/2025\/09\/SDEOrdaz-III.jpeg 640w, https:\/\/www.buroperiodistico.com.mx\/wp-content\/uploads\/2025\/09\/SDEOrdaz-III-300x168.jpeg 300w\" sizes=\"auto, (max-width: 640px) 100vw, 640px\" \/> <img loading=\"lazy\" decoding=\"async\" class=\"aligncenter size-full wp-image-176074\" src=\"https:\/\/www.buroperiodistico.com.mx\/wp-content\/uploads\/2025\/09\/SDEOrdaz-II.jpeg\" alt=\"\" width=\"640\" height=\"359\" srcset=\"https:\/\/www.buroperiodistico.com.mx\/wp-content\/uploads\/2025\/09\/SDEOrdaz-II.jpeg 640w, https:\/\/www.buroperiodistico.com.mx\/wp-content\/uploads\/2025\/09\/SDEOrdaz-II-300x168.jpeg 300w\" sizes=\"auto, (max-width: 640px) 100vw, 640px\" \/><\/p>\n","protected":false},"excerpt":{"rendered":"<p>Llera, Tamaulipas (1-Septiembre-2025).- En representaci\u00f3n del gobernador Am\u00e9rico Villarreal Anaya, el secretario de Desarrollo Energ\u00e9tico&#8230;<\/p>\n","protected":false},"author":1,"featured_media":176076,"comment_status":"closed","ping_status":"closed","sticky":false,"template":"","format":"standard","meta":{"footnotes":"","jetpack_publicize_message":"","jetpack_publicize_feature_enabled":true,"jetpack_social_post_already_shared":true,"jetpack_social_options":{"image_generator_settings":{"template":"highway","default_image_id":0,"font":"","enabled":false},"version":2}},"categories":[10],"tags":[],"class_list":["post-176072","post","type-post","status-publish","format-standard","has-post-thumbnail","hentry","category-tamaulipas"],"jetpack_publicize_connections":[],"_links":{"self":[{"href":"https:\/\/www.buroperiodistico.com.mx\/index.php?rest_route=\/wp\/v2\/posts\/176072","targetHints":{"allow":["GET"]}}],"collection":[{"href":"https:\/\/www.buroperiodistico.com.mx\/index.php?rest_route=\/wp\/v2\/posts"}],"about":[{"href":"https:\/\/www.buroperiodistico.com.mx\/index.php?rest_route=\/wp\/v2\/types\/post"}],"author":[{"embeddable":true,"href":"https:\/\/www.buroperiodistico.com.mx\/index.php?rest_route=\/wp\/v2\/users\/1"}],"replies":[{"embeddable":true,"href":"https:\/\/www.buroperiodistico.com.mx\/index.php?rest_route=%2Fwp%2Fv2%2Fcomments&post=176072"}],"version-history":[{"count":0,"href":"https:\/\/www.buroperiodistico.com.mx\/index.php?rest_route=\/wp\/v2\/posts\/176072\/revisions"}],"wp:featuredmedia":[{"embeddable":true,"href":"https:\/\/www.buroperiodistico.com.mx\/index.php?rest_route=\/wp\/v2\/media\/176076"}],"wp:attachment":[{"href":"https:\/\/www.buroperiodistico.com.mx\/index.php?rest_route=%2Fwp%2Fv2%2Fmedia&parent=176072"}],"wp:term":[{"taxonomy":"category","embeddable":true,"href":"https:\/\/www.buroperiodistico.com.mx\/index.php?rest_route=%2Fwp%2Fv2%2Fcategories&post=176072"},{"taxonomy":"post_tag","embeddable":true,"href":"https:\/\/www.buroperiodistico.com.mx\/index.php?rest_route=%2Fwp%2Fv2%2Ftags&post=176072"}],"curies":[{"name":"wp","href":"https:\/\/api.w.org\/{rel}","templated":true}]}}