{"id":176049,"date":"2025-09-01T16:48:10","date_gmt":"2025-09-01T21:48:10","guid":{"rendered":"https:\/\/www.buroperiodistico.com.mx\/?p=176049"},"modified":"2025-09-01T16:48:10","modified_gmt":"2025-09-01T21:48:10","slug":"inaugura-director-del-injuve-ciclo-escolar-2025-2026-en-la-escuela-redencion-del-campesino-municipio-de-bustamante","status":"publish","type":"post","link":"https:\/\/www.buroperiodistico.com.mx\/?p=176049","title":{"rendered":"Inaugura director del INJUVE Ciclo Escolar 2025-2026 en la Escuela \u201cRedenci\u00f3n del Campesino\u201d municipio de Bustamante"},"content":{"rendered":"<ul>\n<li><strong><em>En este regreso a clases se entregaron \u00fatiles escolares al 100% de los estudiantes de educaci\u00f3n b\u00e1sica y preescolar, as\u00ed como uniformes en los 25 municipios catalogados con mayor rezago social<\/em><\/strong><\/li>\n<\/ul>\n<p><strong><img loading=\"lazy\" decoding=\"async\" class=\" wp-image-176055 alignright\" src=\"https:\/\/www.buroperiodistico.com.mx\/wp-content\/uploads\/2025\/09\/IJUBustamante.jpeg\" alt=\"\" width=\"538\" height=\"331\" srcset=\"https:\/\/www.buroperiodistico.com.mx\/wp-content\/uploads\/2025\/09\/IJUBustamante.jpeg 1024w, https:\/\/www.buroperiodistico.com.mx\/wp-content\/uploads\/2025\/09\/IJUBustamante-300x185.jpeg 300w, https:\/\/www.buroperiodistico.com.mx\/wp-content\/uploads\/2025\/09\/IJUBustamante-768x473.jpeg 768w\" sizes=\"auto, (max-width: 538px) 100vw, 538px\" \/>Bustamante, Tamaulipas (1-Septiembre-2025).-<\/strong> En representaci\u00f3n del gobernador del Estado de Tamaulipas, el doctor Am\u00e9rico Villarreal Anaya, el director general del Instituto de la Juventud (INJUVE), Oscar Azael Rodr\u00edguez Perales, inaugur\u00f3 el Ciclo Escolar 2025-2026 en la Escuela Primaria \u201cRedenci\u00f3n del Campesino\u201d municipio de Bustamante.<\/p>\n<p>En presencia de la alcaldesa, Marisela Rodr\u00edguez Gonz\u00e1lez, el titular del INJUVE expres\u00f3, \u201ces muy grato estar aqu\u00ed con ustedes y dar la bienvenida a alumnos, maestros y trabajadores administrativos para dar inicio a este ciclo escolar\u201d.<\/p>\n<p>Y enfatiz\u00f3, \u201cen el marco del humanismo mexicano, reafirmamos nuestro compromiso con la educaci\u00f3n como un pilar fundamental para la transformaci\u00f3n de la vida de nuestras ni\u00f1as y ni\u00f1os\u201d.<\/p>\n<p>\u201cLa participaci\u00f3n activa de la sociedad es crucial para lograr este objetivo, as\u00ed como el papel invaluable de nuestras maestras y maestros, quienes acercan las herramientas necesarias para el desarrollo de nuestros estudiantes\u201d.<\/p>\n<p>Oscar Rodr\u00edguez Perales, destac\u00f3 que, \u201cen este regreso a clases, nuestro gobierno respalda a las familias tamaulipecas con la entrega de libros de textos gratuitos, \u00fatiles escolares para el 100% de los estudiantes de educaci\u00f3n b\u00e1sica y preescolar, as\u00ed como uniformes en los 25 municipios catalogados con mayor rezago social, asegurando que cada ni\u00f1o y ni\u00f1a cuente con lo necesario para un ciclo escolar exitoso\u201d.<\/p>\n<p>Refiri\u00f3 que esta jornada es parte del esfuerzo conjunto con la Secretar\u00eda del Trabajo y Previsi\u00f3n Social (STyPS), que dirige Luis Gerardo Illoldi Reyes, en la formaci\u00f3n de nuevas generaciones capaz de desarrollarse en el \u00e1mbito profesional y laboral.<\/p>\n<p>La ceremonia se realiz\u00f3 dentro del marco de actividades con motivo del regreso a clases, acto simult\u00e1neo que se llev\u00f3 a cabo este 01 de septiembre en los 43 municipios de la entidad.<\/p>\n<p><img loading=\"lazy\" decoding=\"async\" class=\"aligncenter size-full wp-image-176050\" src=\"https:\/\/www.buroperiodistico.com.mx\/wp-content\/uploads\/2025\/09\/IJUBustamante-I.jpeg\" alt=\"\" width=\"640\" height=\"426\" srcset=\"https:\/\/www.buroperiodistico.com.mx\/wp-content\/uploads\/2025\/09\/IJUBustamante-I.jpeg 640w, https:\/\/www.buroperiodistico.com.mx\/wp-content\/uploads\/2025\/09\/IJUBustamante-I-300x200.jpeg 300w\" sizes=\"auto, (max-width: 640px) 100vw, 640px\" \/> <img loading=\"lazy\" decoding=\"async\" class=\"aligncenter size-full wp-image-176054\" src=\"https:\/\/www.buroperiodistico.com.mx\/wp-content\/uploads\/2025\/09\/IJUBustamante-IIIII.jpeg\" alt=\"\" width=\"640\" height=\"426\" srcset=\"https:\/\/www.buroperiodistico.com.mx\/wp-content\/uploads\/2025\/09\/IJUBustamante-IIIII.jpeg 640w, https:\/\/www.buroperiodistico.com.mx\/wp-content\/uploads\/2025\/09\/IJUBustamante-IIIII-300x200.jpeg 300w\" sizes=\"auto, (max-width: 640px) 100vw, 640px\" \/> <img loading=\"lazy\" decoding=\"async\" class=\"aligncenter size-full wp-image-176053\" src=\"https:\/\/www.buroperiodistico.com.mx\/wp-content\/uploads\/2025\/09\/IJUBustamante-IIII.jpeg\" alt=\"\" width=\"640\" height=\"426\" srcset=\"https:\/\/www.buroperiodistico.com.mx\/wp-content\/uploads\/2025\/09\/IJUBustamante-IIII.jpeg 640w, https:\/\/www.buroperiodistico.com.mx\/wp-content\/uploads\/2025\/09\/IJUBustamante-IIII-300x200.jpeg 300w\" sizes=\"auto, (max-width: 640px) 100vw, 640px\" \/> <img loading=\"lazy\" decoding=\"async\" class=\"aligncenter size-full wp-image-176052\" src=\"https:\/\/www.buroperiodistico.com.mx\/wp-content\/uploads\/2025\/09\/IJUBustamante-III.jpeg\" alt=\"\" width=\"640\" height=\"426\" srcset=\"https:\/\/www.buroperiodistico.com.mx\/wp-content\/uploads\/2025\/09\/IJUBustamante-III.jpeg 640w, https:\/\/www.buroperiodistico.com.mx\/wp-content\/uploads\/2025\/09\/IJUBustamante-III-300x200.jpeg 300w\" sizes=\"auto, (max-width: 640px) 100vw, 640px\" \/> <img loading=\"lazy\" decoding=\"async\" class=\"aligncenter size-full wp-image-176051\" src=\"https:\/\/www.buroperiodistico.com.mx\/wp-content\/uploads\/2025\/09\/IJUBustamante-II.jpeg\" alt=\"\" width=\"640\" height=\"426\" srcset=\"https:\/\/www.buroperiodistico.com.mx\/wp-content\/uploads\/2025\/09\/IJUBustamante-II.jpeg 640w, https:\/\/www.buroperiodistico.com.mx\/wp-content\/uploads\/2025\/09\/IJUBustamante-II-300x200.jpeg 300w\" sizes=\"auto, (max-width: 640px) 100vw, 640px\" \/><\/p>\n","protected":false},"excerpt":{"rendered":"<p>En este regreso a clases se entregaron \u00fatiles escolares al 100% de los estudiantes de&#8230;<\/p>\n","protected":false},"author":1,"featured_media":176055,"comment_status":"closed","ping_status":"closed","sticky":false,"template":"","format":"standard","meta":{"footnotes":"","jetpack_publicize_message":"","jetpack_publicize_feature_enabled":true,"jetpack_social_post_already_shared":true,"jetpack_social_options":{"image_generator_settings":{"template":"highway","default_image_id":0,"font":"","enabled":false},"version":2}},"categories":[10],"tags":[],"class_list":["post-176049","post","type-post","status-publish","format-standard","has-post-thumbnail","hentry","category-tamaulipas"],"jetpack_publicize_connections":[],"_links":{"self":[{"href":"https:\/\/www.buroperiodistico.com.mx\/index.php?rest_route=\/wp\/v2\/posts\/176049","targetHints":{"allow":["GET"]}}],"collection":[{"href":"https:\/\/www.buroperiodistico.com.mx\/index.php?rest_route=\/wp\/v2\/posts"}],"about":[{"href":"https:\/\/www.buroperiodistico.com.mx\/index.php?rest_route=\/wp\/v2\/types\/post"}],"author":[{"embeddable":true,"href":"https:\/\/www.buroperiodistico.com.mx\/index.php?rest_route=\/wp\/v2\/users\/1"}],"replies":[{"embeddable":true,"href":"https:\/\/www.buroperiodistico.com.mx\/index.php?rest_route=%2Fwp%2Fv2%2Fcomments&post=176049"}],"version-history":[{"count":0,"href":"https:\/\/www.buroperiodistico.com.mx\/index.php?rest_route=\/wp\/v2\/posts\/176049\/revisions"}],"wp:featuredmedia":[{"embeddable":true,"href":"https:\/\/www.buroperiodistico.com.mx\/index.php?rest_route=\/wp\/v2\/media\/176055"}],"wp:attachment":[{"href":"https:\/\/www.buroperiodistico.com.mx\/index.php?rest_route=%2Fwp%2Fv2%2Fmedia&parent=176049"}],"wp:term":[{"taxonomy":"category","embeddable":true,"href":"https:\/\/www.buroperiodistico.com.mx\/index.php?rest_route=%2Fwp%2Fv2%2Fcategories&post=176049"},{"taxonomy":"post_tag","embeddable":true,"href":"https:\/\/www.buroperiodistico.com.mx\/index.php?rest_route=%2Fwp%2Fv2%2Ftags&post=176049"}],"curies":[{"name":"wp","href":"https:\/\/api.w.org\/{rel}","templated":true}]}}