{"id":176041,"date":"2025-09-01T16:42:14","date_gmt":"2025-09-01T21:42:14","guid":{"rendered":"https:\/\/www.buroperiodistico.com.mx\/?p=176041"},"modified":"2025-09-01T16:42:14","modified_gmt":"2025-09-01T21:42:14","slug":"en-matamoros-secretario-de-finanzas-arranca-ciclo-escolar-2025-2026-en-representacion-del-gobernador-americo-villarreal","status":"publish","type":"post","link":"https:\/\/www.buroperiodistico.com.mx\/?p=176041","title":{"rendered":"En Matamoros, secretario de Finanzas arranca Ciclo Escolar 2025\u20132026 en representaci\u00f3n del gobernador Am\u00e9rico Villarreal"},"content":{"rendered":"<p><strong><em><img loading=\"lazy\" decoding=\"async\" class=\" wp-image-176047 alignright\" src=\"https:\/\/www.buroperiodistico.com.mx\/wp-content\/uploads\/2025\/09\/SFTVillarreal.jpeg\" alt=\"\" width=\"481\" height=\"280\" srcset=\"https:\/\/www.buroperiodistico.com.mx\/wp-content\/uploads\/2025\/09\/SFTVillarreal.jpeg 1024w, https:\/\/www.buroperiodistico.com.mx\/wp-content\/uploads\/2025\/09\/SFTVillarreal-300x175.jpeg 300w, https:\/\/www.buroperiodistico.com.mx\/wp-content\/uploads\/2025\/09\/SFTVillarreal-768x448.jpeg 768w\" sizes=\"auto, (max-width: 481px) 100vw, 481px\" \/>Matamoros, Tamaulipas (1-Septiembre-2025).-<\/em><\/strong> En un ambiente de entusiasmo, esperanza y compromiso con la transformaci\u00f3n educativa, se llev\u00f3 a cabo la Ceremonia de Inicio del Ciclo Escolar 2025\u20132026 en la Escuela Secundaria \u201cJaime Torres Bodet\u201d, ubicada en el municipio de Matamoros, Tamaulipas.<\/p>\n<p>El evento fue encabezado por Jes\u00fas Lav\u00edn Verastegui, secretario de Finanzas, en representaci\u00f3n del doctor Am\u00e9rico Villarreal Anaya, Gobernador Constitucional del Estado de Tamaulipas, acompa\u00f1ado por el presidente municipal de Matamoros, Jos\u00e9 Alberto Granados F\u00e1vila.<\/p>\n<p>Tambi\u00e9n estuvieron presentes Mara Herlinda Castillo Mar\u00edn, titular del Centro Regional de Desarrollo Educativo (CREDE) Matamoros, en representaci\u00f3n del secretario de Educaci\u00f3n del Estado, Miguel \u00c1ngel Valdez Garc\u00eda, as\u00ed como Dora El\u00eda Gonz\u00e1lez de la Rosa, representante sindical, y Rogelio Cinta Garc\u00eda, director del plantel anfitri\u00f3n.<\/p>\n<p>Como parte del acto protocolario, se realiz\u00f3 la entrega simb\u00f3lica de 535,930 libros de texto gratuitos y 79,429 paquetes de \u00fatiles escolares en beneficio de las y los estudiantes de nivel b\u00e1sico en el municipio, recursos fundamentales que garantizan el acceso igualitario a una educaci\u00f3n de calidad y con sentido social.<\/p>\n<p>Durante su intervenci\u00f3n, el presidente municipal, Jos\u00e9 Alberto Granados F\u00e1vila, reiter\u00f3 su compromiso con la mejora continua de los espacios educativos en Matamoros, se\u00f1alando que se continuar\u00e1 trabajando en la instalaci\u00f3n de techumbres, rehabilitaci\u00f3n de sanitarios y dotaci\u00f3n de materiales necesarios para fortalecer la infraestructura escolar y crear entornos dignos de aprendizaje.<\/p>\n<p>Por su parte, Jes\u00fas Lav\u00edn Verastegui destac\u00f3 el compromiso del Gobierno del Estado con la ni\u00f1ez y juventud tamaulipeca, reafirmando que la educaci\u00f3n es una prioridad en la agenda estatal.<\/p>\n<p>En este contexto, inform\u00f3 que, a nivel estatal, se entregar\u00e1n 538,048 paquetes de \u00fatiles escolares con una inversi\u00f3n total de 221.4 millones de pesos, as\u00ed como 46,894 uniformes escolares, cuya distribuci\u00f3n representa una inversi\u00f3n adicional de 55.4 millones de pesos.<\/p>\n<p>Asimismo, se resalt\u00f3 que la Escuela Secundaria \u201cJaime Torres Bodet\u201d fue beneficiada a trav\u00e9s del programa \u00abLa Escuela Es Nuestra\u00bb, con una inversi\u00f3n de 600 mil pesos durante el ciclo escolar 2024\u20132025, recursos destinados a la mejora de infraestructura y equipamiento educativo, lo cual refuerza el compromiso con la dignificaci\u00f3n de los espacios escolares.<\/p>\n<p>Por \u00faltimo se\u00f1al\u00f3 que este esfuerzo es reflejo del compromiso del gobernador Am\u00e9rico Villarreal Anaya, quien impulsa una pol\u00edtica educativa centrada en generar mejores condiciones para toda la comunidad escolar, dignificando los espacios educativos y garantizando que cada estudiante en Tamaulipas acceda a una educaci\u00f3n de calidad, en entornos seguros y con igualdad de oportunidades. Todo ello con el firme prop\u00f3sito de seguir transformando Tamaulipas con educaci\u00f3n, y m\u00e1s educaci\u00f3n<\/p>\n<p><img loading=\"lazy\" decoding=\"async\" class=\"aligncenter size-full wp-image-176042\" src=\"https:\/\/www.buroperiodistico.com.mx\/wp-content\/uploads\/2025\/09\/SFTVillarreal-I.jpeg\" alt=\"\" width=\"640\" height=\"426\" srcset=\"https:\/\/www.buroperiodistico.com.mx\/wp-content\/uploads\/2025\/09\/SFTVillarreal-I.jpeg 640w, https:\/\/www.buroperiodistico.com.mx\/wp-content\/uploads\/2025\/09\/SFTVillarreal-I-300x200.jpeg 300w\" sizes=\"auto, (max-width: 640px) 100vw, 640px\" \/> <img loading=\"lazy\" decoding=\"async\" class=\"aligncenter size-full wp-image-176046\" src=\"https:\/\/www.buroperiodistico.com.mx\/wp-content\/uploads\/2025\/09\/SFTVillarreal-IIIII.jpeg\" alt=\"\" width=\"640\" height=\"395\" srcset=\"https:\/\/www.buroperiodistico.com.mx\/wp-content\/uploads\/2025\/09\/SFTVillarreal-IIIII.jpeg 640w, https:\/\/www.buroperiodistico.com.mx\/wp-content\/uploads\/2025\/09\/SFTVillarreal-IIIII-300x185.jpeg 300w\" sizes=\"auto, (max-width: 640px) 100vw, 640px\" \/> <img loading=\"lazy\" decoding=\"async\" class=\"aligncenter size-full wp-image-176045\" src=\"https:\/\/www.buroperiodistico.com.mx\/wp-content\/uploads\/2025\/09\/SFTVillarreal-IIII.jpeg\" alt=\"\" width=\"640\" height=\"426\" srcset=\"https:\/\/www.buroperiodistico.com.mx\/wp-content\/uploads\/2025\/09\/SFTVillarreal-IIII.jpeg 640w, https:\/\/www.buroperiodistico.com.mx\/wp-content\/uploads\/2025\/09\/SFTVillarreal-IIII-300x200.jpeg 300w\" sizes=\"auto, (max-width: 640px) 100vw, 640px\" \/> <img loading=\"lazy\" decoding=\"async\" class=\"aligncenter size-full wp-image-176044\" src=\"https:\/\/www.buroperiodistico.com.mx\/wp-content\/uploads\/2025\/09\/SFTVillarreal-III.jpeg\" alt=\"\" width=\"613\" height=\"480\" srcset=\"https:\/\/www.buroperiodistico.com.mx\/wp-content\/uploads\/2025\/09\/SFTVillarreal-III.jpeg 613w, https:\/\/www.buroperiodistico.com.mx\/wp-content\/uploads\/2025\/09\/SFTVillarreal-III-300x235.jpeg 300w\" sizes=\"auto, (max-width: 613px) 100vw, 613px\" \/> <img loading=\"lazy\" decoding=\"async\" class=\"aligncenter size-full wp-image-176043\" src=\"https:\/\/www.buroperiodistico.com.mx\/wp-content\/uploads\/2025\/09\/SFTVillarreal-II.jpeg\" alt=\"\" width=\"640\" height=\"426\" srcset=\"https:\/\/www.buroperiodistico.com.mx\/wp-content\/uploads\/2025\/09\/SFTVillarreal-II.jpeg 640w, https:\/\/www.buroperiodistico.com.mx\/wp-content\/uploads\/2025\/09\/SFTVillarreal-II-300x200.jpeg 300w\" sizes=\"auto, (max-width: 640px) 100vw, 640px\" \/><\/p>\n","protected":false},"excerpt":{"rendered":"<p>Matamoros, Tamaulipas (1-Septiembre-2025).- En un ambiente de entusiasmo, esperanza y compromiso con la transformaci\u00f3n educativa,&#8230;<\/p>\n","protected":false},"author":1,"featured_media":176047,"comment_status":"closed","ping_status":"closed","sticky":false,"template":"","format":"standard","meta":{"footnotes":"","jetpack_publicize_message":"","jetpack_publicize_feature_enabled":true,"jetpack_social_post_already_shared":true,"jetpack_social_options":{"image_generator_settings":{"template":"highway","default_image_id":0,"font":"","enabled":false},"version":2}},"categories":[10],"tags":[],"class_list":["post-176041","post","type-post","status-publish","format-standard","has-post-thumbnail","hentry","category-tamaulipas"],"jetpack_publicize_connections":[],"_links":{"self":[{"href":"https:\/\/www.buroperiodistico.com.mx\/index.php?rest_route=\/wp\/v2\/posts\/176041","targetHints":{"allow":["GET"]}}],"collection":[{"href":"https:\/\/www.buroperiodistico.com.mx\/index.php?rest_route=\/wp\/v2\/posts"}],"about":[{"href":"https:\/\/www.buroperiodistico.com.mx\/index.php?rest_route=\/wp\/v2\/types\/post"}],"author":[{"embeddable":true,"href":"https:\/\/www.buroperiodistico.com.mx\/index.php?rest_route=\/wp\/v2\/users\/1"}],"replies":[{"embeddable":true,"href":"https:\/\/www.buroperiodistico.com.mx\/index.php?rest_route=%2Fwp%2Fv2%2Fcomments&post=176041"}],"version-history":[{"count":0,"href":"https:\/\/www.buroperiodistico.com.mx\/index.php?rest_route=\/wp\/v2\/posts\/176041\/revisions"}],"wp:featuredmedia":[{"embeddable":true,"href":"https:\/\/www.buroperiodistico.com.mx\/index.php?rest_route=\/wp\/v2\/media\/176047"}],"wp:attachment":[{"href":"https:\/\/www.buroperiodistico.com.mx\/index.php?rest_route=%2Fwp%2Fv2%2Fmedia&parent=176041"}],"wp:term":[{"taxonomy":"category","embeddable":true,"href":"https:\/\/www.buroperiodistico.com.mx\/index.php?rest_route=%2Fwp%2Fv2%2Fcategories&post=176041"},{"taxonomy":"post_tag","embeddable":true,"href":"https:\/\/www.buroperiodistico.com.mx\/index.php?rest_route=%2Fwp%2Fv2%2Ftags&post=176041"}],"curies":[{"name":"wp","href":"https:\/\/api.w.org\/{rel}","templated":true}]}}