{"id":176032,"date":"2025-09-01T16:25:16","date_gmt":"2025-09-01T21:25:16","guid":{"rendered":"https:\/\/www.buroperiodistico.com.mx\/?p=176032"},"modified":"2025-09-01T16:25:16","modified_gmt":"2025-09-01T21:25:16","slug":"inauguraron-estado-y-municipio-el-ciclo-escolar-2025-2026-en-reynosa","status":"publish","type":"post","link":"https:\/\/www.buroperiodistico.com.mx\/?p=176032","title":{"rendered":"Inauguraron Estado y Municipio el Ciclo Escolar 2025-2026 en Reynosa"},"content":{"rendered":"<ul>\n<li><strong><em>Presidieron el Secretario de Gobierno H\u00e9ctor Joel Villegas Gonz\u00e1lez y el Alcalde Carlos Pe\u00f1a Ortiz ceremonia de inicio y entrega de libros de texto gratuitos.<\/em><\/strong><\/li>\n<\/ul>\n<p><strong><img loading=\"lazy\" decoding=\"async\" class=\" wp-image-176039 alignright\" src=\"https:\/\/www.buroperiodistico.com.mx\/wp-content\/uploads\/2025\/09\/Alcax.jpeg\" alt=\"\" width=\"552\" height=\"350\" srcset=\"https:\/\/www.buroperiodistico.com.mx\/wp-content\/uploads\/2025\/09\/Alcax.jpeg 1024w, https:\/\/www.buroperiodistico.com.mx\/wp-content\/uploads\/2025\/09\/Alcax-300x190.jpeg 300w, https:\/\/www.buroperiodistico.com.mx\/wp-content\/uploads\/2025\/09\/Alcax-768x487.jpeg 768w\" sizes=\"auto, (max-width: 552px) 100vw, 552px\" \/>Reynosa, Tam (1-Septiembre-2025).-<\/strong> El Presidente Municipal Carlos Pe\u00f1a Ortiz, acompa\u00f1\u00f3 al Secretario General del Gobierno del Estado, H\u00e9ctor Joel Villegas Gonz\u00e1lez, representante del Gobernador Constitucional de Tamaulipas, Doctor Am\u00e9rico Villarreal Anaya, en la Ceremonia de Inicio de Ciclo Escolar 2025-2026 y Entrega de Libros de Texto Gratuitos y Paquetes de \u00datiles Escolares en Educaci\u00f3n B\u00e1sica en la escuela primaria Lauro Aguirre de la colonia Benito Ju\u00e1rez.<\/p>\n<p>\u00abHoy en este momento se est\u00e1n iniciando los trabajos en todo el estado, en los cuarenta y tres Ayuntamientos, por instrucciones de nuestro Gobernador, acompa\u00f1ados por las primeras autoridades y por todos ustedes, padres de familia, sector educativo, funcionarios estatales, el congreso local y, por supuesto, a los m\u00e1s importantes, nuestros ni\u00f1os y ni\u00f1as\u00bb, expres\u00f3 Villegas Gonz\u00e1lez.<\/p>\n<p>El Alcalde de Reynosa, en presencia de la Directora Gloria Margarita G\u00e1mez Z\u00fa\u00f1iga, destac\u00f3: \u00ablo m\u00e1s importante es la educaci\u00f3n de la siguiente generaci\u00f3n porque esta generaci\u00f3n que est\u00e1 aqu\u00ed ahorita creciendo son los que nos van a poder construir ese M\u00e9xico de paz, de oportunidades dignas que hemos so\u00f1ado y anhelado por ya much\u00edsimo tiempo\u00bb.<\/p>\n<p>\u00abEstoy seguro que todos los ni\u00f1os que est\u00e1n aqu\u00ed van a hacer de Reynosa una gran ciudad por el gran futuro que ellos tienen\u00bb, dijo el Alcalde, quien agradeci\u00f3 la honrosa presencia del Secretario H\u00e9ctor Joel Villegas; de la titular del Centro Regional de Desarrollo Educativo, Alicia Isabel Piza\u00f1a Navarro; de la representante sindical, Noraida Edith Guevara C\u00e1rdenas; Daisy Nereida Mart\u00ednez Rodr\u00edguez, por los padres de familia; del ni\u00f1o Ger\u00f3nimo Tadeo Posadas Guti\u00e9rrez; Maestros, funcionarios e integrantes del Congreso Estatal.<\/p>\n<p>Con aplausos de todos los asistentes, hoy lunes 1 de septiembre, el Presidente Municipal felicit\u00f3 a la Directora de la escuela primaria por cumplir 43 a\u00f1os de servicio, y 11 al frente de la instituci\u00f3n que hoy dirige.<\/p>\n<p>#ReynosaImparable<br \/>\n#GobiernoMunicipalDeReynosa<\/p>\n<p><img loading=\"lazy\" decoding=\"async\" class=\"aligncenter size-full wp-image-176033\" src=\"https:\/\/www.buroperiodistico.com.mx\/wp-content\/uploads\/2025\/09\/Alcax-I.jpeg\" alt=\"\" width=\"640\" height=\"427\" srcset=\"https:\/\/www.buroperiodistico.com.mx\/wp-content\/uploads\/2025\/09\/Alcax-I.jpeg 640w, https:\/\/www.buroperiodistico.com.mx\/wp-content\/uploads\/2025\/09\/Alcax-I-300x200.jpeg 300w\" sizes=\"auto, (max-width: 640px) 100vw, 640px\" \/> <img loading=\"lazy\" decoding=\"async\" class=\"aligncenter size-full wp-image-176038\" src=\"https:\/\/www.buroperiodistico.com.mx\/wp-content\/uploads\/2025\/09\/Alcax-IIIIII.jpeg\" alt=\"\" width=\"640\" height=\"427\" srcset=\"https:\/\/www.buroperiodistico.com.mx\/wp-content\/uploads\/2025\/09\/Alcax-IIIIII.jpeg 640w, https:\/\/www.buroperiodistico.com.mx\/wp-content\/uploads\/2025\/09\/Alcax-IIIIII-300x200.jpeg 300w\" sizes=\"auto, (max-width: 640px) 100vw, 640px\" \/> <img loading=\"lazy\" decoding=\"async\" class=\"aligncenter size-full wp-image-176037\" src=\"https:\/\/www.buroperiodistico.com.mx\/wp-content\/uploads\/2025\/09\/Alcax-IIIII.jpeg\" alt=\"\" width=\"640\" height=\"427\" srcset=\"https:\/\/www.buroperiodistico.com.mx\/wp-content\/uploads\/2025\/09\/Alcax-IIIII.jpeg 640w, https:\/\/www.buroperiodistico.com.mx\/wp-content\/uploads\/2025\/09\/Alcax-IIIII-300x200.jpeg 300w\" sizes=\"auto, (max-width: 640px) 100vw, 640px\" \/> <img loading=\"lazy\" decoding=\"async\" class=\"aligncenter size-full wp-image-176036\" src=\"https:\/\/www.buroperiodistico.com.mx\/wp-content\/uploads\/2025\/09\/Alcax-IIII.jpeg\" alt=\"\" width=\"640\" height=\"427\" srcset=\"https:\/\/www.buroperiodistico.com.mx\/wp-content\/uploads\/2025\/09\/Alcax-IIII.jpeg 640w, https:\/\/www.buroperiodistico.com.mx\/wp-content\/uploads\/2025\/09\/Alcax-IIII-300x200.jpeg 300w\" sizes=\"auto, (max-width: 640px) 100vw, 640px\" \/> <img loading=\"lazy\" decoding=\"async\" class=\"aligncenter size-full wp-image-176035\" src=\"https:\/\/www.buroperiodistico.com.mx\/wp-content\/uploads\/2025\/09\/Alcax-III.jpeg\" alt=\"\" width=\"640\" height=\"427\" srcset=\"https:\/\/www.buroperiodistico.com.mx\/wp-content\/uploads\/2025\/09\/Alcax-III.jpeg 640w, https:\/\/www.buroperiodistico.com.mx\/wp-content\/uploads\/2025\/09\/Alcax-III-300x200.jpeg 300w\" sizes=\"auto, (max-width: 640px) 100vw, 640px\" \/> <img loading=\"lazy\" decoding=\"async\" class=\"aligncenter size-full wp-image-176034\" src=\"https:\/\/www.buroperiodistico.com.mx\/wp-content\/uploads\/2025\/09\/Alcax-II.jpeg\" alt=\"\" width=\"640\" height=\"427\" srcset=\"https:\/\/www.buroperiodistico.com.mx\/wp-content\/uploads\/2025\/09\/Alcax-II.jpeg 640w, https:\/\/www.buroperiodistico.com.mx\/wp-content\/uploads\/2025\/09\/Alcax-II-300x200.jpeg 300w\" sizes=\"auto, (max-width: 640px) 100vw, 640px\" \/><\/p>\n","protected":false},"excerpt":{"rendered":"<p>Presidieron el Secretario de Gobierno H\u00e9ctor Joel Villegas Gonz\u00e1lez y el Alcalde Carlos Pe\u00f1a Ortiz&#8230;<\/p>\n","protected":false},"author":1,"featured_media":176039,"comment_status":"closed","ping_status":"closed","sticky":false,"template":"","format":"standard","meta":{"footnotes":"","jetpack_publicize_message":"","jetpack_publicize_feature_enabled":true,"jetpack_social_post_already_shared":true,"jetpack_social_options":{"image_generator_settings":{"template":"highway","default_image_id":0,"font":"","enabled":false},"version":2}},"categories":[25,9],"tags":[],"class_list":["post-176032","post","type-post","status-publish","format-standard","has-post-thumbnail","hentry","category-portada","category-reynosa"],"jetpack_publicize_connections":[],"_links":{"self":[{"href":"https:\/\/www.buroperiodistico.com.mx\/index.php?rest_route=\/wp\/v2\/posts\/176032","targetHints":{"allow":["GET"]}}],"collection":[{"href":"https:\/\/www.buroperiodistico.com.mx\/index.php?rest_route=\/wp\/v2\/posts"}],"about":[{"href":"https:\/\/www.buroperiodistico.com.mx\/index.php?rest_route=\/wp\/v2\/types\/post"}],"author":[{"embeddable":true,"href":"https:\/\/www.buroperiodistico.com.mx\/index.php?rest_route=\/wp\/v2\/users\/1"}],"replies":[{"embeddable":true,"href":"https:\/\/www.buroperiodistico.com.mx\/index.php?rest_route=%2Fwp%2Fv2%2Fcomments&post=176032"}],"version-history":[{"count":0,"href":"https:\/\/www.buroperiodistico.com.mx\/index.php?rest_route=\/wp\/v2\/posts\/176032\/revisions"}],"wp:featuredmedia":[{"embeddable":true,"href":"https:\/\/www.buroperiodistico.com.mx\/index.php?rest_route=\/wp\/v2\/media\/176039"}],"wp:attachment":[{"href":"https:\/\/www.buroperiodistico.com.mx\/index.php?rest_route=%2Fwp%2Fv2%2Fmedia&parent=176032"}],"wp:term":[{"taxonomy":"category","embeddable":true,"href":"https:\/\/www.buroperiodistico.com.mx\/index.php?rest_route=%2Fwp%2Fv2%2Fcategories&post=176032"},{"taxonomy":"post_tag","embeddable":true,"href":"https:\/\/www.buroperiodistico.com.mx\/index.php?rest_route=%2Fwp%2Fv2%2Ftags&post=176032"}],"curies":[{"name":"wp","href":"https:\/\/api.w.org\/{rel}","templated":true}]}}