{"id":176015,"date":"2025-09-01T14:56:20","date_gmt":"2025-09-01T19:56:20","guid":{"rendered":"https:\/\/www.buroperiodistico.com.mx\/?p=176015"},"modified":"2025-09-01T14:56:20","modified_gmt":"2025-09-01T19:56:20","slug":"reafirma-gobierno-del-estado-compromiso-con-la-educacion-de-calidad-en-altamira","status":"publish","type":"post","link":"https:\/\/www.buroperiodistico.com.mx\/?p=176015","title":{"rendered":"Reafirma Gobierno del Estado compromiso con la educaci\u00f3n de calidad en Altamira"},"content":{"rendered":"<ul>\n<li><strong><em>Con el arranque del ciclo escolar 2025\u20132026 en Altamira, el Gobierno de Tamaulipas reafirma que la educaci\u00f3n es un derecho garantizado, impulsando igualdad de oportunidades con la entrega de \u00fatiles y libros como un verdadero acto de justicia social<\/em><\/strong><\/li>\n<\/ul>\n<p><strong><img loading=\"lazy\" decoding=\"async\" class=\" wp-image-176023 alignright\" src=\"https:\/\/www.buroperiodistico.com.mx\/wp-content\/uploads\/2025\/09\/SDUAltamira.jpeg\" alt=\"\" width=\"581\" height=\"352\" srcset=\"https:\/\/www.buroperiodistico.com.mx\/wp-content\/uploads\/2025\/09\/SDUAltamira.jpeg 1024w, https:\/\/www.buroperiodistico.com.mx\/wp-content\/uploads\/2025\/09\/SDUAltamira-300x182.jpeg 300w, https:\/\/www.buroperiodistico.com.mx\/wp-content\/uploads\/2025\/09\/SDUAltamira-768x465.jpeg 768w\" sizes=\"auto, (max-width: 581px) 100vw, 581px\" \/>Altamira, Tamaulipas (1-Septiembre-2025).-<\/strong> Con la entrega de m\u00e1s de 40 mil paquetes de \u00fatiles y 257 mil libros de texto, el Gobierno de Tamaulipas marc\u00f3 el arranque del ciclo escolar 2025\u20132026 en el municipio de Altamira, reafirmando su compromiso con una educaci\u00f3n de calidad y en igualdad de condiciones.<\/p>\n<p>Con la representaci\u00f3n del gobernador Am\u00e9rico Villarreal Anaya, la secretaria de Desarrollo Urbano y Medio Ambiente, Karina Lizeth Sald\u00edvar Lartigue, encabez\u00f3 la ceremonia y destac\u00f3 que \u201cla educaci\u00f3n b\u00e1sica es el cimiento de nuestra sociedad, donde se forjan valores y conocimientos que acompa\u00f1ar\u00e1n a nuestras ni\u00f1as y ni\u00f1os toda la vida\u201d.<\/p>\n<p>En su mensaje resalt\u00f3 que, para el administraci\u00f3n estatal y el gobierno federal, la educaci\u00f3n debe ser un derecho garantizado para todas y todos, con apoyos que representan m\u00e1s que un ahorro econ\u00f3mico, un verdadero acto de justicia social.<\/p>\n<p>Sald\u00edvar Lartigue, subray\u00f3 que cada ciclo escolar consolida la visi\u00f3n humanista de la Nueva Escuela Mexicana, que impulsa la presidenta de la Rep\u00fablica, Claudia Sheimbaun Pardo, para busca mejorar la calidad educativa.<\/p>\n<p>En su intervenci\u00f3n, el alcalde Armando Mart\u00ednez Manr\u00edquez, extern\u00f3 que la escuela tambi\u00e9n es el espacio donde nacen la amistad y el compa\u00f1erismo que transforman comunidades.<\/p>\n<p>La ceremonia reuni\u00f3 a representantes del sector educativo y social. En representaci\u00f3n del secretario de Educaci\u00f3n, Miguel \u00c1ngel Valdez Garc\u00eda, asisti\u00f3 el titular del CREDE Altamira, Jorge Luis Cisneros Mart\u00ednez; tambi\u00e9n estuvieron presentes el director del plantel, Dionisio Luna Barraza; el representante del SNTE, Miguel \u00c1ngel Blanco Arteaga, y la presidenta del DIF Municipal, Rossy Luque de Mart\u00ednez. Su participaci\u00f3n refrend\u00f3 la voluntad com\u00fan de consolidar a la educaci\u00f3n como motor de bienestar y transformaci\u00f3n en Tamaulipas.<\/p>\n","protected":false},"excerpt":{"rendered":"<p>Con el arranque del ciclo escolar 2025\u20132026 en Altamira, el Gobierno de Tamaulipas reafirma que&#8230;<\/p>\n","protected":false},"author":1,"featured_media":176023,"comment_status":"closed","ping_status":"closed","sticky":false,"template":"","format":"standard","meta":{"footnotes":"","jetpack_publicize_message":"","jetpack_publicize_feature_enabled":true,"jetpack_social_post_already_shared":true,"jetpack_social_options":{"image_generator_settings":{"template":"highway","default_image_id":0,"font":"","enabled":false},"version":2}},"categories":[10],"tags":[],"class_list":["post-176015","post","type-post","status-publish","format-standard","has-post-thumbnail","hentry","category-tamaulipas"],"jetpack_publicize_connections":[],"_links":{"self":[{"href":"https:\/\/www.buroperiodistico.com.mx\/index.php?rest_route=\/wp\/v2\/posts\/176015","targetHints":{"allow":["GET"]}}],"collection":[{"href":"https:\/\/www.buroperiodistico.com.mx\/index.php?rest_route=\/wp\/v2\/posts"}],"about":[{"href":"https:\/\/www.buroperiodistico.com.mx\/index.php?rest_route=\/wp\/v2\/types\/post"}],"author":[{"embeddable":true,"href":"https:\/\/www.buroperiodistico.com.mx\/index.php?rest_route=\/wp\/v2\/users\/1"}],"replies":[{"embeddable":true,"href":"https:\/\/www.buroperiodistico.com.mx\/index.php?rest_route=%2Fwp%2Fv2%2Fcomments&post=176015"}],"version-history":[{"count":0,"href":"https:\/\/www.buroperiodistico.com.mx\/index.php?rest_route=\/wp\/v2\/posts\/176015\/revisions"}],"wp:featuredmedia":[{"embeddable":true,"href":"https:\/\/www.buroperiodistico.com.mx\/index.php?rest_route=\/wp\/v2\/media\/176023"}],"wp:attachment":[{"href":"https:\/\/www.buroperiodistico.com.mx\/index.php?rest_route=%2Fwp%2Fv2%2Fmedia&parent=176015"}],"wp:term":[{"taxonomy":"category","embeddable":true,"href":"https:\/\/www.buroperiodistico.com.mx\/index.php?rest_route=%2Fwp%2Fv2%2Fcategories&post=176015"},{"taxonomy":"post_tag","embeddable":true,"href":"https:\/\/www.buroperiodistico.com.mx\/index.php?rest_route=%2Fwp%2Fv2%2Ftags&post=176015"}],"curies":[{"name":"wp","href":"https:\/\/api.w.org\/{rel}","templated":true}]}}