{"id":176007,"date":"2025-09-01T14:48:19","date_gmt":"2025-09-01T19:48:19","guid":{"rendered":"https:\/\/www.buroperiodistico.com.mx\/?p=176007"},"modified":"2025-09-01T14:48:19","modified_gmt":"2025-09-01T19:48:19","slug":"inaugura-titular-de-la-stps-ciclo-escolar-2025-2026-en-victoria","status":"publish","type":"post","link":"https:\/\/www.buroperiodistico.com.mx\/?p=176007","title":{"rendered":"Inaugura titular de la STPS ciclo escolar 2025-2026 en Victoria"},"content":{"rendered":"<ul>\n<li><strong><em>Luis Gerardo Illoldi Reyes refrend\u00f3 el compromiso del gobernador Am\u00e9rico Villarreal Anaya quien apoy\u00f3 con la entrega de \u00fatiles escolares y uniformes<\/em><\/strong><\/li>\n<\/ul>\n<p><strong><img loading=\"lazy\" decoding=\"async\" class=\" wp-image-176013 alignright\" src=\"https:\/\/www.buroperiodistico.com.mx\/wp-content\/uploads\/2025\/09\/STRVictoria.jpeg\" alt=\"\" width=\"532\" height=\"300\" srcset=\"https:\/\/www.buroperiodistico.com.mx\/wp-content\/uploads\/2025\/09\/STRVictoria.jpeg 1024w, https:\/\/www.buroperiodistico.com.mx\/wp-content\/uploads\/2025\/09\/STRVictoria-300x169.jpeg 300w, https:\/\/www.buroperiodistico.com.mx\/wp-content\/uploads\/2025\/09\/STRVictoria-768x433.jpeg 768w\" sizes=\"auto, (max-width: 532px) 100vw, 532px\" \/>Ciudad Victoria, Tamaulipas (1-Septiembre-2025).-<\/strong> El secretario del Trabajo y Previsi\u00f3n Social de Tamaulipas, Luis Gerardo Illoldi Reyes, particip\u00f3 en la apertura oficial del ciclo escolar 2025-2026, acto celebrado en la escuela primaria \u201cLauro Aguirre\u201d de esta capital, donde el titular de la dependencia asisti\u00f3 en representaci\u00f3n del gobernador Am\u00e9rico Villarreal Anaya.<\/p>\n<p>Durante la ceremonia se resalt\u00f3 el compromiso del Gobierno del Estado con la educaci\u00f3n, a trav\u00e9s de acciones que fortalecen la formaci\u00f3n de ni\u00f1as, ni\u00f1os y adolescentes tamaulipecos. Como parte de este esfuerzo, se hizo patente la entrega de m\u00e1s de 3.8 millones de libros de texto gratuitos, m\u00e1s de medio mill\u00f3n de paquetes de \u00fatiles escolares y alrededor de 50 mil uniformes en apoyo a las familias que m\u00e1s lo requieren.<\/p>\n<p>La Secretar\u00eda del Trabajo y Previsi\u00f3n Social refrend\u00f3 su compromiso de seguir trabajando de manera transversal con las distintas dependencias del Gobierno del Estado para impulsar programas que favorezcan la inclusi\u00f3n, el bienestar social y el desarrollo integral de las nuevas generaciones.<\/p>\n<p>Illoldi Reyes refiri\u00f3 que con estas acciones, se consolida el prop\u00f3sito de la administraci\u00f3n estatal de ofrecer igualdad de oportunidades y fortalecer la educaci\u00f3n como base para el progreso de Tamaulipas.<\/p>\n<p>En el evento participaron; el representante del secretario de educaci\u00f3n de Tamaulipas, y director del CREDE Victoria, Juan Vital Rom\u00e1n Mart\u00ednez; el representante del alcalde de Victoria, el s\u00edndico, Ernesto \u00c1valos Bustos; el representante del titular de la Secci\u00f3n 30 del SNTE, Arnulfo Rodr\u00edguez Trevi\u00f1o, Rub\u00e9n Otoniel Jim\u00e9nez Castro; el director del plantel Carlos Humberto de la Garza Sald\u00edvar; el alumno Maximiliano Soto Garc\u00eda y la presidenta de la Sociedad de Padres de Familia, Magaly Ortiz Lovato.<\/p>\n<p><img loading=\"lazy\" decoding=\"async\" class=\"aligncenter size-full wp-image-176008\" src=\"https:\/\/www.buroperiodistico.com.mx\/wp-content\/uploads\/2025\/09\/STRVictoria-I.jpeg\" alt=\"\" width=\"640\" height=\"426\" srcset=\"https:\/\/www.buroperiodistico.com.mx\/wp-content\/uploads\/2025\/09\/STRVictoria-I.jpeg 640w, https:\/\/www.buroperiodistico.com.mx\/wp-content\/uploads\/2025\/09\/STRVictoria-I-300x200.jpeg 300w\" sizes=\"auto, (max-width: 640px) 100vw, 640px\" \/> <img loading=\"lazy\" decoding=\"async\" class=\"aligncenter size-full wp-image-176012\" src=\"https:\/\/www.buroperiodistico.com.mx\/wp-content\/uploads\/2025\/09\/STRVictoria-IIIII.jpeg\" alt=\"\" width=\"640\" height=\"426\" srcset=\"https:\/\/www.buroperiodistico.com.mx\/wp-content\/uploads\/2025\/09\/STRVictoria-IIIII.jpeg 640w, https:\/\/www.buroperiodistico.com.mx\/wp-content\/uploads\/2025\/09\/STRVictoria-IIIII-300x200.jpeg 300w\" sizes=\"auto, (max-width: 640px) 100vw, 640px\" \/> <img loading=\"lazy\" decoding=\"async\" class=\"aligncenter size-full wp-image-176011\" src=\"https:\/\/www.buroperiodistico.com.mx\/wp-content\/uploads\/2025\/09\/STRVictoria-IIII.jpeg\" alt=\"\" width=\"640\" height=\"426\" srcset=\"https:\/\/www.buroperiodistico.com.mx\/wp-content\/uploads\/2025\/09\/STRVictoria-IIII.jpeg 640w, https:\/\/www.buroperiodistico.com.mx\/wp-content\/uploads\/2025\/09\/STRVictoria-IIII-300x200.jpeg 300w\" sizes=\"auto, (max-width: 640px) 100vw, 640px\" \/> <img loading=\"lazy\" decoding=\"async\" class=\"aligncenter size-full wp-image-176010\" src=\"https:\/\/www.buroperiodistico.com.mx\/wp-content\/uploads\/2025\/09\/STRVictoria-III.jpeg\" alt=\"\" width=\"640\" height=\"426\" srcset=\"https:\/\/www.buroperiodistico.com.mx\/wp-content\/uploads\/2025\/09\/STRVictoria-III.jpeg 640w, https:\/\/www.buroperiodistico.com.mx\/wp-content\/uploads\/2025\/09\/STRVictoria-III-300x200.jpeg 300w\" sizes=\"auto, (max-width: 640px) 100vw, 640px\" \/> <img loading=\"lazy\" decoding=\"async\" class=\"aligncenter size-full wp-image-176009\" src=\"https:\/\/www.buroperiodistico.com.mx\/wp-content\/uploads\/2025\/09\/STRVictoria-II.jpeg\" alt=\"\" width=\"640\" height=\"426\" srcset=\"https:\/\/www.buroperiodistico.com.mx\/wp-content\/uploads\/2025\/09\/STRVictoria-II.jpeg 640w, https:\/\/www.buroperiodistico.com.mx\/wp-content\/uploads\/2025\/09\/STRVictoria-II-300x200.jpeg 300w\" sizes=\"auto, (max-width: 640px) 100vw, 640px\" \/><\/p>\n","protected":false},"excerpt":{"rendered":"<p>Luis Gerardo Illoldi Reyes refrend\u00f3 el compromiso del gobernador Am\u00e9rico Villarreal Anaya quien apoy\u00f3 con&#8230;<\/p>\n","protected":false},"author":1,"featured_media":176013,"comment_status":"closed","ping_status":"closed","sticky":false,"template":"","format":"standard","meta":{"footnotes":"","jetpack_publicize_message":"","jetpack_publicize_feature_enabled":true,"jetpack_social_post_already_shared":true,"jetpack_social_options":{"image_generator_settings":{"template":"highway","default_image_id":0,"font":"","enabled":false},"version":2}},"categories":[10],"tags":[],"class_list":["post-176007","post","type-post","status-publish","format-standard","has-post-thumbnail","hentry","category-tamaulipas"],"jetpack_publicize_connections":[],"_links":{"self":[{"href":"https:\/\/www.buroperiodistico.com.mx\/index.php?rest_route=\/wp\/v2\/posts\/176007","targetHints":{"allow":["GET"]}}],"collection":[{"href":"https:\/\/www.buroperiodistico.com.mx\/index.php?rest_route=\/wp\/v2\/posts"}],"about":[{"href":"https:\/\/www.buroperiodistico.com.mx\/index.php?rest_route=\/wp\/v2\/types\/post"}],"author":[{"embeddable":true,"href":"https:\/\/www.buroperiodistico.com.mx\/index.php?rest_route=\/wp\/v2\/users\/1"}],"replies":[{"embeddable":true,"href":"https:\/\/www.buroperiodistico.com.mx\/index.php?rest_route=%2Fwp%2Fv2%2Fcomments&post=176007"}],"version-history":[{"count":0,"href":"https:\/\/www.buroperiodistico.com.mx\/index.php?rest_route=\/wp\/v2\/posts\/176007\/revisions"}],"wp:featuredmedia":[{"embeddable":true,"href":"https:\/\/www.buroperiodistico.com.mx\/index.php?rest_route=\/wp\/v2\/media\/176013"}],"wp:attachment":[{"href":"https:\/\/www.buroperiodistico.com.mx\/index.php?rest_route=%2Fwp%2Fv2%2Fmedia&parent=176007"}],"wp:term":[{"taxonomy":"category","embeddable":true,"href":"https:\/\/www.buroperiodistico.com.mx\/index.php?rest_route=%2Fwp%2Fv2%2Fcategories&post=176007"},{"taxonomy":"post_tag","embeddable":true,"href":"https:\/\/www.buroperiodistico.com.mx\/index.php?rest_route=%2Fwp%2Fv2%2Ftags&post=176007"}],"curies":[{"name":"wp","href":"https:\/\/api.w.org\/{rel}","templated":true}]}}