{"id":175993,"date":"2025-09-01T14:13:34","date_gmt":"2025-09-01T19:13:34","guid":{"rendered":"https:\/\/www.buroperiodistico.com.mx\/?p=175993"},"modified":"2025-09-01T14:13:34","modified_gmt":"2025-09-01T19:13:34","slug":"arranca-luisa-eugenia-manautou-galvan-ciclo-escolar-2025-2026-en-valle-hermoso","status":"publish","type":"post","link":"https:\/\/www.buroperiodistico.com.mx\/?p=175993","title":{"rendered":"Arranca Luisa Eugenia Manautou Galv\u00e1n Ciclo Escolar 2025-2026 en Valle Hermoso"},"content":{"rendered":"<p><em><strong><img loading=\"lazy\" decoding=\"async\" class=\" wp-image-175999 alignright\" src=\"https:\/\/www.buroperiodistico.com.mx\/wp-content\/uploads\/2025\/09\/SADHermoso.jpeg\" alt=\"\" width=\"516\" height=\"292\" srcset=\"https:\/\/www.buroperiodistico.com.mx\/wp-content\/uploads\/2025\/09\/SADHermoso.jpeg 1024w, https:\/\/www.buroperiodistico.com.mx\/wp-content\/uploads\/2025\/09\/SADHermoso-300x170.jpeg 300w, https:\/\/www.buroperiodistico.com.mx\/wp-content\/uploads\/2025\/09\/SADHermoso-768x435.jpeg 768w\" sizes=\"auto, (max-width: 516px) 100vw, 516px\" \/>Valle Hermoso, Tamaulipas (1-Septiembre-2025).-<\/strong><\/em> En representaci\u00f3n del gobernador de Tamaulipas, Am\u00e9rico Villarreal Anaya, la secretaria de Administraci\u00f3n del estado, Luisa Eugenia Manautou Galv\u00e1n, acudi\u00f3 al poblado de An\u00e1huac, municipio de Valle Hermoso, para dar inicio al Ciclo Escolar 2025-2026.<\/p>\n<p>Frente a estudiantes, maestras, maestros y padres de familia de la Escuela Primaria \u201cProfr. Juan B. Tijerina\u201d, la titular de la Secretar\u00eda de Administraci\u00f3n expres\u00f3: \u201cHoy iniciamos un nuevo ciclo escolar con entusiasmo y compromiso de seguir construyendo una educaci\u00f3n con valores, equitativa, y centrada en el bienestar de nuestras ni\u00f1as, ni\u00f1os y adolescentes. Este es el prop\u00f3sito que gu\u00eda cada acci\u00f3n del gobernador Am\u00e9rico Villarreal Anaya, quien les env\u00eda un afectuoso saludo y todo su respaldo para este regreso a clases\u201d.<\/p>\n<p>En el municipio de Valle Hermoso, el Gobierno de Tamaulipas entreg\u00f3 10,566 paquetes de \u00fatiles escolares y un total de 69,654 libros de texto gratuitos, como parte del compromiso de garantizar que todas y todos los estudiantes cuenten con las herramientas necesarias para un aprendizaje de calidad.<\/p>\n<p>En esta ceremonia de arranque de ciclo escolar, Manautou Galv\u00e1n estuvo acompa\u00f1ada por autoridades municipales, representantes sindicales y del sector educativo, as\u00ed como madres, padres de familia y comunidad escolar, quienes, con entusiasmo y compromiso, refrendaron su respaldo al inicio de este nuevo ciclo acad\u00e9mico.<\/p>\n<p><img loading=\"lazy\" decoding=\"async\" class=\"aligncenter size-full wp-image-175994\" src=\"https:\/\/www.buroperiodistico.com.mx\/wp-content\/uploads\/2025\/09\/SADHermoso-I.jpeg\" alt=\"\" width=\"640\" height=\"426\" srcset=\"https:\/\/www.buroperiodistico.com.mx\/wp-content\/uploads\/2025\/09\/SADHermoso-I.jpeg 640w, https:\/\/www.buroperiodistico.com.mx\/wp-content\/uploads\/2025\/09\/SADHermoso-I-300x200.jpeg 300w\" sizes=\"auto, (max-width: 640px) 100vw, 640px\" \/> <img loading=\"lazy\" decoding=\"async\" class=\"aligncenter size-full wp-image-175998\" src=\"https:\/\/www.buroperiodistico.com.mx\/wp-content\/uploads\/2025\/09\/SADHermoso-IIIII.jpeg\" alt=\"\" width=\"640\" height=\"453\" srcset=\"https:\/\/www.buroperiodistico.com.mx\/wp-content\/uploads\/2025\/09\/SADHermoso-IIIII.jpeg 640w, https:\/\/www.buroperiodistico.com.mx\/wp-content\/uploads\/2025\/09\/SADHermoso-IIIII-300x212.jpeg 300w\" sizes=\"auto, (max-width: 640px) 100vw, 640px\" \/> <img loading=\"lazy\" decoding=\"async\" class=\"aligncenter size-full wp-image-175997\" src=\"https:\/\/www.buroperiodistico.com.mx\/wp-content\/uploads\/2025\/09\/SADHermoso-IIII.jpeg\" alt=\"\" width=\"640\" height=\"426\" srcset=\"https:\/\/www.buroperiodistico.com.mx\/wp-content\/uploads\/2025\/09\/SADHermoso-IIII.jpeg 640w, https:\/\/www.buroperiodistico.com.mx\/wp-content\/uploads\/2025\/09\/SADHermoso-IIII-300x200.jpeg 300w\" sizes=\"auto, (max-width: 640px) 100vw, 640px\" \/> <img loading=\"lazy\" decoding=\"async\" class=\"aligncenter size-full wp-image-175996\" src=\"https:\/\/www.buroperiodistico.com.mx\/wp-content\/uploads\/2025\/09\/SADHermoso-III.jpeg\" alt=\"\" width=\"640\" height=\"426\" srcset=\"https:\/\/www.buroperiodistico.com.mx\/wp-content\/uploads\/2025\/09\/SADHermoso-III.jpeg 640w, https:\/\/www.buroperiodistico.com.mx\/wp-content\/uploads\/2025\/09\/SADHermoso-III-300x200.jpeg 300w\" sizes=\"auto, (max-width: 640px) 100vw, 640px\" \/> <img loading=\"lazy\" decoding=\"async\" class=\"aligncenter size-full wp-image-175995\" src=\"https:\/\/www.buroperiodistico.com.mx\/wp-content\/uploads\/2025\/09\/SADHermoso-II.jpeg\" alt=\"\" width=\"640\" height=\"475\" srcset=\"https:\/\/www.buroperiodistico.com.mx\/wp-content\/uploads\/2025\/09\/SADHermoso-II.jpeg 640w, https:\/\/www.buroperiodistico.com.mx\/wp-content\/uploads\/2025\/09\/SADHermoso-II-300x223.jpeg 300w\" sizes=\"auto, (max-width: 640px) 100vw, 640px\" \/><\/p>\n","protected":false},"excerpt":{"rendered":"<p>Valle Hermoso, Tamaulipas (1-Septiembre-2025).- En representaci\u00f3n del gobernador de Tamaulipas, Am\u00e9rico Villarreal Anaya, la secretaria&#8230;<\/p>\n","protected":false},"author":1,"featured_media":175999,"comment_status":"closed","ping_status":"closed","sticky":false,"template":"","format":"standard","meta":{"footnotes":"","jetpack_publicize_message":"","jetpack_publicize_feature_enabled":true,"jetpack_social_post_already_shared":true,"jetpack_social_options":{"image_generator_settings":{"template":"highway","default_image_id":0,"font":"","enabled":false},"version":2}},"categories":[10],"tags":[],"class_list":["post-175993","post","type-post","status-publish","format-standard","has-post-thumbnail","hentry","category-tamaulipas"],"jetpack_publicize_connections":[],"_links":{"self":[{"href":"https:\/\/www.buroperiodistico.com.mx\/index.php?rest_route=\/wp\/v2\/posts\/175993","targetHints":{"allow":["GET"]}}],"collection":[{"href":"https:\/\/www.buroperiodistico.com.mx\/index.php?rest_route=\/wp\/v2\/posts"}],"about":[{"href":"https:\/\/www.buroperiodistico.com.mx\/index.php?rest_route=\/wp\/v2\/types\/post"}],"author":[{"embeddable":true,"href":"https:\/\/www.buroperiodistico.com.mx\/index.php?rest_route=\/wp\/v2\/users\/1"}],"replies":[{"embeddable":true,"href":"https:\/\/www.buroperiodistico.com.mx\/index.php?rest_route=%2Fwp%2Fv2%2Fcomments&post=175993"}],"version-history":[{"count":0,"href":"https:\/\/www.buroperiodistico.com.mx\/index.php?rest_route=\/wp\/v2\/posts\/175993\/revisions"}],"wp:featuredmedia":[{"embeddable":true,"href":"https:\/\/www.buroperiodistico.com.mx\/index.php?rest_route=\/wp\/v2\/media\/175999"}],"wp:attachment":[{"href":"https:\/\/www.buroperiodistico.com.mx\/index.php?rest_route=%2Fwp%2Fv2%2Fmedia&parent=175993"}],"wp:term":[{"taxonomy":"category","embeddable":true,"href":"https:\/\/www.buroperiodistico.com.mx\/index.php?rest_route=%2Fwp%2Fv2%2Fcategories&post=175993"},{"taxonomy":"post_tag","embeddable":true,"href":"https:\/\/www.buroperiodistico.com.mx\/index.php?rest_route=%2Fwp%2Fv2%2Ftags&post=175993"}],"curies":[{"name":"wp","href":"https:\/\/api.w.org\/{rel}","templated":true}]}}