{"id":175983,"date":"2025-09-01T14:00:33","date_gmt":"2025-09-01T19:00:33","guid":{"rendered":"https:\/\/www.buroperiodistico.com.mx\/?p=175983"},"modified":"2025-09-01T14:00:33","modified_gmt":"2025-09-01T19:00:33","slug":"es-tamaulipas-campeon-nacional-en-basquetbol-sub-15","status":"publish","type":"post","link":"https:\/\/www.buroperiodistico.com.mx\/?p=175983","title":{"rendered":"Es Tamaulipas campe\u00f3n nacional en b\u00e1squetbol Sub-15"},"content":{"rendered":"<p><em><strong><img loading=\"lazy\" decoding=\"async\" class=\" wp-image-175984 alignright\" src=\"https:\/\/www.buroperiodistico.com.mx\/wp-content\/uploads\/2025\/09\/Campionx.jpeg\" alt=\"\" width=\"598\" height=\"389\" srcset=\"https:\/\/www.buroperiodistico.com.mx\/wp-content\/uploads\/2025\/09\/Campionx.jpeg 1024w, https:\/\/www.buroperiodistico.com.mx\/wp-content\/uploads\/2025\/09\/Campionx-300x195.jpeg 300w, https:\/\/www.buroperiodistico.com.mx\/wp-content\/uploads\/2025\/09\/Campionx-768x500.jpeg 768w\" sizes=\"auto, (max-width: 598px) 100vw, 598px\" \/>Nayarit (1-Septiembre-2025).-<\/strong><\/em> La Selecci\u00f3n Ademeba Tamaulipas U-15 varonil de b\u00e1squetbol se coron\u00f3 campe\u00f3n nacional tras vencer al representativo de Chihuahua 62-46 en la gran final del Campeonato Nacional celebrado en Nayarit.<\/p>\n<p>El equipo, dirigido por Adolfo Franco y asistido por Marco Calzada y Mart\u00ed Fuentes, alcanz\u00f3 el objetivo de levantar el t\u00edtulo despu\u00e9s de a\u00f1os de arduo trabajo con los jugadores, quienes en ediciones pasadas hab\u00edan quedado en el podio.<\/p>\n<p>Entre los jugadores destacados se encuentra Axel Ru\u00edz, quien fue considerado Jugador M\u00e1s Valioso del torneo, as\u00ed como parte del cuadro ideal, acompa\u00f1ado por \u00d3scar Gonz\u00e1lez y Juli\u00e1n Calzada, quien recibi\u00f3 reconocimiento como basquetbolista revelaci\u00f3n.<\/p>\n<p>El director general del Instituto del Deporte de Tamaulipas, Manuel Viru\u00e9s Lozano, inform\u00f3 sobre este logro y reconoci\u00f3 la labor de todos los involucrados.<\/p>\n<p>\u201cQueremos felicitar a los jugadores, entrenadores y padres de familia, cuyo apoyo incondicional fue fundamental para conseguir este t\u00edtulo nacional. Han hecho un gran trabajo representando a Tamaulipas\u201d, se\u00f1al\u00f3 Viru\u00e9s Lozano, quien adem\u00e1s indic\u00f3 que habr\u00e1 seguimiento a estos j\u00f3venes para futuras competencias.<\/p>\n<p>Con esta victoria, Tamaulipas confirma su fortalecimiento en el b\u00e1squetbol nacional despu\u00e9s de varios a\u00f1os de trabajo en diferentes ramas, varonil y femenil.<\/p>\n<p><img loading=\"lazy\" decoding=\"async\" class=\"aligncenter size-full wp-image-175985\" src=\"https:\/\/www.buroperiodistico.com.mx\/wp-content\/uploads\/2025\/09\/Campionx-I.jpeg\" alt=\"\" width=\"640\" height=\"465\" srcset=\"https:\/\/www.buroperiodistico.com.mx\/wp-content\/uploads\/2025\/09\/Campionx-I.jpeg 640w, https:\/\/www.buroperiodistico.com.mx\/wp-content\/uploads\/2025\/09\/Campionx-I-300x218.jpeg 300w\" sizes=\"auto, (max-width: 640px) 100vw, 640px\" \/><\/p>\n","protected":false},"excerpt":{"rendered":"<p>Nayarit (1-Septiembre-2025).- La Selecci\u00f3n Ademeba Tamaulipas U-15 varonil de b\u00e1squetbol se coron\u00f3 campe\u00f3n nacional tras&#8230;<\/p>\n","protected":false},"author":1,"featured_media":175984,"comment_status":"closed","ping_status":"closed","sticky":false,"template":"","format":"standard","meta":{"footnotes":"","jetpack_publicize_message":"","jetpack_publicize_feature_enabled":true,"jetpack_social_post_already_shared":true,"jetpack_social_options":{"image_generator_settings":{"template":"highway","default_image_id":0,"font":"","enabled":false},"version":2}},"categories":[12],"tags":[],"class_list":["post-175983","post","type-post","status-publish","format-standard","has-post-thumbnail","hentry","category-deportes"],"jetpack_publicize_connections":[],"_links":{"self":[{"href":"https:\/\/www.buroperiodistico.com.mx\/index.php?rest_route=\/wp\/v2\/posts\/175983","targetHints":{"allow":["GET"]}}],"collection":[{"href":"https:\/\/www.buroperiodistico.com.mx\/index.php?rest_route=\/wp\/v2\/posts"}],"about":[{"href":"https:\/\/www.buroperiodistico.com.mx\/index.php?rest_route=\/wp\/v2\/types\/post"}],"author":[{"embeddable":true,"href":"https:\/\/www.buroperiodistico.com.mx\/index.php?rest_route=\/wp\/v2\/users\/1"}],"replies":[{"embeddable":true,"href":"https:\/\/www.buroperiodistico.com.mx\/index.php?rest_route=%2Fwp%2Fv2%2Fcomments&post=175983"}],"version-history":[{"count":0,"href":"https:\/\/www.buroperiodistico.com.mx\/index.php?rest_route=\/wp\/v2\/posts\/175983\/revisions"}],"wp:featuredmedia":[{"embeddable":true,"href":"https:\/\/www.buroperiodistico.com.mx\/index.php?rest_route=\/wp\/v2\/media\/175984"}],"wp:attachment":[{"href":"https:\/\/www.buroperiodistico.com.mx\/index.php?rest_route=%2Fwp%2Fv2%2Fmedia&parent=175983"}],"wp:term":[{"taxonomy":"category","embeddable":true,"href":"https:\/\/www.buroperiodistico.com.mx\/index.php?rest_route=%2Fwp%2Fv2%2Fcategories&post=175983"},{"taxonomy":"post_tag","embeddable":true,"href":"https:\/\/www.buroperiodistico.com.mx\/index.php?rest_route=%2Fwp%2Fv2%2Ftags&post=175983"}],"curies":[{"name":"wp","href":"https:\/\/api.w.org\/{rel}","templated":true}]}}