{"id":175974,"date":"2025-09-01T13:55:06","date_gmt":"2025-09-01T18:55:06","guid":{"rendered":"https:\/\/www.buroperiodistico.com.mx\/?p=175974"},"modified":"2025-09-01T13:55:06","modified_gmt":"2025-09-01T18:55:06","slug":"cumple-tamaulipas-con-mas-de-200-participantes-en-la-etapa-estatal-rumbo-a-paralimpiada-nacional-2025","status":"publish","type":"post","link":"https:\/\/www.buroperiodistico.com.mx\/?p=175974","title":{"rendered":"Cumple Tamaulipas con m\u00e1s de 200 participantes en la etapa estatal rumbo a Paralimpiada Nacional 2025"},"content":{"rendered":"<ul>\n<li><strong><em>M\u00e1s de 200 atletas participaron en la Paralimpiada Estatal 2025; hay m\u00e1s de 100 clasificados a la justa nacional<\/em><\/strong><\/li>\n<\/ul>\n<p><strong><img loading=\"lazy\" decoding=\"async\" class=\" wp-image-175981 alignright\" src=\"https:\/\/www.buroperiodistico.com.mx\/wp-content\/uploads\/2025\/09\/IDEParalimpiada.jpeg\" alt=\"\" width=\"529\" height=\"336\" srcset=\"https:\/\/www.buroperiodistico.com.mx\/wp-content\/uploads\/2025\/09\/IDEParalimpiada.jpeg 1024w, https:\/\/www.buroperiodistico.com.mx\/wp-content\/uploads\/2025\/09\/IDEParalimpiada-300x190.jpeg 300w, https:\/\/www.buroperiodistico.com.mx\/wp-content\/uploads\/2025\/09\/IDEParalimpiada-768x488.jpeg 768w\" sizes=\"auto, (max-width: 529px) 100vw, 529px\" \/>Tampico, Tamaulipas (1-Septiembre-2025).-<\/strong> M\u00e1s de 200 atletas tamaulipecos participaron en la Paralimpiada Estatal 2025, evento selectivo rumbo a la Paralimpiada Nacional 2025 que se llevar\u00e1 a cabo en Aguascalientes a partir del 22 de septiembre.<\/p>\n<p>Las competencias se desarrollaron en las sedes de Reynosa y Tampico, con disciplinas como paranataci\u00f3n, paraatletismo, paradanza, parapowerlifting, boccia, paratenis de mesa, entre otras.<\/p>\n<p>Tras dos semanas de actividad, se evaluaron los tiempos m\u00ednimos alcanzados y el desempe\u00f1o de los deportistas, con lo que se determin\u00f3 a las y los atletas que representar\u00e1n a Tamaulipas en la etapa nacional.<\/p>\n<p>En total, ser\u00e1n m\u00e1s de 100 los clasificados, cifra que refleja el compromiso con la inclusi\u00f3n y el fortalecimiento del deporte adaptado en la entidad.<\/p>\n<p>El director general del Instituto del Deporte de Tamaulipas, Manuel Viru\u00e9s Lozano, reconoci\u00f3 el respaldo del gobernador Am\u00e9rico Villarreal Anaya y destac\u00f3 la importancia del trabajo conjunto que ha permitido consolidar estos resultados.<\/p>\n<p>\u201cQuiero agradecer al gobernador Am\u00e9rico Villarreal Anaya, al gran equipo de trabajo del INDE Tamaulipas, pero sobre todo a las y los atletas y a sus padres de familia, porque este logro es resultado de su esfuerzo y compromiso. Ellos son quienes nos inspiran y nos motivan a seguir impulsando el deporte adaptado en todo el estado\u201d, se\u00f1al\u00f3.<\/p>\n<p>En los pr\u00f3ximos d\u00edas se notificar\u00e1 de manera oficial a cada uno de los clasificados, quienes iniciar\u00e1n su preparaci\u00f3n con miras a la competencia nacional.<\/p>\n<p>El a\u00f1o pasado la delegaci\u00f3n tamaulipeca logr\u00f3 un resultado hist\u00f3rico al quedar en el top-10, por lo que este a\u00f1o van por el mismo objetivo de mantenerse entre los mejores de todo el pa\u00eds.<\/p>\n<p><img loading=\"lazy\" decoding=\"async\" class=\"aligncenter size-full wp-image-175975\" src=\"https:\/\/www.buroperiodistico.com.mx\/wp-content\/uploads\/2025\/09\/IDEParalimpiada-I.jpeg\" alt=\"\" width=\"640\" height=\"426\" srcset=\"https:\/\/www.buroperiodistico.com.mx\/wp-content\/uploads\/2025\/09\/IDEParalimpiada-I.jpeg 640w, https:\/\/www.buroperiodistico.com.mx\/wp-content\/uploads\/2025\/09\/IDEParalimpiada-I-300x200.jpeg 300w\" sizes=\"auto, (max-width: 640px) 100vw, 640px\" \/> <img loading=\"lazy\" decoding=\"async\" class=\"aligncenter size-full wp-image-175980\" src=\"https:\/\/www.buroperiodistico.com.mx\/wp-content\/uploads\/2025\/09\/IDEParalimpiada-IIIIII.jpeg\" alt=\"\" width=\"640\" height=\"426\" srcset=\"https:\/\/www.buroperiodistico.com.mx\/wp-content\/uploads\/2025\/09\/IDEParalimpiada-IIIIII.jpeg 640w, https:\/\/www.buroperiodistico.com.mx\/wp-content\/uploads\/2025\/09\/IDEParalimpiada-IIIIII-300x200.jpeg 300w\" sizes=\"auto, (max-width: 640px) 100vw, 640px\" \/> <img loading=\"lazy\" decoding=\"async\" class=\"aligncenter size-full wp-image-175979\" src=\"https:\/\/www.buroperiodistico.com.mx\/wp-content\/uploads\/2025\/09\/IDEParalimpiada-IIIII.jpeg\" alt=\"\" width=\"640\" height=\"426\" srcset=\"https:\/\/www.buroperiodistico.com.mx\/wp-content\/uploads\/2025\/09\/IDEParalimpiada-IIIII.jpeg 640w, https:\/\/www.buroperiodistico.com.mx\/wp-content\/uploads\/2025\/09\/IDEParalimpiada-IIIII-300x200.jpeg 300w\" sizes=\"auto, (max-width: 640px) 100vw, 640px\" \/> <img loading=\"lazy\" decoding=\"async\" class=\"aligncenter size-full wp-image-175978\" src=\"https:\/\/www.buroperiodistico.com.mx\/wp-content\/uploads\/2025\/09\/IDEParalimpiada-IIII.jpeg\" alt=\"\" width=\"640\" height=\"480\" srcset=\"https:\/\/www.buroperiodistico.com.mx\/wp-content\/uploads\/2025\/09\/IDEParalimpiada-IIII.jpeg 640w, https:\/\/www.buroperiodistico.com.mx\/wp-content\/uploads\/2025\/09\/IDEParalimpiada-IIII-300x225.jpeg 300w\" sizes=\"auto, (max-width: 640px) 100vw, 640px\" \/> <img loading=\"lazy\" decoding=\"async\" class=\"aligncenter size-full wp-image-175977\" src=\"https:\/\/www.buroperiodistico.com.mx\/wp-content\/uploads\/2025\/09\/IDEParalimpiada-III.jpeg\" alt=\"\" width=\"640\" height=\"426\" srcset=\"https:\/\/www.buroperiodistico.com.mx\/wp-content\/uploads\/2025\/09\/IDEParalimpiada-III.jpeg 640w, https:\/\/www.buroperiodistico.com.mx\/wp-content\/uploads\/2025\/09\/IDEParalimpiada-III-300x200.jpeg 300w\" sizes=\"auto, (max-width: 640px) 100vw, 640px\" \/> <img loading=\"lazy\" decoding=\"async\" class=\"aligncenter size-full wp-image-175976\" src=\"https:\/\/www.buroperiodistico.com.mx\/wp-content\/uploads\/2025\/09\/IDEParalimpiada-II.jpeg\" alt=\"\" width=\"640\" height=\"426\" srcset=\"https:\/\/www.buroperiodistico.com.mx\/wp-content\/uploads\/2025\/09\/IDEParalimpiada-II.jpeg 640w, https:\/\/www.buroperiodistico.com.mx\/wp-content\/uploads\/2025\/09\/IDEParalimpiada-II-300x200.jpeg 300w\" sizes=\"auto, (max-width: 640px) 100vw, 640px\" \/><\/p>\n","protected":false},"excerpt":{"rendered":"<p>M\u00e1s de 200 atletas participaron en la Paralimpiada Estatal 2025; hay m\u00e1s de 100 clasificados&#8230;<\/p>\n","protected":false},"author":1,"featured_media":175981,"comment_status":"closed","ping_status":"closed","sticky":false,"template":"","format":"standard","meta":{"footnotes":"","jetpack_publicize_message":"","jetpack_publicize_feature_enabled":true,"jetpack_social_post_already_shared":true,"jetpack_social_options":{"image_generator_settings":{"template":"highway","default_image_id":0,"font":"","enabled":false},"version":2}},"categories":[12],"tags":[],"class_list":["post-175974","post","type-post","status-publish","format-standard","has-post-thumbnail","hentry","category-deportes"],"jetpack_publicize_connections":[],"_links":{"self":[{"href":"https:\/\/www.buroperiodistico.com.mx\/index.php?rest_route=\/wp\/v2\/posts\/175974","targetHints":{"allow":["GET"]}}],"collection":[{"href":"https:\/\/www.buroperiodistico.com.mx\/index.php?rest_route=\/wp\/v2\/posts"}],"about":[{"href":"https:\/\/www.buroperiodistico.com.mx\/index.php?rest_route=\/wp\/v2\/types\/post"}],"author":[{"embeddable":true,"href":"https:\/\/www.buroperiodistico.com.mx\/index.php?rest_route=\/wp\/v2\/users\/1"}],"replies":[{"embeddable":true,"href":"https:\/\/www.buroperiodistico.com.mx\/index.php?rest_route=%2Fwp%2Fv2%2Fcomments&post=175974"}],"version-history":[{"count":0,"href":"https:\/\/www.buroperiodistico.com.mx\/index.php?rest_route=\/wp\/v2\/posts\/175974\/revisions"}],"wp:featuredmedia":[{"embeddable":true,"href":"https:\/\/www.buroperiodistico.com.mx\/index.php?rest_route=\/wp\/v2\/media\/175981"}],"wp:attachment":[{"href":"https:\/\/www.buroperiodistico.com.mx\/index.php?rest_route=%2Fwp%2Fv2%2Fmedia&parent=175974"}],"wp:term":[{"taxonomy":"category","embeddable":true,"href":"https:\/\/www.buroperiodistico.com.mx\/index.php?rest_route=%2Fwp%2Fv2%2Fcategories&post=175974"},{"taxonomy":"post_tag","embeddable":true,"href":"https:\/\/www.buroperiodistico.com.mx\/index.php?rest_route=%2Fwp%2Fv2%2Ftags&post=175974"}],"curies":[{"name":"wp","href":"https:\/\/api.w.org\/{rel}","templated":true}]}}