{"id":175967,"date":"2025-09-01T13:45:02","date_gmt":"2025-09-01T18:45:02","guid":{"rendered":"https:\/\/www.buroperiodistico.com.mx\/?p=175967"},"modified":"2025-09-01T13:45:02","modified_gmt":"2025-09-01T18:45:02","slug":"agradece-la-liga-municipal-de-taekwondo-el-apoyo-del-gobierno-de-reynosa","status":"publish","type":"post","link":"https:\/\/www.buroperiodistico.com.mx\/?p=175967","title":{"rendered":"Agradece la Liga Municipal de Taekwondo el apoyo del Gobierno de Reynosa"},"content":{"rendered":"<p><em><strong><img loading=\"lazy\" decoding=\"async\" class=\" wp-image-175972 alignright\" src=\"https:\/\/www.buroperiodistico.com.mx\/wp-content\/uploads\/2025\/09\/IMDx.jpeg\" alt=\"\" width=\"552\" height=\"336\" srcset=\"https:\/\/www.buroperiodistico.com.mx\/wp-content\/uploads\/2025\/09\/IMDx.jpeg 1024w, https:\/\/www.buroperiodistico.com.mx\/wp-content\/uploads\/2025\/09\/IMDx-300x183.jpeg 300w, https:\/\/www.buroperiodistico.com.mx\/wp-content\/uploads\/2025\/09\/IMDx-768x467.jpeg 768w\" sizes=\"auto, (max-width: 552px) 100vw, 552px\" \/>Reynosa, Tam (1-Septiembre-2025).-<\/strong><\/em> La Liga Municipal de Taekwondo de Reynosa agradece al Alcalde Carlos Pe\u00f1a Ortiz por el apoyo brindado en su participaci\u00f3n en diversos torneos Estatales y Nacionales, en los cuales los atletas locales lograron una destacada actuaci\u00f3n gracias a su preparaci\u00f3n y esfuerzo.<\/p>\n<p>El respaldo del Gobierno de Reynosa a trav\u00e9s del Instituto Municipal del Deporte, es clave para que los taekwondo\u00ednes cuenten con las condiciones necesarias en su proceso de entrenamiento en las instalaciones del Centro de Alto Rendimiento del Polideportivo.<\/p>\n<p>Con estas acciones el R. Ayuntamiento reafirma su compromiso con los deportistas reynosenses, impulsando a las nuevas generaciones de atletas y fomentando el desarrollo del talento<\/p>\n<p>#ReynosaImparable<\/p>\n<p><img loading=\"lazy\" decoding=\"async\" class=\"aligncenter size-full wp-image-175969\" src=\"https:\/\/www.buroperiodistico.com.mx\/wp-content\/uploads\/2025\/09\/IMDx-I.jpeg\" alt=\"\" width=\"640\" height=\"426\" srcset=\"https:\/\/www.buroperiodistico.com.mx\/wp-content\/uploads\/2025\/09\/IMDx-I.jpeg 640w, https:\/\/www.buroperiodistico.com.mx\/wp-content\/uploads\/2025\/09\/IMDx-I-300x200.jpeg 300w\" sizes=\"auto, (max-width: 640px) 100vw, 640px\" \/> <img loading=\"lazy\" decoding=\"async\" class=\"aligncenter size-full wp-image-175971\" src=\"https:\/\/www.buroperiodistico.com.mx\/wp-content\/uploads\/2025\/09\/IMDx-III.jpeg\" alt=\"\" width=\"640\" height=\"426\" srcset=\"https:\/\/www.buroperiodistico.com.mx\/wp-content\/uploads\/2025\/09\/IMDx-III.jpeg 640w, https:\/\/www.buroperiodistico.com.mx\/wp-content\/uploads\/2025\/09\/IMDx-III-300x200.jpeg 300w\" sizes=\"auto, (max-width: 640px) 100vw, 640px\" \/> <img loading=\"lazy\" decoding=\"async\" class=\"aligncenter size-full wp-image-175970\" src=\"https:\/\/www.buroperiodistico.com.mx\/wp-content\/uploads\/2025\/09\/IMDx-II.jpeg\" alt=\"\" width=\"640\" height=\"426\" srcset=\"https:\/\/www.buroperiodistico.com.mx\/wp-content\/uploads\/2025\/09\/IMDx-II.jpeg 640w, https:\/\/www.buroperiodistico.com.mx\/wp-content\/uploads\/2025\/09\/IMDx-II-300x200.jpeg 300w\" sizes=\"auto, (max-width: 640px) 100vw, 640px\" \/><\/p>\n","protected":false},"excerpt":{"rendered":"<p>Reynosa, Tam (1-Septiembre-2025).- La Liga Municipal de Taekwondo de Reynosa agradece al Alcalde Carlos Pe\u00f1a&#8230;<\/p>\n","protected":false},"author":1,"featured_media":175972,"comment_status":"closed","ping_status":"closed","sticky":false,"template":"","format":"standard","meta":{"footnotes":"","jetpack_publicize_message":"","jetpack_publicize_feature_enabled":true,"jetpack_social_post_already_shared":true,"jetpack_social_options":{"image_generator_settings":{"template":"highway","default_image_id":0,"font":"","enabled":false},"version":2}},"categories":[9],"tags":[],"class_list":["post-175967","post","type-post","status-publish","format-standard","has-post-thumbnail","hentry","category-reynosa"],"jetpack_publicize_connections":[],"_links":{"self":[{"href":"https:\/\/www.buroperiodistico.com.mx\/index.php?rest_route=\/wp\/v2\/posts\/175967","targetHints":{"allow":["GET"]}}],"collection":[{"href":"https:\/\/www.buroperiodistico.com.mx\/index.php?rest_route=\/wp\/v2\/posts"}],"about":[{"href":"https:\/\/www.buroperiodistico.com.mx\/index.php?rest_route=\/wp\/v2\/types\/post"}],"author":[{"embeddable":true,"href":"https:\/\/www.buroperiodistico.com.mx\/index.php?rest_route=\/wp\/v2\/users\/1"}],"replies":[{"embeddable":true,"href":"https:\/\/www.buroperiodistico.com.mx\/index.php?rest_route=%2Fwp%2Fv2%2Fcomments&post=175967"}],"version-history":[{"count":0,"href":"https:\/\/www.buroperiodistico.com.mx\/index.php?rest_route=\/wp\/v2\/posts\/175967\/revisions"}],"wp:featuredmedia":[{"embeddable":true,"href":"https:\/\/www.buroperiodistico.com.mx\/index.php?rest_route=\/wp\/v2\/media\/175972"}],"wp:attachment":[{"href":"https:\/\/www.buroperiodistico.com.mx\/index.php?rest_route=%2Fwp%2Fv2%2Fmedia&parent=175967"}],"wp:term":[{"taxonomy":"category","embeddable":true,"href":"https:\/\/www.buroperiodistico.com.mx\/index.php?rest_route=%2Fwp%2Fv2%2Fcategories&post=175967"},{"taxonomy":"post_tag","embeddable":true,"href":"https:\/\/www.buroperiodistico.com.mx\/index.php?rest_route=%2Fwp%2Fv2%2Ftags&post=175967"}],"curies":[{"name":"wp","href":"https:\/\/api.w.org\/{rel}","templated":true}]}}