{"id":175958,"date":"2025-09-01T12:08:55","date_gmt":"2025-09-01T17:08:55","guid":{"rendered":"https:\/\/www.buroperiodistico.com.mx\/?p=175958"},"modified":"2025-09-01T12:08:55","modified_gmt":"2025-09-01T17:08:55","slug":"inaugura-titular-de-la-sspt-ciclo-escolar-2025-2026-en-miguel-aleman","status":"publish","type":"post","link":"https:\/\/www.buroperiodistico.com.mx\/?p=175958","title":{"rendered":"Inaugura titular de la SSPT ciclo escolar 2025-2026 en Miguel Alem\u00e1n"},"content":{"rendered":"<ul>\n<li><strong><em>Al dar la bienvenida a estudiantes de secundaria, refrend\u00f3 el compromiso del gobernador Am\u00e9rico Villarreal Anaya quien apoy\u00f3 con la entrega gratuita de m\u00e1s de 50 mil uniformes en los municipios<\/em><\/strong><\/li>\n<\/ul>\n<p><strong><img loading=\"lazy\" decoding=\"async\" class=\" wp-image-175965 alignright\" src=\"https:\/\/www.buroperiodistico.com.mx\/wp-content\/uploads\/2025\/09\/SSPAleman.jpeg\" alt=\"\" width=\"536\" height=\"338\" srcset=\"https:\/\/www.buroperiodistico.com.mx\/wp-content\/uploads\/2025\/09\/SSPAleman.jpeg 1024w, https:\/\/www.buroperiodistico.com.mx\/wp-content\/uploads\/2025\/09\/SSPAleman-300x189.jpeg 300w, https:\/\/www.buroperiodistico.com.mx\/wp-content\/uploads\/2025\/09\/SSPAleman-768x485.jpeg 768w\" sizes=\"auto, (max-width: 536px) 100vw, 536px\" \/>Miguel Alem\u00e1n, Tamaulipas (1-Septiembre-2025).-<\/strong> En representaci\u00f3n del gobernador Am\u00e9rico Villarreal Anaya, el secretario de Seguridad P\u00fablica de Tamaulipas, Carlos Arturo Pancardo Escudero encabez\u00f3 la ceremonia de inauguraci\u00f3n del ciclo escolar 2025-2026 celebrada en la Escuela Secundaria T\u00e9cnica 49 \u201cWilfrido Massieu\u201d, ubicada en el municipio de Miguel Alem\u00e1n.<\/p>\n<p>En este espacio, refrend\u00f3 el compromiso del Gobierno del Estado y el Gobierno de M\u00e9xico que encabeza la doctora Claudia Sheinbaum Pardo para impulsar una educaci\u00f3n humanista y con un sentido de justicia social para cada estudiante de Tamaulipas.<\/p>\n<p>En este sentido, reiter\u00f3 la entrega de m\u00e1s de 3.8 millones de libros de texto gratuitos, y m\u00e1s de medio mill\u00f3n de paquetes con \u00fatiles escolares a estudiantes de nivel b\u00e1sico de todo el estado, as\u00ed como un aproximado de 50 mil uniformes en los municipios y regiones que m\u00e1s lo requieren.<\/p>\n<p>Asimismo, reconoci\u00f3 el papel de la educaci\u00f3n en la construcci\u00f3n de la paz, y reiter\u00f3 su compromiso de seguir colaborando con autoridades educativas y padres de familia para preservar la seguridad en los planteles de Tamaulipas.<\/p>\n<p>\u201cLa educaci\u00f3n b\u00e1sica representa los cimientos del desarrollo de nuestra sociedad; es aqu\u00ed donde comienza su formaci\u00f3n, donde se forjan los valores, habilidades y conocimientos que les acompa\u00f1ar\u00e1n a lo largo de su vida\u201d, extern\u00f3.<\/p>\n<p><img loading=\"lazy\" decoding=\"async\" class=\"aligncenter size-full wp-image-175959\" src=\"https:\/\/www.buroperiodistico.com.mx\/wp-content\/uploads\/2025\/09\/SSPAleman-I.jpeg\" alt=\"\" width=\"640\" height=\"446\" srcset=\"https:\/\/www.buroperiodistico.com.mx\/wp-content\/uploads\/2025\/09\/SSPAleman-I.jpeg 640w, https:\/\/www.buroperiodistico.com.mx\/wp-content\/uploads\/2025\/09\/SSPAleman-I-300x209.jpeg 300w\" sizes=\"auto, (max-width: 640px) 100vw, 640px\" \/> <img loading=\"lazy\" decoding=\"async\" class=\"aligncenter size-full wp-image-175964\" src=\"https:\/\/www.buroperiodistico.com.mx\/wp-content\/uploads\/2025\/09\/SSPAleman-IIIIII.jpeg\" alt=\"\" width=\"480\" height=\"483\" srcset=\"https:\/\/www.buroperiodistico.com.mx\/wp-content\/uploads\/2025\/09\/SSPAleman-IIIIII.jpeg 480w, https:\/\/www.buroperiodistico.com.mx\/wp-content\/uploads\/2025\/09\/SSPAleman-IIIIII-298x300.jpeg 298w, https:\/\/www.buroperiodistico.com.mx\/wp-content\/uploads\/2025\/09\/SSPAleman-IIIIII-150x150.jpeg 150w\" sizes=\"auto, (max-width: 480px) 100vw, 480px\" \/> <img loading=\"lazy\" decoding=\"async\" class=\"aligncenter size-full wp-image-175963\" src=\"https:\/\/www.buroperiodistico.com.mx\/wp-content\/uploads\/2025\/09\/SSPAleman-IIIII.jpeg\" alt=\"\" width=\"640\" height=\"427\" srcset=\"https:\/\/www.buroperiodistico.com.mx\/wp-content\/uploads\/2025\/09\/SSPAleman-IIIII.jpeg 640w, https:\/\/www.buroperiodistico.com.mx\/wp-content\/uploads\/2025\/09\/SSPAleman-IIIII-300x200.jpeg 300w\" sizes=\"auto, (max-width: 640px) 100vw, 640px\" \/> <img loading=\"lazy\" decoding=\"async\" class=\"aligncenter size-full wp-image-175962\" src=\"https:\/\/www.buroperiodistico.com.mx\/wp-content\/uploads\/2025\/09\/SSPAleman-IIII.jpeg\" alt=\"\" width=\"640\" height=\"480\" srcset=\"https:\/\/www.buroperiodistico.com.mx\/wp-content\/uploads\/2025\/09\/SSPAleman-IIII.jpeg 640w, https:\/\/www.buroperiodistico.com.mx\/wp-content\/uploads\/2025\/09\/SSPAleman-IIII-300x225.jpeg 300w\" sizes=\"auto, (max-width: 640px) 100vw, 640px\" \/> <img loading=\"lazy\" decoding=\"async\" class=\"aligncenter size-full wp-image-175961\" src=\"https:\/\/www.buroperiodistico.com.mx\/wp-content\/uploads\/2025\/09\/SSPAleman-III.jpeg\" alt=\"\" width=\"535\" height=\"480\" srcset=\"https:\/\/www.buroperiodistico.com.mx\/wp-content\/uploads\/2025\/09\/SSPAleman-III.jpeg 535w, https:\/\/www.buroperiodistico.com.mx\/wp-content\/uploads\/2025\/09\/SSPAleman-III-300x269.jpeg 300w\" sizes=\"auto, (max-width: 535px) 100vw, 535px\" \/> <img loading=\"lazy\" decoding=\"async\" class=\"aligncenter size-full wp-image-175960\" src=\"https:\/\/www.buroperiodistico.com.mx\/wp-content\/uploads\/2025\/09\/SSPAleman-II.jpeg\" alt=\"\" width=\"640\" height=\"427\" srcset=\"https:\/\/www.buroperiodistico.com.mx\/wp-content\/uploads\/2025\/09\/SSPAleman-II.jpeg 640w, https:\/\/www.buroperiodistico.com.mx\/wp-content\/uploads\/2025\/09\/SSPAleman-II-300x200.jpeg 300w\" sizes=\"auto, (max-width: 640px) 100vw, 640px\" \/><\/p>\n","protected":false},"excerpt":{"rendered":"<p>Al dar la bienvenida a estudiantes de secundaria, refrend\u00f3 el compromiso del gobernador Am\u00e9rico Villarreal&#8230;<\/p>\n","protected":false},"author":1,"featured_media":175965,"comment_status":"closed","ping_status":"closed","sticky":false,"template":"","format":"standard","meta":{"footnotes":"","jetpack_publicize_message":"","jetpack_publicize_feature_enabled":true,"jetpack_social_post_already_shared":true,"jetpack_social_options":{"image_generator_settings":{"template":"highway","default_image_id":0,"font":"","enabled":false},"version":2}},"categories":[10],"tags":[],"class_list":["post-175958","post","type-post","status-publish","format-standard","has-post-thumbnail","hentry","category-tamaulipas"],"jetpack_publicize_connections":[],"_links":{"self":[{"href":"https:\/\/www.buroperiodistico.com.mx\/index.php?rest_route=\/wp\/v2\/posts\/175958","targetHints":{"allow":["GET"]}}],"collection":[{"href":"https:\/\/www.buroperiodistico.com.mx\/index.php?rest_route=\/wp\/v2\/posts"}],"about":[{"href":"https:\/\/www.buroperiodistico.com.mx\/index.php?rest_route=\/wp\/v2\/types\/post"}],"author":[{"embeddable":true,"href":"https:\/\/www.buroperiodistico.com.mx\/index.php?rest_route=\/wp\/v2\/users\/1"}],"replies":[{"embeddable":true,"href":"https:\/\/www.buroperiodistico.com.mx\/index.php?rest_route=%2Fwp%2Fv2%2Fcomments&post=175958"}],"version-history":[{"count":0,"href":"https:\/\/www.buroperiodistico.com.mx\/index.php?rest_route=\/wp\/v2\/posts\/175958\/revisions"}],"wp:featuredmedia":[{"embeddable":true,"href":"https:\/\/www.buroperiodistico.com.mx\/index.php?rest_route=\/wp\/v2\/media\/175965"}],"wp:attachment":[{"href":"https:\/\/www.buroperiodistico.com.mx\/index.php?rest_route=%2Fwp%2Fv2%2Fmedia&parent=175958"}],"wp:term":[{"taxonomy":"category","embeddable":true,"href":"https:\/\/www.buroperiodistico.com.mx\/index.php?rest_route=%2Fwp%2Fv2%2Fcategories&post=175958"},{"taxonomy":"post_tag","embeddable":true,"href":"https:\/\/www.buroperiodistico.com.mx\/index.php?rest_route=%2Fwp%2Fv2%2Ftags&post=175958"}],"curies":[{"name":"wp","href":"https:\/\/api.w.org\/{rel}","templated":true}]}}