{"id":175951,"date":"2025-09-01T11:49:49","date_gmt":"2025-09-01T16:49:49","guid":{"rendered":"https:\/\/www.buroperiodistico.com.mx\/?p=175951"},"modified":"2025-09-01T11:49:49","modified_gmt":"2025-09-01T16:49:49","slug":"fortalece-tamaulipas-liderazgo-energetico-en-encuentro-internacional-usa-canada","status":"publish","type":"post","link":"https:\/\/www.buroperiodistico.com.mx\/?p=175951","title":{"rendered":"Fortalece Tamaulipas liderazgo energ\u00e9tico en encuentro internacional USA-Canad\u00e1"},"content":{"rendered":"<p><em><strong><img loading=\"lazy\" decoding=\"async\" class=\" wp-image-175952 alignright\" src=\"https:\/\/www.buroperiodistico.com.mx\/wp-content\/uploads\/2025\/09\/SDEUSA.jpeg\" alt=\"\" width=\"543\" height=\"343\" srcset=\"https:\/\/www.buroperiodistico.com.mx\/wp-content\/uploads\/2025\/09\/SDEUSA.jpeg 1024w, https:\/\/www.buroperiodistico.com.mx\/wp-content\/uploads\/2025\/09\/SDEUSA-300x190.jpeg 300w, https:\/\/www.buroperiodistico.com.mx\/wp-content\/uploads\/2025\/09\/SDEUSA-768x485.jpeg 768w\" sizes=\"auto, (max-width: 543px) 100vw, 543px\" \/>Ciudad de M\u00e9xico (1-Septiembre-2025).-<\/strong><\/em> El subsecretario de Inversi\u00f3n, Proyectos Estrat\u00e9gicos y Desarrollo Sostenible de la Secretar\u00eda de Desarrollo Energ\u00e9tico (SEDENER), \u00d3scar Xitec P\u00e9rez Contreras, particip\u00f3 en el encuentro \u201cMisi\u00f3n Comercial USA-Canad\u00e1\u201d, que reuni\u00f3 a m\u00e1s de 100 empresas de sectores estrat\u00e9gicos con el objetivo de consolidar a Tamaulipas como un destino atractivo para la inversi\u00f3n y el comercio en Am\u00e9rica del Norte.<\/p>\n<p>En representaci\u00f3n del secretario de Desarrollo Energ\u00e9tico, Walter Juli\u00e1n \u00c1ngel Jim\u00e9nez, el subsecretario P\u00e9rez Contreras destac\u00f3 que Tamaulipas mantiene su liderazgo en materia energ\u00e9tica mediante proyectos el\u00e9ctricos, de transmisi\u00f3n y renovables; infraestructura de hidrocarburos y gas natural; la modernizaci\u00f3n de la Refiner\u00eda Madero, as\u00ed como el impulso a biocombustibles sostenibles.<\/p>\n<p>Se\u00f1al\u00f3 que estos proyectos se desarrollan en l\u00ednea con los planes estatal y nacional de la presidenta Claudia Sheinbaum Pardo, con el prop\u00f3sito de garantizar el crecimiento econ\u00f3mico, la innovaci\u00f3n tecnol\u00f3gica y el bienestar social de las familias tamaulipecas.<\/p>\n<p>Con su participaci\u00f3n en este encuentro internacional, Tamaulipas reafirma su papel estrat\u00e9gico en la regi\u00f3n, consolidando alianzas que fortalecen la competitividad y el desarrollo sostenible en beneficio de M\u00e9xico y Am\u00e9rica del Norte.<\/p>\n","protected":false},"excerpt":{"rendered":"<p>Ciudad de M\u00e9xico (1-Septiembre-2025).- El subsecretario de Inversi\u00f3n, Proyectos Estrat\u00e9gicos y Desarrollo Sostenible de la&#8230;<\/p>\n","protected":false},"author":1,"featured_media":175952,"comment_status":"closed","ping_status":"closed","sticky":false,"template":"","format":"standard","meta":{"footnotes":"","jetpack_publicize_message":"","jetpack_publicize_feature_enabled":true,"jetpack_social_post_already_shared":true,"jetpack_social_options":{"image_generator_settings":{"template":"highway","default_image_id":0,"font":"","enabled":false},"version":2}},"categories":[10],"tags":[],"class_list":["post-175951","post","type-post","status-publish","format-standard","has-post-thumbnail","hentry","category-tamaulipas"],"jetpack_publicize_connections":[],"_links":{"self":[{"href":"https:\/\/www.buroperiodistico.com.mx\/index.php?rest_route=\/wp\/v2\/posts\/175951","targetHints":{"allow":["GET"]}}],"collection":[{"href":"https:\/\/www.buroperiodistico.com.mx\/index.php?rest_route=\/wp\/v2\/posts"}],"about":[{"href":"https:\/\/www.buroperiodistico.com.mx\/index.php?rest_route=\/wp\/v2\/types\/post"}],"author":[{"embeddable":true,"href":"https:\/\/www.buroperiodistico.com.mx\/index.php?rest_route=\/wp\/v2\/users\/1"}],"replies":[{"embeddable":true,"href":"https:\/\/www.buroperiodistico.com.mx\/index.php?rest_route=%2Fwp%2Fv2%2Fcomments&post=175951"}],"version-history":[{"count":0,"href":"https:\/\/www.buroperiodistico.com.mx\/index.php?rest_route=\/wp\/v2\/posts\/175951\/revisions"}],"wp:featuredmedia":[{"embeddable":true,"href":"https:\/\/www.buroperiodistico.com.mx\/index.php?rest_route=\/wp\/v2\/media\/175952"}],"wp:attachment":[{"href":"https:\/\/www.buroperiodistico.com.mx\/index.php?rest_route=%2Fwp%2Fv2%2Fmedia&parent=175951"}],"wp:term":[{"taxonomy":"category","embeddable":true,"href":"https:\/\/www.buroperiodistico.com.mx\/index.php?rest_route=%2Fwp%2Fv2%2Fcategories&post=175951"},{"taxonomy":"post_tag","embeddable":true,"href":"https:\/\/www.buroperiodistico.com.mx\/index.php?rest_route=%2Fwp%2Fv2%2Ftags&post=175951"}],"curies":[{"name":"wp","href":"https:\/\/api.w.org\/{rel}","templated":true}]}}