{"id":175947,"date":"2025-09-01T11:42:43","date_gmt":"2025-09-01T16:42:43","guid":{"rendered":"https:\/\/www.buroperiodistico.com.mx\/?p=175947"},"modified":"2025-09-01T11:42:53","modified_gmt":"2025-09-01T16:42:53","slug":"cuenta-cedif-con-espacios-disponibles-en-talleres-invita-dif-reynosa-a-inscribirse","status":"publish","type":"post","link":"https:\/\/www.buroperiodistico.com.mx\/?p=175947","title":{"rendered":"Cuenta CEDIF con espacios disponibles en talleres; Invita DIF-Reynosa a inscribirse"},"content":{"rendered":"<p><em><strong><img loading=\"lazy\" decoding=\"async\" class=\"size-full wp-image-175948 alignright\" src=\"https:\/\/www.buroperiodistico.com.mx\/wp-content\/uploads\/2025\/09\/DIFx-I.jpeg\" alt=\"\" width=\"491\" height=\"480\" srcset=\"https:\/\/www.buroperiodistico.com.mx\/wp-content\/uploads\/2025\/09\/DIFx-I.jpeg 491w, https:\/\/www.buroperiodistico.com.mx\/wp-content\/uploads\/2025\/09\/DIFx-I-300x293.jpeg 300w\" sizes=\"auto, (max-width: 491px) 100vw, 491px\" \/>Reynosa, Tam (1-Septiembre-2025).-<\/strong><\/em> El Sistema DIF-Reynosa que preside Carlos Luis Pe\u00f1a Garza, mantiene abiertas las inscripciones para los diversos talleres CEDIF, una alternativa de formaci\u00f3n y capacitaci\u00f3n dirigida a la comunidad con el prop\u00f3sito de impulsar el desarrollo personal y econ\u00f3mico de las familias.<\/p>\n<p>Los talleres disponibles incluyen T\u00e9cnico Terapeuta, T\u00e9cnicas Moldeantes, Auxiliar de Enfermer\u00eda, Cuidados Asistenciales, Belleza, Alto Peinado, U\u00f1as, Barber\u00eda en nivel b\u00e1sico y avanzado, Reposter\u00eda, Mesa de Postres, Comida Saludable, Corte y Confecci\u00f3n en sus dos niveles, Globoflexia, Manualidades, Resina Ep\u00f3xica y Computaci\u00f3n.<\/p>\n<p>Las personas interesadas pueden acudir a las oficinas del DIF-Reynosa, en un horario de 8:00 de la ma\u00f1ana a 4:00 de la tarde o comunicarse a los tel\u00e9fonos 8999254615 8999232564, para mayor informaci\u00f3n sobre inscripciones y disponibilidad.<\/p>\n","protected":false},"excerpt":{"rendered":"<p>Reynosa, Tam (1-Septiembre-2025).- El Sistema DIF-Reynosa que preside Carlos Luis Pe\u00f1a Garza, mantiene abiertas las&#8230;<\/p>\n","protected":false},"author":1,"featured_media":175949,"comment_status":"closed","ping_status":"closed","sticky":false,"template":"","format":"standard","meta":{"footnotes":"","jetpack_publicize_message":"","jetpack_publicize_feature_enabled":true,"jetpack_social_post_already_shared":true,"jetpack_social_options":{"image_generator_settings":{"template":"highway","default_image_id":0,"font":"","enabled":false},"version":2}},"categories":[9],"tags":[],"class_list":["post-175947","post","type-post","status-publish","format-standard","has-post-thumbnail","hentry","category-reynosa"],"jetpack_publicize_connections":[],"_links":{"self":[{"href":"https:\/\/www.buroperiodistico.com.mx\/index.php?rest_route=\/wp\/v2\/posts\/175947","targetHints":{"allow":["GET"]}}],"collection":[{"href":"https:\/\/www.buroperiodistico.com.mx\/index.php?rest_route=\/wp\/v2\/posts"}],"about":[{"href":"https:\/\/www.buroperiodistico.com.mx\/index.php?rest_route=\/wp\/v2\/types\/post"}],"author":[{"embeddable":true,"href":"https:\/\/www.buroperiodistico.com.mx\/index.php?rest_route=\/wp\/v2\/users\/1"}],"replies":[{"embeddable":true,"href":"https:\/\/www.buroperiodistico.com.mx\/index.php?rest_route=%2Fwp%2Fv2%2Fcomments&post=175947"}],"version-history":[{"count":0,"href":"https:\/\/www.buroperiodistico.com.mx\/index.php?rest_route=\/wp\/v2\/posts\/175947\/revisions"}],"wp:featuredmedia":[{"embeddable":true,"href":"https:\/\/www.buroperiodistico.com.mx\/index.php?rest_route=\/wp\/v2\/media\/175949"}],"wp:attachment":[{"href":"https:\/\/www.buroperiodistico.com.mx\/index.php?rest_route=%2Fwp%2Fv2%2Fmedia&parent=175947"}],"wp:term":[{"taxonomy":"category","embeddable":true,"href":"https:\/\/www.buroperiodistico.com.mx\/index.php?rest_route=%2Fwp%2Fv2%2Fcategories&post=175947"},{"taxonomy":"post_tag","embeddable":true,"href":"https:\/\/www.buroperiodistico.com.mx\/index.php?rest_route=%2Fwp%2Fv2%2Ftags&post=175947"}],"curies":[{"name":"wp","href":"https:\/\/api.w.org\/{rel}","templated":true}]}}