{"id":175934,"date":"2025-09-01T09:59:47","date_gmt":"2025-09-01T14:59:47","guid":{"rendered":"https:\/\/www.buroperiodistico.com.mx\/?p=175934"},"modified":"2025-09-01T09:59:47","modified_gmt":"2025-09-01T14:59:47","slug":"senal-politica-por-anwar-a-vivian-peralta-182","status":"publish","type":"post","link":"https:\/\/www.buroperiodistico.com.mx\/?p=175934","title":{"rendered":"SE\u00d1AL POLITICA\/ Por: ANWAR A. VIVIAN PERALTA"},"content":{"rendered":"<p style=\"text-align: center;\"><strong><em>PARTIDO VERDE ES BASTION DE FORTALEZA EN EL NORESTE DE MEXICO<\/em><\/strong><\/p>\n<p><em><strong>(1-Septiembre-2025).-<\/strong><\/em> Con el objetivo de que al El Verde Tamaulipas un referente a nivel nacional: Arturo Escobar y Vega<\/p>\n<p>Impresiona el PVEM y re\u00fane m\u00e1s de 2,500 simpatizantes en Reynosa.<\/p>\n<p>EN SU VISITA A REYNOSA, EL LIDER NACIONAL dentro de una agenda in\u00e9dita en el norte de Tamaulipas, y en calidad de Coordinador pol\u00edtico Nacional del PVEM ARTURO ESCOBAR Y VEGA.<\/p>\n<p>Encabez\u00f3 un m\u00edtin hist\u00f3rico en donde con m\u00e1s de 2,500 simpatizantes del PVEM para arrancar la jornada tamaulipeca de afiliaci\u00f3n pol\u00edtica ATR\u00c9VETE TAMAULIPAS, en donde cuentan con afiliar m\u00e1s de 50 mil tamaulipecos.<\/p>\n<p>\u201cEl VERDE de Tamaulipas ser\u00e1 el nuevo basti\u00f3n Verde del noreste de M\u00e9xico pues tiene actores pol\u00edticos con arraigo ciudadano y experiencia probada; los mejores cuadros\u201d declar\u00f3<\/p>\n<p>Arturo Escobar, que reconoci\u00f3 el trabajo de la senadora MAKI ORTIZ, la diputada federal CASANDRA DE LOS SANTOS, y el trabajo que hace el alcalde de Reynosa, CARLOS PE\u00d1A ORTIZ que ha colocado a la ciudad como una vanguardia del norte del pa\u00eds.<\/p>\n<p>Escobar destac\u00f3 tambi\u00e9n la labor de MANUEL MU\u00d1OZ CANO al frente del Par do en el Estado, \u201cfuiste un parteaguas, Manuel, bajo tu dirigencia, el Verde pas\u00f3 de 27,000 a 200,000 votos en tres a\u00f1os\u201d.<\/p>\n<p>MU\u00d1OZ CANO, por su parte, habl\u00f3 sobre la representaci\u00f3n de elecci\u00f3n popular con<\/p>\n<p>que cuenta el par do en el Senado, el Congreso de la Uni\u00f3n, el Congreso local, alcaldes, s\u00edndicos y regidores; as\u00ed como Coordinaciones municipales en virtualmente todo el Estado.<\/p>\n<p>La militancia de todo el Estado, de norte a sur, y este a oeste, se dio lugar en Reynosa, para acompa\u00f1ar al l\u00edder nacional en este evento, dando cuenta de la unidad y compromiso del<\/p>\n<p>Comit\u00e9 Ejecutivo Estatal y las Coordinaciones municipales del Verde Tamaulipas.<\/p>\n<p style=\"text-align: center;\"><strong>IMPULSAN MAS PROGRAMA DE PAVIMENTACION EN RIO BRAVO<\/strong><\/p>\n<p>Dijo el alcalde de Rio Bravo, MIGUEL ALMARAZ, \u00abSeguimos trabajando en la rehabilitaci\u00f3n de la calle Silvano Chavera, en la colonia Juan B\u00e1ez\u00bb, al recorrer como ya es costumbre las principales acciones y obras que lleva su gobierno.<\/p>\n<p>\u00abJuntos recuperamos m\u00e1s vialidades para nuestras familias, el gobierno de la ciudad ha implementado un programa no solo de bacheo y rehabilitaci\u00f3n de arterias en diferentes colonias y sectores de la ciudad, sino de pavimentaci\u00f3n con material suficiente para que aguante muchos a\u00f1os\u00bb.<\/p>\n<p>Dijo que el deterioro con que cuenta R\u00edo Bravo en sus calles en todos los sectores de la ciudad es lamentable y como una prioridad de su gobierno adem\u00e1s de otras \u00e1reas, son los diferentes caminos que la conforman como ciudad.<\/p>\n<p style=\"text-align: center;\">CELEBRAN DIA DE LOS ABUELOS EN DIF RIO BRAVO<\/p>\n<p>Bonita celebraci\u00f3n se llev\u00f3 a cabo en la coronaci\u00f3n de Rey, Reina, Princesa y Duquesa a los integrantes del programa Adulto Activo del Sistema DIF R\u00edo Bravo.<\/p>\n<p>En este evento se cont\u00f3 con la presencia del alcalde MIGUEL ALMARAZ MALDONADO acompa\u00f1ado de la presidenta del Sistema DIF R\u00edo Bravo Sra. BLANCA ARIZPE DE ALMARAZ, la Lic. ALEJANDRA ALMARAZ ARIZPE, integrante del patronato DIF, y la Lic. ROSA MARIA GARZA, directora de Fortalecimiento Familiar y Adulto Activo.<\/p>\n<p>Fue un festejo lleno de alegr\u00eda, risas y convivencia, en reconocimiento a quienes son ejemplo de amor y experiencia para nuestras familias.<\/p>\n<p>HAY QUE SE\u00d1ALAR que el sistema DIF municipal que preside BLANCA ARIZPE DE ALMARAZ, ha puesto especial \u00e9nfasis en el cuidado de los adultos mayores, los servicios as\u00ed como los beneficios que ellos tienen derecho.<\/p>\n<p>ALGO que ha sido un clima emblem\u00e1tico del trabajo de la primera trabajadora social del municipio y que ha manifestado seguir\u00e1 haciendo con aprecio y satisfacci\u00f3n.<\/p>\n<p style=\"text-align: center;\"><strong>FIRMA SUTSPET CONVENIO CON UNIVERSIDAD VIZCAYA<\/strong><\/p>\n<p>Con la finalidad de apoyar a los servidores p\u00fablicos y sus hijos para que contin\u00faen sus estudios superiores se llev\u00f3 a cabo la firma de importante convenio entre el SUTSPET y la universidad Vizcaya , por el SUTSPET firm\u00f3 la licenciada BLANCA GUADALUPE VALLES RODRIGUEZ secretaria general<\/p>\n<p>Y la Mtra. ADRIANA CERDA LERMA directora general de la universidad, Este logro otorga el 20% de descuento en las mensualidades para los trabajadores y sus hijos que mantengan un promedio de 8.5 en sus calificaciones.<\/p>\n<p>Tambi\u00e9n firmaron la lic. MATILDE MARTINEZ RUIZ.<\/p>\n<p>Secretaria de capacitaci\u00f3n, formaci\u00f3n y asuntos educativos, del organismo sindical y la Mtra. ANA LILIA VAZQUEZ.<\/p>\n<p>Gallegos coordinadora de la licenciatura de Psicolog\u00eda de la UVA.<\/p>\n<p>Esto viene a brindar mayores oportunidades de preparaci\u00f3n acad\u00e9mica, fomentar el desarrollo profesional y apoyar la. Econom\u00eda familiar, fortaleciendo as\u00ed el bienestar integral de la base trabajadora.<\/p>\n<p style=\"text-align: center;\"><strong>REALIZAN BRIGADA \u201cCONTIGO A CLASES\u201d<\/strong><\/p>\n<p>Siendo la ni\u00f1ez y la educaci\u00f3n ejes importantes para el Sistema DIF Matamoros y el Gobierno Municipal, llevaron a cabo la Brigada \u201cContigo a Clases\u201d acercando a las familias de la Colonia El Alto los servicios que ofrece este organismo a beneficio de las familias.<\/p>\n<p>Durante esta actividad, se instalaron m\u00f3dulos de atenci\u00f3n en consulta m\u00e9dica general, farmacia, vacunas, atenci\u00f3n dental, corte de cabello, asesor\u00eda psicol\u00f3gica y jur\u00eddica, bolsa de trabajo, valoraci\u00f3n de pie diab\u00e9tico, mercadito a bajo costo, as\u00ed como actividades recreativas y entrega de \u00fatiles escolares.<\/p>\n<p>La presidenta de este organismo, ANA ARICEAGA DE GRANADOS, en su mensaje a los asistentes expres\u00f3, \u201cContigo a Clases\u201d es una iniciativa que impulsamos especialmente para acompa\u00f1arlos en este nuevo inicio de ciclo escolar y hacerles un regalito de un kit con \u00fatiles que puedan ayudarles para iniciar sus clases. Todo esto es una muestra de que creemos en su talento, en sus sue\u00f1os y en el gran futuro que tienen por delante. Ustedes son una inspiraci\u00f3n para seguir trabajando y construir juntos un mejor entorno en el que se puedan desarrollar de manera positiva y sana\u201d.<\/p>\n<p>Asimismo, agradeci\u00f3 al presidente municipal, Lic. ALBERTO GRANADOS, por su apoyo para llevar a cabo este tipo de brigadas que impactan de manera directa a las familias.<\/p>\n<p>Tambi\u00e9n agradeci\u00f3 a la Secretaria de Bienestar Social la C.P. PERLA MEDINA RUIZ, por su respaldo al estas actividades y sumarse junto a su equipo a estas acciones para juntar todos los servicios en un solo lugar y poder brindar una atenci\u00f3n personalizada a casa beneficiario.<\/p>\n<p style=\"text-align: center;\"><strong>ASUMIRA MARIELA ZURITA NUEVA ENCOMIENDA POR MANDATO DEL PUEBLO<\/strong><\/p>\n<p>Y ES ASI COMO LA J\u00d3VEN abogada, Directora General del Instituto de Defensor\u00eda P\u00fablica del Estado, MARIELA ESTEFANIA ZURITA LUGO llega por decisi\u00f3n de la ciudadan\u00eda como Magistrada Federal en el Tribunal Colegiado en Materia Penal y del Trabajo, una vez que inicia labores seguramente dar\u00e1 lo mejor de su profesionalismo y entrega en el servicio de la justicia a su cargo en dichas materias.<\/p>\n<p>DIJO AGRADECER AL gobernador del estado AMERICO VILLARREAL ANAYA la distinci\u00f3n de haber trabajado en su administraci\u00f3n.<\/p>\n<p>Y asi como ella, varios personajes de la pol\u00edtica estar\u00e1n diciendo adi\u00f3s a sus encargos p\u00fablicos, otros ya los hicieron y otros fueron forzados a hacerlos.<\/p>\n<p>UNO DE ESTOS CASOS, ES EN LA SECRETARIA GENERAL DE GOBIERNO que a\u00fan titula HECTOR VILLEGAS GONZALEZ que una vez m\u00e1s lo reiteramos le ha quedado muy grande el cargo pol\u00edtico para el que lo tienen cobrando sin hacer gran cosa y donde le ayuda a los despidos injustificados TOMAS GLORIA REQUENA de nefastos recuerdos en San Fernando donde por desgracia gobern\u00f3 como alcalde hace algunos a\u00f1os.<\/p>\n<p>LAMENTABLE que \u00fanicamente su mayor m\u00e9rito \u2013DEL SECRETARIO DE GOBIERNO- es andar detr\u00e1s de los eventos del gobernador del estado como en honores de los lunes o en ceremonias, porque cuando se trata de ir a cabalgatas o hay que festejar alg\u00fan aniversario m\u00e1s de las emancipaciones de municipios, comunidades o ejidos de Tamaulipas de inmediato lo mandan, porque?, pues porque ah\u00ed no hay nada que decidir mas que ir a festejar.<\/p>\n<p>EN FIN, volviendo con cosas agradables como la futura magistrada MARIELA ZURITA, sin duda nos toc\u00f3 conocerle en esta administraci\u00f3n como una persona entregada, deseosa de realizar realmente una labor a pesar de las vicisitudes que tuvo en esta secretaria general de gobierno con el titular a cargo.<\/p>\n<p>SU ENTREGA AL TRABAJO fue real, de verdad, no d\u00e9 a mentiritas como en algunos casos se ha visto en la administraci\u00f3n y sobre todo en \u00e1reas como al de gobierno.<\/p>\n<p>AQU\u00cd, su agradecimiento al Gobernador de Tamaulipas fue tambi\u00e9n a las Diferentes Instancias Federales y Estatales y dice \u201ccon quienes entable comunicaci\u00f3n directa para salir avante en la designaci\u00f3n encomendada\u201d.<\/p>\n<p>Menciona en su red social \u201cEl ejercicio profesional me lleva a una nueva etapa en el \u00e1mbito Federal, sabedora de la responsabilidad que implica responder a la ciudadan\u00eda que mediante su voto me eligi\u00f3, lo que me obliga a seguir mi tr\u00e1nsito con rectitud y profesionalismo\u201d.<\/p>\n<p>\u201cEs para m\u00ed un privilegio haber contribuido desde mi posici\u00f3n a la Transformaci\u00f3n en Tamaulipas, representando al Instituto de Defensor\u00eda P\u00fablica del Estado, servir a los Tamaulipecos ha sido un gran honor.<\/p>\n<p>Reitero mi agradecimiento perenne a todos mis colaboradores, a la ciudadan\u00eda Tamaulipeca que me permiti\u00f3 servirle, s\u00e9 que a\u00fan queda mucho camino por recorrer, pero conf\u00edo en el profesionalismo y empat\u00eda de los juristas que habr\u00e1n de precederme\u201d.<\/p>\n<p>\u201cHoy reitero mi compromiso con el pueblo de M\u00e9xico porque s\u00e9 que, con voluntad y trabajo, en una conjugaci\u00f3n de esfuerzos, lograremos los objetivos deseados en favor de los justiciables, y me reitero a sus ordenes\u201d.<\/p>\n<p style=\"text-align: center;\"><strong>ARRANCA ALCALDE GATTAS OPERATIVO REGRESO SEGURO A CLASES<\/strong><\/p>\n<p>Con m\u00e1s de 300 elementos de seguridad, auxilio y protecci\u00f3n civil, arranc\u00f3 en Victoria, de manera in\u00e9dita, el Operativo Regreso Seguro a Clases, con el banderazo oficial encabezado por el alcalde EDUARDO GATTAS, representes del Estado y la Federaci\u00f3n.<\/p>\n<p>En la explanada del paseo \u201cPedro J. M\u00e9ndez\u201d, inici\u00f3 el despliegue de unidades motorizadas y patrullas de la Guardia Nacional, SEDENA, Guardia Estatal, FGJT, CREDE, Protecci\u00f3n Civil, Tr\u00e1nsito y Vialidad, COMAPA y Servicios P\u00fablicos Municipales para garantizar la seguridad de alumnos, padres de familia y docentes el 1 de septiembre.<\/p>\n<p>JUAN VITAL ROMAN MARTINEZ, director del Centro Regional de Desarrollo Educativo (CREDE), reconoci\u00f3 la iniciativa del gobierno municipal por impulsar la estrategia que encuadra en el proyecto humanista del Gobernador AMERICO VILLARREAL y que, asegur\u00f3, ser\u00e1 punta de lanza en los dem\u00e1s municipios de Tamaulipas.<\/p>\n<p>\u201cCuando caminan seguros a la escuela, Victoria avanza hacia el futuro\u201d expres\u00f3 Gatt\u00e1s B\u00e1ez al agradecer a nombre propio y de su esposa LUCY DE GATAS, presidenta del DIF Municipal, la participaci\u00f3n de fuerzas de seguridad estatal y federal que dar\u00e1n orden, tranquilidad y confianza a las ni\u00f1as y ni\u00f1os en el regreso a clases.<\/p>\n<p>Participaron por el 77 Batall\u00f3n de Infanter\u00eda el Mayor SAUL RIVERA MARTINEZ, de la Guardia Nacional el G.D. de Estado Mayor Daniel Hugo Salinas, por la FGJT la Mtra. Gabriela Prieto y por la SSPT el General Lorenzo Ra\u00fal Ruiz V\u00e1zquez, sum\u00e1ndose el Profr. Rub\u00e9n Jim\u00e9nez de la Secci\u00f3n XXX del SNTE.<\/p>\n<p style=\"text-align: center;\"><strong>EL POLITICO<\/strong><\/p>\n<p>ESTEBAN MOCTEZUMA BARRAGAN, PERSONAJE que ha sobrevivido a la pol\u00edtica nacional en diferentes cargos.<\/p>\n<p>Originario de la ciudad de M\u00e9xico, ha sido secretario de gobernaci\u00f3n en el sexenio de ERNESTO ZEDILLO; Secretario de educaci\u00f3n con ANDRES MANUEL LOPEZ OBRADOR asi como embajador de M\u00e9xico en Estados Unidos.<\/p>\n<p>Fue Secretario de desarrollo social en el gobierno de ERNESTO ZEDILLO y en el 2021 designado embajador de M\u00e9xico en Estados Unidos.<\/p>\n<p>Es licenciado en econom\u00eda y originario de la ciudad de M\u00e9xico.<\/p>\n<p>EL MATAMORENSE<br \/>\nEX ALCALDE y ex diputado local, asi como l\u00edder del congreso del estado, originario de Matamoros, Tamaulipas, HOMAR ZAMORANO AYALA.<\/p>\n<p>Destac\u00f3 como uno de los principales operadores pol\u00edticos del LIC. MANUEL CAVAZOS de quien fue secretario particular como senador en 1991 y coordinador general de su campa\u00f1a electoral a la gubernatura en 1992.<\/p>\n<p>HOMAR ZAMORANO AYALA, fue alcalde de Matamoros, despu\u00e9s de contender y ser derrotado en 1995, volvi\u00f3 a intentarlo en 1998, logrando su triunfo.<\/p>\n<p>Fue dirigente de la liga de comunidades agrarias CNC, presidente del comit\u00e9 directivo estatal del PRI y hoy por hoy es asesor del ayuntamiento de Matamoros, sigue vigente en la pol\u00edtica en el pueblo que lo vio nacer.<\/p>\n<p>ENVIO MI FELICITACION POR su cumplea\u00f1os este pasado 29 de agosto a BENITO CHACON, JOAQUIN OLEA VAZQUEZ, abogado y polit\u00f3logo reynosense; GUSTAVO CARLOS GALLEGOS, JOSE DANIEL BORREGO GOMEZ, HELIO PE\u00d1A, YULI PALOMARES, RUBI NAVA, MARCO ANTONIO YA\u00d1EZ, ROSY TREVI\u00d1O, RICARDO FLORES SAAVEDRA, SAUL RIVERA CABALLERO, ANGUS DELGADO Y JESUS GUERRA.<\/p>\n<p>MIENTRAS QUE ESTE 30 de agosto mi felicitaci\u00f3n para MARTIN SIFUENTES, destacado periodista; DORA ALICIA AYALA, JUAN JOSE CHAPA GARZA, ex presidente municipal de Valle hermoso; CECILIO MORALES ESPARZA, NOE WALLS, RAMIRO LIZCANO, ROSARIO LATIGO, ROLANDO CAVAZOS DE LA PORTILLA, MANLIO FABIO BELTRONES RIVERA, LUIS ROBERTO JUAREZ GARCIA Y ORLANDO MARQUEZ.<\/p>\n<p>Asi como este 31 de agosto cumplieron a\u00f1os el DR. JOSE BORREGO ALVARADO, director del hospital general de Valle hermoso; RAMON JAIME AGUAYO, ex alcalde de Diaz Ordaz; MAURICIO MALDONADO, HOMERO ESCAMILLA, LUIS EDUARDO GARZA GUTIERREZ Y ANGEL GONZALEZ HERNANDEZ.<\/p>\n<p>ADEMAS DE este 1 de septiembre mi felicitaci\u00f3n para FELIPE ANGELES CARDENAS GONZALEZ, ALDO ISAAC TORRES PERALTA, VERONICA GARZA DE PRIETO, ERIKA AZUARA, ROBERTO RUIZ ISASSI, ex presidente de CANACO Reynosa y RAMON RIVERA.<\/p>\n<p>Y NOS VEREMOS.<\/p>\n","protected":false},"excerpt":{"rendered":"<p>PARTIDO VERDE ES BASTION DE FORTALEZA EN EL NORESTE DE MEXICO (1-Septiembre-2025).- Con el objetivo&#8230;<\/p>\n","protected":false},"author":1,"featured_media":149790,"comment_status":"closed","ping_status":"closed","sticky":false,"template":"","format":"standard","meta":{"footnotes":"","jetpack_publicize_message":"","jetpack_publicize_feature_enabled":true,"jetpack_social_post_already_shared":true,"jetpack_social_options":{"image_generator_settings":{"template":"highway","default_image_id":0,"font":"","enabled":false},"version":2}},"categories":[23],"tags":[],"class_list":["post-175934","post","type-post","status-publish","format-standard","has-post-thumbnail","hentry","category-columnas"],"jetpack_publicize_connections":[],"_links":{"self":[{"href":"https:\/\/www.buroperiodistico.com.mx\/index.php?rest_route=\/wp\/v2\/posts\/175934","targetHints":{"allow":["GET"]}}],"collection":[{"href":"https:\/\/www.buroperiodistico.com.mx\/index.php?rest_route=\/wp\/v2\/posts"}],"about":[{"href":"https:\/\/www.buroperiodistico.com.mx\/index.php?rest_route=\/wp\/v2\/types\/post"}],"author":[{"embeddable":true,"href":"https:\/\/www.buroperiodistico.com.mx\/index.php?rest_route=\/wp\/v2\/users\/1"}],"replies":[{"embeddable":true,"href":"https:\/\/www.buroperiodistico.com.mx\/index.php?rest_route=%2Fwp%2Fv2%2Fcomments&post=175934"}],"version-history":[{"count":0,"href":"https:\/\/www.buroperiodistico.com.mx\/index.php?rest_route=\/wp\/v2\/posts\/175934\/revisions"}],"wp:featuredmedia":[{"embeddable":true,"href":"https:\/\/www.buroperiodistico.com.mx\/index.php?rest_route=\/wp\/v2\/media\/149790"}],"wp:attachment":[{"href":"https:\/\/www.buroperiodistico.com.mx\/index.php?rest_route=%2Fwp%2Fv2%2Fmedia&parent=175934"}],"wp:term":[{"taxonomy":"category","embeddable":true,"href":"https:\/\/www.buroperiodistico.com.mx\/index.php?rest_route=%2Fwp%2Fv2%2Fcategories&post=175934"},{"taxonomy":"post_tag","embeddable":true,"href":"https:\/\/www.buroperiodistico.com.mx\/index.php?rest_route=%2Fwp%2Fv2%2Ftags&post=175934"}],"curies":[{"name":"wp","href":"https:\/\/api.w.org\/{rel}","templated":true}]}}