{"id":175929,"date":"2025-08-31T20:58:11","date_gmt":"2025-09-01T01:58:11","guid":{"rendered":"https:\/\/www.buroperiodistico.com.mx\/?p=175929"},"modified":"2025-08-31T20:58:11","modified_gmt":"2025-09-01T01:58:11","slug":"cronicas-politicas-por-alberto-guerra-salazar-545","status":"publish","type":"post","link":"https:\/\/www.buroperiodistico.com.mx\/?p=175929","title":{"rendered":"CRONICAS POLITICAS\/ Por Alberto Guerra Salazar"},"content":{"rendered":"<p><strong><em>31 de agosto 2025<\/em><\/strong><\/p>\n<p style=\"text-align: center;\"><em><strong>No se olvidan los desaparecidos<\/strong><\/em><\/p>\n<p>CIUDAD VICTORIA, (ASI).\u2014 En el marco de la celebraci\u00f3n del D\u00eda Internacional de las V\u00edctimas de Desapariciones forzadas, la Secretar\u00eda estatal de Bienestar Social organiz\u00f3 el conversatorio \u201cMemoria, Verdad y Justicia: Compromiso institucional contra la desaparici\u00f3n forzada\u201d, dirigido a los servidores p\u00fablicos.<\/p>\n<p>El ejercicio tuvo como prop\u00f3sito visibilizar las desapariciones forzadas como una grave violaci\u00f3n a los derechos humanos, as\u00ed como generar un espacio de reflexi\u00f3n y di\u00e1logo que permitan reconocer el impacto en las v\u00edctimas y sus familias, pero sobre todo, fortalecer la conciencia social e institucional sobre la importancia de garantizar el derecho a la verdad, la justicia y la no repetici\u00f3n.<\/p>\n<p>Estuvieron presentes el Sub-secretario de Derechos Humanos y Articulaci\u00f3n Social de la SEBIEN, el Snb-secretario de Legalidad y Servicios Gubernamentales y la comisionada de Derechos Humanos del gobierno estatal.<\/p>\n<p>La menci\u00f3n de la SEBIEN nos hizo recordar que la titular estatal de la dependencia Silvia Casas Gonz\u00e1lez visit\u00f3 la ciudad de R\u00edo Bravo para entregar apoyos sociales y anunciar la creaci\u00f3n de promoci\u00f3n de nuevas acciones sociales y culturales.<\/p>\n<p>La emisaria de Am\u00e9rico entreg\u00f3 apoyos sociales del programa \u201cAlimentando tu Bienestar\u201d y anunci\u00f3 que el mandatario ha garantizado la permanencia de todos los programas de Bienestar y que \u00e9stos se incrementan, adem\u00e1s de sumar nuevos instrumentos tecnol\u00f3gicos para localizar a nuevos beneficiarios.<\/p>\n<p>\u201cYa estamos instrumentando ciertos criterios que tienen qu\u00e9 ver con aspectos de tecnolog\u00edas, de tal modo que ya es posible localizar a las personas que necesitan de los apoyos y saber con certeza y transparencia a d\u00f3nde est\u00e1n llegando estos beneficios,\u201d precis\u00f3.<\/p>\n<p>Agreg\u00f3 que los programas sociales del \u201cPlan M\u00e9xico \u201c de la presidenta Claudia Sheinbaum y que benefician a m\u00e1s de 300 mil tamaulipecos, seguir\u00e1n llegando en los tiempos establecidos de acuerdo a sus reglas de operaci\u00f3n.<\/p>\n<p>Dentro de esta gira de trabajo tambi\u00e9n se llev\u00f3 a cabo una reuni\u00f3n de seguimiento FARA FARA, Laboratorio de la Nueva M\u00fasica Norte\u00f1a\u201d que coordina el Instituto Tamaulipeco para las Cultura y las Artes, ITCA, que favorezca la continuidad de la construcci\u00f3n de la cultura para la paz.<\/p>\n<p>Las actividades cerraron con el traslado al \u201cComedor de Bienestar\u201d situado en Nuevo Progreso, donde se convivi\u00f3 con comensales y personal, dedicado a atender a los beneficiarios con dos comidas calientes por d\u00eda, de lunes a viernes, programa que busca que las personas disminuyan sus niveles de carencia alimentaria gracias al suministro y distribuci\u00f3n de alimentos en comedores cercanos a sus domicilios.<\/p>\n<p>En Nuevo Laredo, el ic\u00f3nico Parque viveros se llen\u00f3 de vida con la primera edici\u00f3n del programa \u201cJuntos por el Arte y la Cultura\u201d, que reuni\u00f3 a familias en un festival lleno de m\u00fasica, danza y mucho talento local.<\/p>\n<p>Adem\u00e1s de las presentaciones art\u00edsticas, los asistentes recorrieron el \u00e1rea de bazaristas locales, donde pudieron adquirir productos hechos en la ciudad, promoviendo as\u00ed con consumo local y el apoyo a emprendedores.<\/p>\n<p>\u201cJuntos por el Arte y la Cultura\u201d se consolid\u00f3 como una propuesta que fomenta la convivencia y el desfrute de la cultura en comunidad, aprovechan del Parque viveros como un nuevo escenario para el talento art\u00edstico de Nuevo Laredo.<\/p>\n<p>Hoy lunes, Carmen Lilia estar\u00e1 presente en la ceremonia de inicio del ciclo escolar 2025-2026 y har\u00e1 entrega simb\u00f3lica de libros de texto gratuito, paquetes de \u00fatiles y gu\u00edas did\u00e1cticas, en la escuela primaria \u201cRosendo Caballero Gonz\u00e1lez\u201d, en la colonia Colinas del Sur.<\/p>\n<p>En otros temas, personal de la coordinaci\u00f3n G\u00fcemez de la Guardia Estatal, asisti\u00f3 al curso de Levantamiento de Pacientes y Control y Descenso Nacional de Emergencias a fin de adquirir los conocimiento y habilidades para la atenci\u00f3n a la ciudadan\u00eda en situaciones de emergencia.<\/p>\n<p>Esta capacitaci\u00f3n fue impartida por el Coordinador del Curso de Param\u00e9dicos de la Escuela de Centro de Formaci\u00f3n y Profesionalismo, adem\u00e1s de la teor\u00eda, se llev\u00f3 a cabo una pr\u00e1ctica de descenso en rapel en el puente San Felipe.<\/p>\n<p>Las personas de esta corporaci\u00f3n junto a param\u00e9dicos de ese municipio recibieron la capacitaci\u00f3n, lo que permite una mejor coordinaci\u00f3n en la atenci\u00f3n a emergencias que pudieran suscitarse en zonas monta\u00f1osas y de barrancos.<\/p>\n<p>Cambiamos de rumbo para referir que el Secretario estatal de Turismo Benjam\u00edn Hern\u00e1ndez Rodr\u00edguez asegur\u00f3 que inversionistas y empresarios est\u00e1n apostando por Tamaulipas, por la ubicaci\u00f3n estrat\u00e9gica, conectividad, potencial de desarrollo y servicios.<\/p>\n<p>Se refiere el funcionario al desarrollo tur\u00edstico de Tamaulipas y de M\u00e9xico, as\u00ed como el quinto lugar que ocupa nuestra entidad en el ranking mundial el proyecto de desarrollo econ\u00f3mico y tur\u00edstico \u201cMiramar Punto Sur\u201d.<\/p>\n<p>Se\u00f1al\u00f3 que este nuevo desarrollo empresarial se planea realizar en la zona sur, espec\u00edficamente en Tampico-Madero, y cuenta con una ubicaci\u00f3n estrat\u00e9gica dentro de la llamada escalera n\u00e1utica del Golfo de M\u00e9xico, con destinos cercanos como Nueva Orleans, Port Arthur, Houston, Corpus Christi, Brownsville, Veracruz, Coatzacoalcos, Puerto Progreso y Yucat\u00e1n.<\/p>\n<p>Correo electr\u00f3nico: albertoguerra65@hotmail.com<\/p>\n","protected":false},"excerpt":{"rendered":"<p>31 de agosto 2025 No se olvidan los desaparecidos CIUDAD VICTORIA, (ASI).\u2014 En el marco&#8230;<\/p>\n","protected":false},"author":1,"featured_media":149413,"comment_status":"closed","ping_status":"closed","sticky":false,"template":"","format":"standard","meta":{"footnotes":"","jetpack_publicize_message":"","jetpack_publicize_feature_enabled":true,"jetpack_social_post_already_shared":true,"jetpack_social_options":{"image_generator_settings":{"template":"highway","default_image_id":0,"font":"","enabled":false},"version":2}},"categories":[23],"tags":[],"class_list":["post-175929","post","type-post","status-publish","format-standard","has-post-thumbnail","hentry","category-columnas"],"jetpack_publicize_connections":[],"_links":{"self":[{"href":"https:\/\/www.buroperiodistico.com.mx\/index.php?rest_route=\/wp\/v2\/posts\/175929","targetHints":{"allow":["GET"]}}],"collection":[{"href":"https:\/\/www.buroperiodistico.com.mx\/index.php?rest_route=\/wp\/v2\/posts"}],"about":[{"href":"https:\/\/www.buroperiodistico.com.mx\/index.php?rest_route=\/wp\/v2\/types\/post"}],"author":[{"embeddable":true,"href":"https:\/\/www.buroperiodistico.com.mx\/index.php?rest_route=\/wp\/v2\/users\/1"}],"replies":[{"embeddable":true,"href":"https:\/\/www.buroperiodistico.com.mx\/index.php?rest_route=%2Fwp%2Fv2%2Fcomments&post=175929"}],"version-history":[{"count":0,"href":"https:\/\/www.buroperiodistico.com.mx\/index.php?rest_route=\/wp\/v2\/posts\/175929\/revisions"}],"wp:featuredmedia":[{"embeddable":true,"href":"https:\/\/www.buroperiodistico.com.mx\/index.php?rest_route=\/wp\/v2\/media\/149413"}],"wp:attachment":[{"href":"https:\/\/www.buroperiodistico.com.mx\/index.php?rest_route=%2Fwp%2Fv2%2Fmedia&parent=175929"}],"wp:term":[{"taxonomy":"category","embeddable":true,"href":"https:\/\/www.buroperiodistico.com.mx\/index.php?rest_route=%2Fwp%2Fv2%2Fcategories&post=175929"},{"taxonomy":"post_tag","embeddable":true,"href":"https:\/\/www.buroperiodistico.com.mx\/index.php?rest_route=%2Fwp%2Fv2%2Ftags&post=175929"}],"curies":[{"name":"wp","href":"https:\/\/api.w.org\/{rel}","templated":true}]}}