{"id":175926,"date":"2025-08-31T20:17:53","date_gmt":"2025-09-01T01:17:53","guid":{"rendered":"https:\/\/www.buroperiodistico.com.mx\/?p=175926"},"modified":"2025-08-31T20:17:53","modified_gmt":"2025-09-01T01:17:53","slug":"ve-dirigencia-del-verde-a-maki-ortiz-como-candidata-en-el-2028","status":"publish","type":"post","link":"https:\/\/www.buroperiodistico.com.mx\/?p=175926","title":{"rendered":"Ve dirigencia del Verde a Maki Ortiz como candidata en el 2028"},"content":{"rendered":"<ul>\n<li><strong><em>Arranc\u00f3 en Reynosa programa nacional de afiliaci\u00f3n.<\/em><\/strong><\/li>\n<\/ul>\n<p><strong><img loading=\"lazy\" decoding=\"async\" class=\" wp-image-175927 alignright\" src=\"https:\/\/www.buroperiodistico.com.mx\/wp-content\/uploads\/2025\/08\/Verdex.jpeg\" alt=\"\" width=\"562\" height=\"349\" srcset=\"https:\/\/www.buroperiodistico.com.mx\/wp-content\/uploads\/2025\/08\/Verdex.jpeg 1024w, https:\/\/www.buroperiodistico.com.mx\/wp-content\/uploads\/2025\/08\/Verdex-300x186.jpeg 300w, https:\/\/www.buroperiodistico.com.mx\/wp-content\/uploads\/2025\/08\/Verdex-768x477.jpeg 768w\" sizes=\"auto, (max-width: 562px) 100vw, 562px\" \/>Reynosa, Tam (31-Agosto-2025).-<\/strong> Anunciando el arranque nacional del programa de afiliaci\u00f3n del Partido Verde, coordinador pol\u00edtico del Verde Ecologista de M\u00e9xico, PVEM, Arturo Escobar Y Vega, acompa\u00f1ado por la senadora Maki Esther Ortiz Dom\u00ednguez; Manuel Mu\u00f1oz Cano, dirigente estatal; el alcalde de Reynosa, Carlos Pe\u00f1a Ortiz, y la diputada federal Casandra Priscila de los Santos Flores, encabez\u00f3 la conferencia &#8216;Luz Verde\u00bb en esta ciudad.<\/p>\n<p>En la reuni\u00f3n con medios de comunicaci\u00f3n Mu\u00f1oz Cano pronunci\u00f3 en su bienvenida que \u00abes un d\u00eda muy importante para nuestro Partido Verde en Tamaulipas, porque iniciamos ya una nueva etapa en la consolidaci\u00f3n aqu\u00ed en nuestro estado\u00bb.<\/p>\n<p>El representante nacional del Partido, Arturo Escobar, asegur\u00f3 que Tamaulipas es ejemplo en la presencia del Verde Ecologista y coment\u00f3 que el alcalde de Reynosa es el m\u00e1s destacado en el estado, \u00abpor mucho, y aparte es un referente de valent\u00eda, de valor y de buen gobierno\u00bb, asegur\u00f3 y expres\u00f3 su deseo de que la doctora Maki Ortiz sea candidata al gobierno estatal en el 2028.<\/p>\n<p>\u00abEs de esos presidentes municipales que ya no hay, o que hay pocos, de los que est\u00e1n dando la cara todo el d\u00eda, independientemente de lo que piensen los dem\u00e1s, \u00e9l est\u00e1 atendiendo a la ciudadan\u00eda, dando la cara\u00bb, asegur\u00f3 al dar el arranque en Reynosa en la afiliaci\u00f3n nacional al instituto pol\u00edtico.<\/p>\n<p>En este di\u00e1logo la senadora de la rep\u00fablica por el Partido Verde, Maki Esther Ortiz Dom\u00ednguez asegur\u00f3: \u00abvoy a hacer el informe del Senado. He presentado treinta y tres iniciativas, de las cuales en veinticinco he sido promovente. Y en el caso de puntos de acuerdo, diecis\u00e9is, todos he sido promovente, son cosas que beneficien a todo el pa\u00eds\u00bb.<\/p>\n<p>\u00abComo, por ejemplo, el hecho de que a partir de los tres niveles de gobierno, as\u00ed como lo hice aqu\u00ed en Reynosa, los gobiernos se responsabilicen y paguen todos los t\u00edtulos profesionales de todas las universidades p\u00fablicas y privadas, como se hace aqu\u00ed en Reynosa, que se pagan los t\u00edtulos profesionales\u00bb, dijo la Senadora del Verde Ecologista.<\/p>\n<p>En referencia a la pol\u00edtica p\u00fablica desarrollada en Reynosa, acorde con la ecolog\u00eda y medio ambiente, el alcalde Carlos Pe\u00f1a Ortiz asegur\u00f3: \u00aben los municipios del norte, estamos trabajando para implementar la Agenda 2030 de las Naciones Unidas, enfoc\u00e1ndonos en el desarrollo sostenible y la protecci\u00f3n del medio ambiente\u00bb.<\/p>\n<p>\u00abEn Reynosa, estamos priorizando la limpieza y la gesti\u00f3n de residuos, cerrando basureros clandestinos y promoviendo una ciudad m\u00e1s limpia y segura. Tambi\u00e9n estamos trabajando en el cuidado del agua, ya que dependemos del R\u00edo Bravo para abastecer a nuestros ciudadanos\u00bb, asegur\u00f3 el alcalde.<\/p>\n<p>\u00bb -Entonces, venir a Tamaulipas, venir aqu\u00ed a ratificar todos los escenarios de afiliaci\u00f3n, los cuales estamos involucrados, nos llena de gusto porque se est\u00e1n cumpliendo las metas y estamos ahora s\u00ed que viento en popa, prepar\u00e1ndonos para la elecci\u00f3n del 2027 y posteriormente para la elecci\u00f3n del 2028- \u00ab, finaliz\u00f3 Arturo Escobar.<\/p>\n","protected":false},"excerpt":{"rendered":"<p>Arranc\u00f3 en Reynosa programa nacional de afiliaci\u00f3n. Reynosa, Tam (31-Agosto-2025).- Anunciando el arranque nacional del&#8230;<\/p>\n","protected":false},"author":1,"featured_media":175927,"comment_status":"closed","ping_status":"closed","sticky":false,"template":"","format":"standard","meta":{"footnotes":"","jetpack_publicize_message":"","jetpack_publicize_feature_enabled":true,"jetpack_social_post_already_shared":true,"jetpack_social_options":{"image_generator_settings":{"template":"highway","default_image_id":0,"font":"","enabled":false},"version":2}},"categories":[25,9],"tags":[],"class_list":["post-175926","post","type-post","status-publish","format-standard","has-post-thumbnail","hentry","category-portada","category-reynosa"],"jetpack_publicize_connections":[],"_links":{"self":[{"href":"https:\/\/www.buroperiodistico.com.mx\/index.php?rest_route=\/wp\/v2\/posts\/175926","targetHints":{"allow":["GET"]}}],"collection":[{"href":"https:\/\/www.buroperiodistico.com.mx\/index.php?rest_route=\/wp\/v2\/posts"}],"about":[{"href":"https:\/\/www.buroperiodistico.com.mx\/index.php?rest_route=\/wp\/v2\/types\/post"}],"author":[{"embeddable":true,"href":"https:\/\/www.buroperiodistico.com.mx\/index.php?rest_route=\/wp\/v2\/users\/1"}],"replies":[{"embeddable":true,"href":"https:\/\/www.buroperiodistico.com.mx\/index.php?rest_route=%2Fwp%2Fv2%2Fcomments&post=175926"}],"version-history":[{"count":0,"href":"https:\/\/www.buroperiodistico.com.mx\/index.php?rest_route=\/wp\/v2\/posts\/175926\/revisions"}],"wp:featuredmedia":[{"embeddable":true,"href":"https:\/\/www.buroperiodistico.com.mx\/index.php?rest_route=\/wp\/v2\/media\/175927"}],"wp:attachment":[{"href":"https:\/\/www.buroperiodistico.com.mx\/index.php?rest_route=%2Fwp%2Fv2%2Fmedia&parent=175926"}],"wp:term":[{"taxonomy":"category","embeddable":true,"href":"https:\/\/www.buroperiodistico.com.mx\/index.php?rest_route=%2Fwp%2Fv2%2Fcategories&post=175926"},{"taxonomy":"post_tag","embeddable":true,"href":"https:\/\/www.buroperiodistico.com.mx\/index.php?rest_route=%2Fwp%2Fv2%2Ftags&post=175926"}],"curies":[{"name":"wp","href":"https:\/\/api.w.org\/{rel}","templated":true}]}}