{"id":175922,"date":"2025-08-31T19:58:01","date_gmt":"2025-09-01T00:58:01","guid":{"rendered":"https:\/\/www.buroperiodistico.com.mx\/?p=175922"},"modified":"2025-08-31T19:58:01","modified_gmt":"2025-09-01T00:58:01","slug":"realizo-sebien-conversatorio-memoria-verdad-y-justicia","status":"publish","type":"post","link":"https:\/\/www.buroperiodistico.com.mx\/?p=175922","title":{"rendered":"Realiz\u00f3 SEBIEN Conversatorio \u00abMemoria, Verdad y Justicia\u00bb"},"content":{"rendered":"<p><em><strong><img loading=\"lazy\" decoding=\"async\" class=\" wp-image-175924 alignright\" src=\"https:\/\/www.buroperiodistico.com.mx\/wp-content\/uploads\/2025\/08\/SBSJusticia.jpeg\" alt=\"\" width=\"608\" height=\"385\" srcset=\"https:\/\/www.buroperiodistico.com.mx\/wp-content\/uploads\/2025\/08\/SBSJusticia.jpeg 1024w, https:\/\/www.buroperiodistico.com.mx\/wp-content\/uploads\/2025\/08\/SBSJusticia-300x190.jpeg 300w, https:\/\/www.buroperiodistico.com.mx\/wp-content\/uploads\/2025\/08\/SBSJusticia-768x486.jpeg 768w\" sizes=\"auto, (max-width: 608px) 100vw, 608px\" \/>Ciudad Victoria, Tamaulipas (31-Agosto-2025).-<\/strong><\/em> \u201cMemoria, Verdad y Justicia: Compromiso Institucional contra la Desaparici\u00f3n Forzada\u201d fue el t\u00edtulo del conversatorio organizado por la Secretar\u00eda de Bienestar Social, dirigido a servidores p\u00fablicos en el marco del D\u00eda Internacional de las V\u00edctimas de Desapariciones Forzadas, inform\u00f3 la titular de la dependencia, Silvia Casas Gonz\u00e1lez.<\/p>\n<p>Dijo que este conversatorio se realiz\u00f3 el 29 de agosto en el Auditorio del Congreso del Estado y estuvo a cargo de los especialistas en el tema Carlos S\u00e1nchez Aguirre, Yllich Escamilla Santiago y Alma Delia V\u00e1zquez Montelongo.<\/p>\n<p>A\u00f1adi\u00f3 que, a trav\u00e9s de la Subsecretar\u00eda de Derechos Humanos y Articulaci\u00f3n Social de la SEBIEN, y en un marco colaborativo con la Secretar\u00eda General de Gobierno y la Comisi\u00f3n Estatal de Derechos Humanos, se da cumplimiento a la pol\u00edtica humanista del gobernador Am\u00e9rico Villarreal Anaya, cuyo compromiso es con el bienestar del pueblo y la regeneraci\u00f3n de la vida p\u00fablica.<\/p>\n<p>Este ejercicio tuvo como prop\u00f3sito visibilizar las desapariciones forzadas como una grave violaci\u00f3n a los derechos humanos, as\u00ed como generar un espacio de reflexi\u00f3n y di\u00e1logo que permita reconocer el impacto en las v\u00edctimas y sus familias, pero, sobre todo, fortalecer la conciencia social e institucional sobre la importancia de garantizar el derecho a la verdad, la justicia y la no repetici\u00f3n.<\/p>\n<p>Al conversatorio acudieron servidores p\u00fablicos de distintas dependencias que comparten, principalmente, la responsabilidad en la protecci\u00f3n y garant\u00eda de los derechos humanos, atienden directamente a v\u00edctimas y familiares, y tienen la obligaci\u00f3n legal e institucional de prevenir, investigar y sancionar la desaparici\u00f3n forzada.<\/p>\n<p>Estuvieron presentes el subsecretario de Derechos Humanos y Articulaci\u00f3n Social de la SEBIEN, Esteban Etiene Ru\u00edz; el subsecretario de Legalidad y Servicios Gubernamentales, Jorge Luis Beaz G\u00e1mez; y la comisionada de Derechos Humanos del Estado de Tamaulipas, Tayd\u00e9 Garza Guerra.<\/p>\n<p><img loading=\"lazy\" decoding=\"async\" class=\"aligncenter size-full wp-image-175923\" src=\"https:\/\/www.buroperiodistico.com.mx\/wp-content\/uploads\/2025\/08\/SBSJusticia-I.jpeg\" alt=\"\" width=\"640\" height=\"369\" srcset=\"https:\/\/www.buroperiodistico.com.mx\/wp-content\/uploads\/2025\/08\/SBSJusticia-I.jpeg 640w, https:\/\/www.buroperiodistico.com.mx\/wp-content\/uploads\/2025\/08\/SBSJusticia-I-300x173.jpeg 300w\" sizes=\"auto, (max-width: 640px) 100vw, 640px\" \/><\/p>\n","protected":false},"excerpt":{"rendered":"<p>Ciudad Victoria, Tamaulipas (31-Agosto-2025).- \u201cMemoria, Verdad y Justicia: Compromiso Institucional contra la Desaparici\u00f3n Forzada\u201d fue&#8230;<\/p>\n","protected":false},"author":1,"featured_media":175924,"comment_status":"closed","ping_status":"closed","sticky":false,"template":"","format":"standard","meta":{"footnotes":"","jetpack_publicize_message":"","jetpack_publicize_feature_enabled":true,"jetpack_social_post_already_shared":true,"jetpack_social_options":{"image_generator_settings":{"template":"highway","default_image_id":0,"font":"","enabled":false},"version":2}},"categories":[10],"tags":[],"class_list":["post-175922","post","type-post","status-publish","format-standard","has-post-thumbnail","hentry","category-tamaulipas"],"jetpack_publicize_connections":[],"_links":{"self":[{"href":"https:\/\/www.buroperiodistico.com.mx\/index.php?rest_route=\/wp\/v2\/posts\/175922","targetHints":{"allow":["GET"]}}],"collection":[{"href":"https:\/\/www.buroperiodistico.com.mx\/index.php?rest_route=\/wp\/v2\/posts"}],"about":[{"href":"https:\/\/www.buroperiodistico.com.mx\/index.php?rest_route=\/wp\/v2\/types\/post"}],"author":[{"embeddable":true,"href":"https:\/\/www.buroperiodistico.com.mx\/index.php?rest_route=\/wp\/v2\/users\/1"}],"replies":[{"embeddable":true,"href":"https:\/\/www.buroperiodistico.com.mx\/index.php?rest_route=%2Fwp%2Fv2%2Fcomments&post=175922"}],"version-history":[{"count":0,"href":"https:\/\/www.buroperiodistico.com.mx\/index.php?rest_route=\/wp\/v2\/posts\/175922\/revisions"}],"wp:featuredmedia":[{"embeddable":true,"href":"https:\/\/www.buroperiodistico.com.mx\/index.php?rest_route=\/wp\/v2\/media\/175924"}],"wp:attachment":[{"href":"https:\/\/www.buroperiodistico.com.mx\/index.php?rest_route=%2Fwp%2Fv2%2Fmedia&parent=175922"}],"wp:term":[{"taxonomy":"category","embeddable":true,"href":"https:\/\/www.buroperiodistico.com.mx\/index.php?rest_route=%2Fwp%2Fv2%2Fcategories&post=175922"},{"taxonomy":"post_tag","embeddable":true,"href":"https:\/\/www.buroperiodistico.com.mx\/index.php?rest_route=%2Fwp%2Fv2%2Ftags&post=175922"}],"curies":[{"name":"wp","href":"https:\/\/api.w.org\/{rel}","templated":true}]}}