{"id":175909,"date":"2025-08-31T19:44:22","date_gmt":"2025-09-01T00:44:22","guid":{"rendered":"https:\/\/www.buroperiodistico.com.mx\/?p=175909"},"modified":"2025-08-31T19:45:39","modified_gmt":"2025-09-01T00:45:39","slug":"ofertan-mas-de-100-vacantes-en-primera-feria-del-empleo-en-miguel-aleman","status":"publish","type":"post","link":"https:\/\/www.buroperiodistico.com.mx\/?p=175909","title":{"rendered":"Ofertan m\u00e1s de 100 vacantes en Primera Feria del Empleo en Miguel Alem\u00e1n"},"content":{"rendered":"<p><em><strong><img loading=\"lazy\" decoding=\"async\" class=\" wp-image-175914 alignright\" src=\"https:\/\/www.buroperiodistico.com.mx\/wp-content\/uploads\/2025\/08\/SETx-1.jpeg\" alt=\"\" width=\"440\" height=\"248\" srcset=\"https:\/\/www.buroperiodistico.com.mx\/wp-content\/uploads\/2025\/08\/SETx-1.jpeg 1024w, https:\/\/www.buroperiodistico.com.mx\/wp-content\/uploads\/2025\/08\/SETx-1-300x169.jpeg 300w, https:\/\/www.buroperiodistico.com.mx\/wp-content\/uploads\/2025\/08\/SETx-1-768x433.jpeg 768w\" sizes=\"auto, (max-width: 440px) 100vw, 440px\" \/>Miguel Alem\u00e1n, Tamaulipas (31-Agosto-2025).-<\/strong><\/em> Con \u00e9xito se llev\u00f3 a cabo la Primera Feria del Empleo en Miguel Alem\u00e1n 2025, donde se ofertaron m\u00e1s de 100 vacantes a trav\u00e9s de 13 empresas participantes, evento que permiti\u00f3 a las y los buscadores de trabajo tener vinculaci\u00f3n directa con representantes de empresas que ofrecieron empleos en \u00e1reas operativas, t\u00e9cnicas y profesionales.<\/p>\n<p>El secretario del Trabajo y Previsi\u00f3n Social, Luis Gerardo Illoldi Reyes, resalt\u00f3 que estas acciones son parte del compromiso del Gobierno del Estado para acercar oportunidades laborales a toda la poblaci\u00f3n.<\/p>\n<p>\u201cCon estas ferias abrimos las puertas para que la ciudadan\u00eda encuentre un empleo digno, formal y con todas las prestaciones de ley, impulsando adem\u00e1s el desarrollo econ\u00f3mico de la regi\u00f3n\u201d, destac\u00f3 el funcionario estatal.<\/p>\n<p>En el mismo sentido, la subsecretaria de Empleo y Previsi\u00f3n Social, Carolina Iveth Mart\u00ednez Molano, subray\u00f3 la importancia de promover espacios de atenci\u00f3n personalizada, donde se brinde acompa\u00f1amiento a las y los buscadores de empleo para facilitar su inserci\u00f3n en el mercado laboral.<\/p>\n<p>Se cont\u00f3 con la participaci\u00f3n del alcalde de Miguel Alem\u00e1n, Ramiro Cortez Barrera, as\u00ed como de autoridades estatales, municipales y del sector empresarial, quienes coincidieron en la relevancia de trabajar en equipo para generar mejores oportunidades para las familias.<\/p>\n<p>El evento fue organizado por la Secretar\u00eda del Trabajo y Previsi\u00f3n Social, en colaboraci\u00f3n con el Ayuntamiento de Miguel Alem\u00e1n y el Servicio Nacional de Empleo, previendo una colocaci\u00f3n de al menos el 25% de las y los asistentes en los pr\u00f3ximos 30 d\u00edas.<\/p>\n<p>Por \u00faltimo, Illoldi Reyes dijo que el gobierno de Tamaulipas que encabeza Am\u00e9rico Villarreal Anaya, reafirma su visi\u00f3n humanista y de transformaci\u00f3n, garantizando que ninguna persona se quede atr\u00e1s y que cada regi\u00f3n del estado cuente con alternativas reales de empleo y desarrollo.<\/p>\n<p><em><strong><img loading=\"lazy\" decoding=\"async\" class=\"size-full wp-image-175912 aligncenter\" src=\"https:\/\/www.buroperiodistico.com.mx\/wp-content\/uploads\/2025\/08\/SETx-III.jpeg\" alt=\"\" width=\"640\" height=\"384\" srcset=\"https:\/\/www.buroperiodistico.com.mx\/wp-content\/uploads\/2025\/08\/SETx-III.jpeg 640w, https:\/\/www.buroperiodistico.com.mx\/wp-content\/uploads\/2025\/08\/SETx-III-300x180.jpeg 300w\" sizes=\"auto, (max-width: 640px) 100vw, 640px\" \/><\/strong><\/em><\/p>\n<p><img loading=\"lazy\" decoding=\"async\" class=\"aligncenter size-full wp-image-175910\" src=\"https:\/\/www.buroperiodistico.com.mx\/wp-content\/uploads\/2025\/08\/SETx-I-1.jpeg\" alt=\"\" width=\"640\" height=\"394\" srcset=\"https:\/\/www.buroperiodistico.com.mx\/wp-content\/uploads\/2025\/08\/SETx-I-1.jpeg 640w, https:\/\/www.buroperiodistico.com.mx\/wp-content\/uploads\/2025\/08\/SETx-I-1-300x185.jpeg 300w\" sizes=\"auto, (max-width: 640px) 100vw, 640px\" \/> <img loading=\"lazy\" decoding=\"async\" class=\"aligncenter size-full wp-image-175911\" src=\"https:\/\/www.buroperiodistico.com.mx\/wp-content\/uploads\/2025\/08\/SETx-II.jpeg\" alt=\"\" width=\"640\" height=\"427\" srcset=\"https:\/\/www.buroperiodistico.com.mx\/wp-content\/uploads\/2025\/08\/SETx-II.jpeg 640w, https:\/\/www.buroperiodistico.com.mx\/wp-content\/uploads\/2025\/08\/SETx-II-300x200.jpeg 300w\" sizes=\"auto, (max-width: 640px) 100vw, 640px\" \/><\/p>\n","protected":false},"excerpt":{"rendered":"<p>Miguel Alem\u00e1n, Tamaulipas (31-Agosto-2025).- Con \u00e9xito se llev\u00f3 a cabo la Primera Feria del Empleo&#8230;<\/p>\n","protected":false},"author":1,"featured_media":175914,"comment_status":"closed","ping_status":"closed","sticky":false,"template":"","format":"standard","meta":{"footnotes":"","jetpack_publicize_message":"","jetpack_publicize_feature_enabled":true,"jetpack_social_post_already_shared":true,"jetpack_social_options":{"image_generator_settings":{"template":"highway","default_image_id":0,"font":"","enabled":false},"version":2}},"categories":[25,10],"tags":[],"class_list":["post-175909","post","type-post","status-publish","format-standard","has-post-thumbnail","hentry","category-portada","category-tamaulipas"],"jetpack_publicize_connections":[],"_links":{"self":[{"href":"https:\/\/www.buroperiodistico.com.mx\/index.php?rest_route=\/wp\/v2\/posts\/175909","targetHints":{"allow":["GET"]}}],"collection":[{"href":"https:\/\/www.buroperiodistico.com.mx\/index.php?rest_route=\/wp\/v2\/posts"}],"about":[{"href":"https:\/\/www.buroperiodistico.com.mx\/index.php?rest_route=\/wp\/v2\/types\/post"}],"author":[{"embeddable":true,"href":"https:\/\/www.buroperiodistico.com.mx\/index.php?rest_route=\/wp\/v2\/users\/1"}],"replies":[{"embeddable":true,"href":"https:\/\/www.buroperiodistico.com.mx\/index.php?rest_route=%2Fwp%2Fv2%2Fcomments&post=175909"}],"version-history":[{"count":0,"href":"https:\/\/www.buroperiodistico.com.mx\/index.php?rest_route=\/wp\/v2\/posts\/175909\/revisions"}],"wp:featuredmedia":[{"embeddable":true,"href":"https:\/\/www.buroperiodistico.com.mx\/index.php?rest_route=\/wp\/v2\/media\/175914"}],"wp:attachment":[{"href":"https:\/\/www.buroperiodistico.com.mx\/index.php?rest_route=%2Fwp%2Fv2%2Fmedia&parent=175909"}],"wp:term":[{"taxonomy":"category","embeddable":true,"href":"https:\/\/www.buroperiodistico.com.mx\/index.php?rest_route=%2Fwp%2Fv2%2Fcategories&post=175909"},{"taxonomy":"post_tag","embeddable":true,"href":"https:\/\/www.buroperiodistico.com.mx\/index.php?rest_route=%2Fwp%2Fv2%2Ftags&post=175909"}],"curies":[{"name":"wp","href":"https:\/\/api.w.org\/{rel}","templated":true}]}}