{"id":175902,"date":"2025-08-31T19:32:36","date_gmt":"2025-09-01T00:32:36","guid":{"rendered":"https:\/\/www.buroperiodistico.com.mx\/?p=175902"},"modified":"2025-08-31T19:32:36","modified_gmt":"2025-09-01T00:32:36","slug":"guardia-estatal-atiende-volcadura-en-carretera-federal-83","status":"publish","type":"post","link":"https:\/\/www.buroperiodistico.com.mx\/?p=175902","title":{"rendered":"Guardia Estatal atiende volcadura en Carretera Federal 83"},"content":{"rendered":"<p><em><strong><img loading=\"lazy\" decoding=\"async\" class=\" wp-image-175904 alignright\" src=\"https:\/\/www.buroperiodistico.com.mx\/wp-content\/uploads\/2025\/08\/SSpx-3.jpeg\" alt=\"\" width=\"550\" height=\"337\" srcset=\"https:\/\/www.buroperiodistico.com.mx\/wp-content\/uploads\/2025\/08\/SSpx-3.jpeg 1024w, https:\/\/www.buroperiodistico.com.mx\/wp-content\/uploads\/2025\/08\/SSpx-3-300x184.jpeg 300w, https:\/\/www.buroperiodistico.com.mx\/wp-content\/uploads\/2025\/08\/SSpx-3-768x471.jpeg 768w\" sizes=\"auto, (max-width: 550px) 100vw, 550px\" \/>G\u00fc\u00e9mez, Tamaulipas (31-Agosto-2025).-<\/strong><\/em> Al realizar recorridos de seguridad y vigilancia sobre la Carretera Federal 83 personal de la Guardia Estatal de Apoyo Carretero comisionado a la Estaci\u00f3n Segura Barretal visualiz\u00f3 una camioneta volcada a un costado de la cinta asf\u00e1ltica a la altura del kil\u00f3metro 93.<\/p>\n<p>Los ocupantes del veh\u00edculo se encontraban en el lugar de los hechos y manifestaron no presentar lesiones.<\/p>\n<p>La unidad se encontr\u00f3 en el sentido de norte a sur, a la altura del municipio de G\u00fc\u00e9mez.<\/p>\n<p>Conduzca con precauci\u00f3n.<\/p>\n<p><img loading=\"lazy\" decoding=\"async\" class=\"aligncenter size-full wp-image-175903\" src=\"https:\/\/www.buroperiodistico.com.mx\/wp-content\/uploads\/2025\/08\/SSpx-I-2.jpeg\" alt=\"\" width=\"640\" height=\"360\" srcset=\"https:\/\/www.buroperiodistico.com.mx\/wp-content\/uploads\/2025\/08\/SSpx-I-2.jpeg 640w, https:\/\/www.buroperiodistico.com.mx\/wp-content\/uploads\/2025\/08\/SSpx-I-2-300x169.jpeg 300w\" sizes=\"auto, (max-width: 640px) 100vw, 640px\" \/><\/p>\n","protected":false},"excerpt":{"rendered":"<p>G\u00fc\u00e9mez, Tamaulipas (31-Agosto-2025).- Al realizar recorridos de seguridad y vigilancia sobre la Carretera Federal 83&#8230;<\/p>\n","protected":false},"author":1,"featured_media":175904,"comment_status":"closed","ping_status":"closed","sticky":false,"template":"","format":"standard","meta":{"footnotes":"","jetpack_publicize_message":"","jetpack_publicize_feature_enabled":true,"jetpack_social_post_already_shared":true,"jetpack_social_options":{"image_generator_settings":{"template":"highway","default_image_id":0,"font":"","enabled":false},"version":2}},"categories":[10],"tags":[],"class_list":["post-175902","post","type-post","status-publish","format-standard","has-post-thumbnail","hentry","category-tamaulipas"],"jetpack_publicize_connections":[],"_links":{"self":[{"href":"https:\/\/www.buroperiodistico.com.mx\/index.php?rest_route=\/wp\/v2\/posts\/175902","targetHints":{"allow":["GET"]}}],"collection":[{"href":"https:\/\/www.buroperiodistico.com.mx\/index.php?rest_route=\/wp\/v2\/posts"}],"about":[{"href":"https:\/\/www.buroperiodistico.com.mx\/index.php?rest_route=\/wp\/v2\/types\/post"}],"author":[{"embeddable":true,"href":"https:\/\/www.buroperiodistico.com.mx\/index.php?rest_route=\/wp\/v2\/users\/1"}],"replies":[{"embeddable":true,"href":"https:\/\/www.buroperiodistico.com.mx\/index.php?rest_route=%2Fwp%2Fv2%2Fcomments&post=175902"}],"version-history":[{"count":0,"href":"https:\/\/www.buroperiodistico.com.mx\/index.php?rest_route=\/wp\/v2\/posts\/175902\/revisions"}],"wp:featuredmedia":[{"embeddable":true,"href":"https:\/\/www.buroperiodistico.com.mx\/index.php?rest_route=\/wp\/v2\/media\/175904"}],"wp:attachment":[{"href":"https:\/\/www.buroperiodistico.com.mx\/index.php?rest_route=%2Fwp%2Fv2%2Fmedia&parent=175902"}],"wp:term":[{"taxonomy":"category","embeddable":true,"href":"https:\/\/www.buroperiodistico.com.mx\/index.php?rest_route=%2Fwp%2Fv2%2Fcategories&post=175902"},{"taxonomy":"post_tag","embeddable":true,"href":"https:\/\/www.buroperiodistico.com.mx\/index.php?rest_route=%2Fwp%2Fv2%2Ftags&post=175902"}],"curies":[{"name":"wp","href":"https:\/\/api.w.org\/{rel}","templated":true}]}}