{"id":175884,"date":"2025-08-31T16:10:06","date_gmt":"2025-08-31T21:10:06","guid":{"rendered":"https:\/\/www.buroperiodistico.com.mx\/?p=175884"},"modified":"2025-08-31T16:10:06","modified_gmt":"2025-08-31T21:10:06","slug":"participa-equipo-de-natacion-dragones-imd-en-festival-de-escuelas-de-natacion","status":"publish","type":"post","link":"https:\/\/www.buroperiodistico.com.mx\/?p=175884","title":{"rendered":"Participa equipo de nataci\u00f3n Dragones IMD en Festival de Escuelas de Nataci\u00f3n"},"content":{"rendered":"<p><em><strong><img loading=\"lazy\" decoding=\"async\" class=\" wp-image-175885 alignright\" src=\"https:\/\/www.buroperiodistico.com.mx\/wp-content\/uploads\/2025\/08\/IMDx-10.jpeg\" alt=\"\" width=\"495\" height=\"275\" srcset=\"https:\/\/www.buroperiodistico.com.mx\/wp-content\/uploads\/2025\/08\/IMDx-10.jpeg 1024w, https:\/\/www.buroperiodistico.com.mx\/wp-content\/uploads\/2025\/08\/IMDx-10-300x167.jpeg 300w, https:\/\/www.buroperiodistico.com.mx\/wp-content\/uploads\/2025\/08\/IMDx-10-768x427.jpeg 768w\" sizes=\"auto, (max-width: 495px) 100vw, 495px\" \/>Reynosa, Tam (31-Agosto-2025).-<\/strong><\/em> Con el respaldo del Alcalde Carlos Pe\u00f1a Ortiz, el equipo de nataci\u00f3n Dragones emprendi\u00f3 su viaje a la ciudad de Tampico, donde participa en el XXII Festival de Escuelas de Nataci\u00f3n, evento que re\u00fane a los mejores talentos de la disciplina en el estado.<\/p>\n<p>Instituto Municipal del Deporte, ha impulsado la preparaci\u00f3n de los nadadores mediante la asesor\u00eda de entrenadores capacitados, fortaleciendo sus habilidades t\u00e9cnicas y competitivas para representar dignamente a Reynosa en esta justa deportiva.<\/p>\n<p>Con este tipo de apoyos, el Gobierno de Reynosa refrenda su compromiso con el desarrollo de las nuevas generaciones de atletas, fomentando el deporte como una herramienta de formaci\u00f3n, disciplina y sano esparcimiento.<\/p>\n<p>#ReynosaImparable<\/p>\n","protected":false},"excerpt":{"rendered":"<p>Reynosa, Tam (31-Agosto-2025).- Con el respaldo del Alcalde Carlos Pe\u00f1a Ortiz, el equipo de nataci\u00f3n&#8230;<\/p>\n","protected":false},"author":1,"featured_media":175885,"comment_status":"closed","ping_status":"closed","sticky":false,"template":"","format":"standard","meta":{"footnotes":"","jetpack_publicize_message":"","jetpack_publicize_feature_enabled":true,"jetpack_social_post_already_shared":true,"jetpack_social_options":{"image_generator_settings":{"template":"highway","default_image_id":0,"font":"","enabled":false},"version":2}},"categories":[9],"tags":[],"class_list":["post-175884","post","type-post","status-publish","format-standard","has-post-thumbnail","hentry","category-reynosa"],"jetpack_publicize_connections":[],"_links":{"self":[{"href":"https:\/\/www.buroperiodistico.com.mx\/index.php?rest_route=\/wp\/v2\/posts\/175884","targetHints":{"allow":["GET"]}}],"collection":[{"href":"https:\/\/www.buroperiodistico.com.mx\/index.php?rest_route=\/wp\/v2\/posts"}],"about":[{"href":"https:\/\/www.buroperiodistico.com.mx\/index.php?rest_route=\/wp\/v2\/types\/post"}],"author":[{"embeddable":true,"href":"https:\/\/www.buroperiodistico.com.mx\/index.php?rest_route=\/wp\/v2\/users\/1"}],"replies":[{"embeddable":true,"href":"https:\/\/www.buroperiodistico.com.mx\/index.php?rest_route=%2Fwp%2Fv2%2Fcomments&post=175884"}],"version-history":[{"count":0,"href":"https:\/\/www.buroperiodistico.com.mx\/index.php?rest_route=\/wp\/v2\/posts\/175884\/revisions"}],"wp:featuredmedia":[{"embeddable":true,"href":"https:\/\/www.buroperiodistico.com.mx\/index.php?rest_route=\/wp\/v2\/media\/175885"}],"wp:attachment":[{"href":"https:\/\/www.buroperiodistico.com.mx\/index.php?rest_route=%2Fwp%2Fv2%2Fmedia&parent=175884"}],"wp:term":[{"taxonomy":"category","embeddable":true,"href":"https:\/\/www.buroperiodistico.com.mx\/index.php?rest_route=%2Fwp%2Fv2%2Fcategories&post=175884"},{"taxonomy":"post_tag","embeddable":true,"href":"https:\/\/www.buroperiodistico.com.mx\/index.php?rest_route=%2Fwp%2Fv2%2Ftags&post=175884"}],"curies":[{"name":"wp","href":"https:\/\/api.w.org\/{rel}","templated":true}]}}