{"id":175876,"date":"2025-08-31T16:04:21","date_gmt":"2025-08-31T21:04:21","guid":{"rendered":"https:\/\/www.buroperiodistico.com.mx\/?p=175876"},"modified":"2025-08-31T16:04:21","modified_gmt":"2025-08-31T21:04:21","slug":"recibe-guardia-estatal-de-guemez-capacitacion-en-levantamiento-de-pacientes-y-control-y-descenso-nacional-de-emergencias","status":"publish","type":"post","link":"https:\/\/www.buroperiodistico.com.mx\/?p=175876","title":{"rendered":"Recibe Guardia Estatal de G\u00fc\u00e9mez capacitaci\u00f3n en Levantamiento de Pacientes y Control y Descenso Nacional de Emergencias"},"content":{"rendered":"<ul>\n<li><strong><em>Se preparan para una mejor atenci\u00f3n en zonas monta\u00f1osas y de barrancos<\/em><\/strong><\/li>\n<\/ul>\n<p><strong><img loading=\"lazy\" decoding=\"async\" class=\" wp-image-175882 alignright\" src=\"https:\/\/www.buroperiodistico.com.mx\/wp-content\/uploads\/2025\/08\/SSPEmergencias.jpeg\" alt=\"\" width=\"531\" height=\"344\" srcset=\"https:\/\/www.buroperiodistico.com.mx\/wp-content\/uploads\/2025\/08\/SSPEmergencias.jpeg 1024w, https:\/\/www.buroperiodistico.com.mx\/wp-content\/uploads\/2025\/08\/SSPEmergencias-300x194.jpeg 300w, https:\/\/www.buroperiodistico.com.mx\/wp-content\/uploads\/2025\/08\/SSPEmergencias-768x497.jpeg 768w\" sizes=\"auto, (max-width: 531px) 100vw, 531px\" \/>G\u00fc\u00e9mez, Tamaulipas (31-Agosto-2025).-<\/strong> Con la finalidad de proporcionar al personal de la Guardia Estatal los conocimientos y habilidades para la atenci\u00f3n a la ciudadan\u00eda en situaciones de emergencia, personal de la coordinaci\u00f3n G\u00fc\u00e9mez asisti\u00f3 al curso de Levantamiento de Pacientes y Control y Descenso Nacional de Emergencias.<\/p>\n<p>Esta capacitaci\u00f3n fue impartida por el Coordinador del Curso de Param\u00e9dicos de la Escuela de Centro de Formaci\u00f3n y Profesionalismo, adem\u00e1s de la teor\u00eda, se llev\u00f3 a cabo una pr\u00e1ctica de descenso en rapel en el Puente San Felipe.<\/p>\n<p>Los personales de esta corporaci\u00f3n junto a param\u00e9dicos de este municipio recibieron la capacitaci\u00f3n, lo que permite una mejor coordinaci\u00f3n en la atenci\u00f3n a emergencias que pudieran suscitarse en zonas monta\u00f1osas y de barrancos.<\/p>\n<p>De esta manera, la Secretar\u00eda de Seguridad P\u00fablica de Tamaulipas (SSPT) reafirma su compromiso con la profesionalizaci\u00f3n constante de su personal operativo.<\/p>\n<p><img loading=\"lazy\" decoding=\"async\" class=\"aligncenter size-full wp-image-175877\" src=\"https:\/\/www.buroperiodistico.com.mx\/wp-content\/uploads\/2025\/08\/SSPEmergencias-I.jpeg\" alt=\"\" width=\"640\" height=\"480\" srcset=\"https:\/\/www.buroperiodistico.com.mx\/wp-content\/uploads\/2025\/08\/SSPEmergencias-I.jpeg 640w, https:\/\/www.buroperiodistico.com.mx\/wp-content\/uploads\/2025\/08\/SSPEmergencias-I-300x225.jpeg 300w\" sizes=\"auto, (max-width: 640px) 100vw, 640px\" \/> <img loading=\"lazy\" decoding=\"async\" class=\"aligncenter size-full wp-image-175881\" src=\"https:\/\/www.buroperiodistico.com.mx\/wp-content\/uploads\/2025\/08\/SSPEmergencias-IIIII.jpeg\" alt=\"\" width=\"480\" height=\"640\" srcset=\"https:\/\/www.buroperiodistico.com.mx\/wp-content\/uploads\/2025\/08\/SSPEmergencias-IIIII.jpeg 480w, https:\/\/www.buroperiodistico.com.mx\/wp-content\/uploads\/2025\/08\/SSPEmergencias-IIIII-225x300.jpeg 225w\" sizes=\"auto, (max-width: 480px) 100vw, 480px\" \/> <img loading=\"lazy\" decoding=\"async\" class=\"aligncenter size-full wp-image-175880\" src=\"https:\/\/www.buroperiodistico.com.mx\/wp-content\/uploads\/2025\/08\/SSPEmergencias-IIII.jpeg\" alt=\"\" width=\"480\" height=\"640\" srcset=\"https:\/\/www.buroperiodistico.com.mx\/wp-content\/uploads\/2025\/08\/SSPEmergencias-IIII.jpeg 480w, https:\/\/www.buroperiodistico.com.mx\/wp-content\/uploads\/2025\/08\/SSPEmergencias-IIII-225x300.jpeg 225w\" sizes=\"auto, (max-width: 480px) 100vw, 480px\" \/> <img loading=\"lazy\" decoding=\"async\" class=\"aligncenter size-full wp-image-175879\" src=\"https:\/\/www.buroperiodistico.com.mx\/wp-content\/uploads\/2025\/08\/SSPEmergencias-III.jpeg\" alt=\"\" width=\"640\" height=\"480\" srcset=\"https:\/\/www.buroperiodistico.com.mx\/wp-content\/uploads\/2025\/08\/SSPEmergencias-III.jpeg 640w, https:\/\/www.buroperiodistico.com.mx\/wp-content\/uploads\/2025\/08\/SSPEmergencias-III-300x225.jpeg 300w\" sizes=\"auto, (max-width: 640px) 100vw, 640px\" \/> <img loading=\"lazy\" decoding=\"async\" class=\"aligncenter size-full wp-image-175878\" src=\"https:\/\/www.buroperiodistico.com.mx\/wp-content\/uploads\/2025\/08\/SSPEmergencias-II.jpeg\" alt=\"\" width=\"640\" height=\"480\" srcset=\"https:\/\/www.buroperiodistico.com.mx\/wp-content\/uploads\/2025\/08\/SSPEmergencias-II.jpeg 640w, https:\/\/www.buroperiodistico.com.mx\/wp-content\/uploads\/2025\/08\/SSPEmergencias-II-300x225.jpeg 300w\" sizes=\"auto, (max-width: 640px) 100vw, 640px\" \/><\/p>\n","protected":false},"excerpt":{"rendered":"<p>Se preparan para una mejor atenci\u00f3n en zonas monta\u00f1osas y de barrancos G\u00fc\u00e9mez, Tamaulipas (31-Agosto-2025).-&#8230;<\/p>\n","protected":false},"author":1,"featured_media":175882,"comment_status":"closed","ping_status":"closed","sticky":false,"template":"","format":"standard","meta":{"footnotes":"","jetpack_publicize_message":"","jetpack_publicize_feature_enabled":true,"jetpack_social_post_already_shared":true,"jetpack_social_options":{"image_generator_settings":{"template":"highway","default_image_id":0,"font":"","enabled":false},"version":2}},"categories":[10],"tags":[],"class_list":["post-175876","post","type-post","status-publish","format-standard","has-post-thumbnail","hentry","category-tamaulipas"],"jetpack_publicize_connections":[],"_links":{"self":[{"href":"https:\/\/www.buroperiodistico.com.mx\/index.php?rest_route=\/wp\/v2\/posts\/175876","targetHints":{"allow":["GET"]}}],"collection":[{"href":"https:\/\/www.buroperiodistico.com.mx\/index.php?rest_route=\/wp\/v2\/posts"}],"about":[{"href":"https:\/\/www.buroperiodistico.com.mx\/index.php?rest_route=\/wp\/v2\/types\/post"}],"author":[{"embeddable":true,"href":"https:\/\/www.buroperiodistico.com.mx\/index.php?rest_route=\/wp\/v2\/users\/1"}],"replies":[{"embeddable":true,"href":"https:\/\/www.buroperiodistico.com.mx\/index.php?rest_route=%2Fwp%2Fv2%2Fcomments&post=175876"}],"version-history":[{"count":0,"href":"https:\/\/www.buroperiodistico.com.mx\/index.php?rest_route=\/wp\/v2\/posts\/175876\/revisions"}],"wp:featuredmedia":[{"embeddable":true,"href":"https:\/\/www.buroperiodistico.com.mx\/index.php?rest_route=\/wp\/v2\/media\/175882"}],"wp:attachment":[{"href":"https:\/\/www.buroperiodistico.com.mx\/index.php?rest_route=%2Fwp%2Fv2%2Fmedia&parent=175876"}],"wp:term":[{"taxonomy":"category","embeddable":true,"href":"https:\/\/www.buroperiodistico.com.mx\/index.php?rest_route=%2Fwp%2Fv2%2Fcategories&post=175876"},{"taxonomy":"post_tag","embeddable":true,"href":"https:\/\/www.buroperiodistico.com.mx\/index.php?rest_route=%2Fwp%2Fv2%2Ftags&post=175876"}],"curies":[{"name":"wp","href":"https:\/\/api.w.org\/{rel}","templated":true}]}}