{"id":175859,"date":"2025-08-31T15:43:51","date_gmt":"2025-08-31T20:43:51","guid":{"rendered":"https:\/\/www.buroperiodistico.com.mx\/?p=175859"},"modified":"2025-08-31T15:43:51","modified_gmt":"2025-08-31T20:43:51","slug":"entrega-dif-reynosa-10-sillas-de-ruedas-con-apoyo-de-cedis-oxxo","status":"publish","type":"post","link":"https:\/\/www.buroperiodistico.com.mx\/?p=175859","title":{"rendered":"Entrega DIF-Reynosa 10 sillas de ruedas con apoyo de CEDIS OXXO"},"content":{"rendered":"<p><em><strong><img loading=\"lazy\" decoding=\"async\" class=\" wp-image-175862 alignright\" src=\"https:\/\/www.buroperiodistico.com.mx\/wp-content\/uploads\/2025\/08\/Sillax.jpeg\" alt=\"\" width=\"480\" height=\"298\" srcset=\"https:\/\/www.buroperiodistico.com.mx\/wp-content\/uploads\/2025\/08\/Sillax.jpeg 1024w, https:\/\/www.buroperiodistico.com.mx\/wp-content\/uploads\/2025\/08\/Sillax-300x186.jpeg 300w, https:\/\/www.buroperiodistico.com.mx\/wp-content\/uploads\/2025\/08\/Sillax-768x477.jpeg 768w\" sizes=\"auto, (max-width: 480px) 100vw, 480px\" \/>Reynosa, Tam (31-Agosto-2025).-<\/strong><\/em> El Sistema DIF Reynosa que preside Carlos Luis Pe\u00f1a Garza, a trav\u00e9s del \u00e1rea de Programas y Campa\u00f1as, realiz\u00f3 la entrega de 10 sillas de ruedas con el objetivo de brindar movilidad y una mejor calidad de vida a personas que m\u00e1s lo necesitan.<\/p>\n<p>Este apoyo se logr\u00f3 gracias a la donaci\u00f3n de CEDIS OXXO Reynosa, ya que con su responsabilidad social fortalece la labor institucional y demuestra que la suma de esfuerzos entre sociedad y gobierno es fundamental para atender las necesidades de la comunidad.<\/p>\n<p>La Administraci\u00f3n Municipal que encabeza el Alcalde, Carlos Pe\u00f1a Ortiz, reafirma el compromiso con el bienestar de las familias y con el impulso de programas que permitan mejorar las condiciones de vida de los ciudadanos.<\/p>\n<p><img loading=\"lazy\" decoding=\"async\" class=\"aligncenter size-full wp-image-175860\" src=\"https:\/\/www.buroperiodistico.com.mx\/wp-content\/uploads\/2025\/08\/Sillax-I.jpeg\" alt=\"\" width=\"640\" height=\"480\" srcset=\"https:\/\/www.buroperiodistico.com.mx\/wp-content\/uploads\/2025\/08\/Sillax-I.jpeg 640w, https:\/\/www.buroperiodistico.com.mx\/wp-content\/uploads\/2025\/08\/Sillax-I-300x225.jpeg 300w\" sizes=\"auto, (max-width: 640px) 100vw, 640px\" \/> <img loading=\"lazy\" decoding=\"async\" class=\"aligncenter size-full wp-image-175861\" src=\"https:\/\/www.buroperiodistico.com.mx\/wp-content\/uploads\/2025\/08\/Sillax-II.jpeg\" alt=\"\" width=\"640\" height=\"480\" srcset=\"https:\/\/www.buroperiodistico.com.mx\/wp-content\/uploads\/2025\/08\/Sillax-II.jpeg 640w, https:\/\/www.buroperiodistico.com.mx\/wp-content\/uploads\/2025\/08\/Sillax-II-300x225.jpeg 300w\" sizes=\"auto, (max-width: 640px) 100vw, 640px\" \/><\/p>\n","protected":false},"excerpt":{"rendered":"<p>Reynosa, Tam (31-Agosto-2025).- El Sistema DIF Reynosa que preside Carlos Luis Pe\u00f1a Garza, a trav\u00e9s&#8230;<\/p>\n","protected":false},"author":1,"featured_media":175862,"comment_status":"closed","ping_status":"closed","sticky":false,"template":"","format":"standard","meta":{"footnotes":"","jetpack_publicize_message":"","jetpack_publicize_feature_enabled":true,"jetpack_social_post_already_shared":true,"jetpack_social_options":{"image_generator_settings":{"template":"highway","default_image_id":0,"font":"","enabled":false},"version":2}},"categories":[9],"tags":[],"class_list":["post-175859","post","type-post","status-publish","format-standard","has-post-thumbnail","hentry","category-reynosa"],"jetpack_publicize_connections":[],"_links":{"self":[{"href":"https:\/\/www.buroperiodistico.com.mx\/index.php?rest_route=\/wp\/v2\/posts\/175859","targetHints":{"allow":["GET"]}}],"collection":[{"href":"https:\/\/www.buroperiodistico.com.mx\/index.php?rest_route=\/wp\/v2\/posts"}],"about":[{"href":"https:\/\/www.buroperiodistico.com.mx\/index.php?rest_route=\/wp\/v2\/types\/post"}],"author":[{"embeddable":true,"href":"https:\/\/www.buroperiodistico.com.mx\/index.php?rest_route=\/wp\/v2\/users\/1"}],"replies":[{"embeddable":true,"href":"https:\/\/www.buroperiodistico.com.mx\/index.php?rest_route=%2Fwp%2Fv2%2Fcomments&post=175859"}],"version-history":[{"count":0,"href":"https:\/\/www.buroperiodistico.com.mx\/index.php?rest_route=\/wp\/v2\/posts\/175859\/revisions"}],"wp:featuredmedia":[{"embeddable":true,"href":"https:\/\/www.buroperiodistico.com.mx\/index.php?rest_route=\/wp\/v2\/media\/175862"}],"wp:attachment":[{"href":"https:\/\/www.buroperiodistico.com.mx\/index.php?rest_route=%2Fwp%2Fv2%2Fmedia&parent=175859"}],"wp:term":[{"taxonomy":"category","embeddable":true,"href":"https:\/\/www.buroperiodistico.com.mx\/index.php?rest_route=%2Fwp%2Fv2%2Fcategories&post=175859"},{"taxonomy":"post_tag","embeddable":true,"href":"https:\/\/www.buroperiodistico.com.mx\/index.php?rest_route=%2Fwp%2Fv2%2Ftags&post=175859"}],"curies":[{"name":"wp","href":"https:\/\/api.w.org\/{rel}","templated":true}]}}