{"id":175846,"date":"2025-08-31T13:16:03","date_gmt":"2025-08-31T18:16:03","guid":{"rendered":"https:\/\/www.buroperiodistico.com.mx\/?p=175846"},"modified":"2025-08-31T13:16:03","modified_gmt":"2025-08-31T18:16:03","slug":"fgr-obtiene-vinculacion-a-proceso-en-contra-de-una-persona-por-portacion-de-arma-de-fuego","status":"publish","type":"post","link":"https:\/\/www.buroperiodistico.com.mx\/?p=175846","title":{"rendered":"FGR OBTIENE VINCULACI\u00d3N A PROCESO EN CONTRA DE UNA PERSONA POR PORTACI\u00d3N DE ARMA DE FUEGO"},"content":{"rendered":"<p><em><strong><img loading=\"lazy\" decoding=\"async\" class=\"size-full wp-image-175847 alignright\" src=\"https:\/\/www.buroperiodistico.com.mx\/wp-content\/uploads\/2025\/08\/Exequiel-I.jpg\" alt=\"\" width=\"480\" height=\"640\" srcset=\"https:\/\/www.buroperiodistico.com.mx\/wp-content\/uploads\/2025\/08\/Exequiel-I.jpg 480w, https:\/\/www.buroperiodistico.com.mx\/wp-content\/uploads\/2025\/08\/Exequiel-I-225x300.jpg 225w\" sizes=\"auto, (max-width: 480px) 100vw, 480px\" \/>Reynosa, Tam (31-Agosto-2025).-<\/strong><\/em> La Fiscal\u00eda General de la Rep\u00fablica (FGR), a trav\u00e9s de la Fiscal\u00eda Especializada de Control Regional (FECOR) en Tamaulipas, obtuvo vinculaci\u00f3n a proceso en contra de Ezequiel \u201cC\u201d, por su probable responsabilidad en el delito de portaci\u00f3n de arma de fuego de uso exclusivo de las Fuerzas Armadas.<\/p>\n<p>De acuerdo con la carpeta de investigaci\u00f3n, en d\u00edas pasados al realizar labores de vigilancia en el Fraccionamiento Villa Espa\u00f1ola, en la ciudad de Matamoros, Tamaulipas, elementos de la Guardia Estatal detuvieron a una persona que iba a bordo de un veh\u00edculo, y al proceder con su revisi\u00f3n le aseguraron un arma, un cargador y cinco cartuchos \u00fatiles.<\/p>\n<p>El imputado fue puesto a disposici\u00f3n del Ministerio P\u00fablico Federal (MPF), que a su vez lo remiti\u00f3 ante el Juez especializado, quien calific\u00f3 de legal la detenci\u00f3n y dict\u00f3 el auto de vinculaci\u00f3n a proceso por el delito referido.<\/p>\n<p>Como medida cautelar, Ezequiel \u201cC\u201d, estar\u00e1 en prisi\u00f3n preventiva oficiosa en el Centro Federal de Reinserci\u00f3n Social n\u00famero 1 \u201cAltiplano\u201d con residencia en Almoloya de Ju\u00e1rez, Estado de M\u00e9xico. Asimismo, se otorg\u00f3 un plazo de dos meses para la investigaci\u00f3n complementaria.<\/p>\n","protected":false},"excerpt":{"rendered":"<p>Reynosa, Tam (31-Agosto-2025).- La Fiscal\u00eda General de la Rep\u00fablica (FGR), a trav\u00e9s de la Fiscal\u00eda&#8230;<\/p>\n","protected":false},"author":1,"featured_media":175848,"comment_status":"closed","ping_status":"closed","sticky":false,"template":"","format":"standard","meta":{"footnotes":"","jetpack_publicize_message":"","jetpack_publicize_feature_enabled":true,"jetpack_social_post_already_shared":true,"jetpack_social_options":{"image_generator_settings":{"template":"highway","default_image_id":0,"font":"","enabled":false},"version":2}},"categories":[9],"tags":[],"class_list":["post-175846","post","type-post","status-publish","format-standard","has-post-thumbnail","hentry","category-reynosa"],"jetpack_publicize_connections":[],"_links":{"self":[{"href":"https:\/\/www.buroperiodistico.com.mx\/index.php?rest_route=\/wp\/v2\/posts\/175846","targetHints":{"allow":["GET"]}}],"collection":[{"href":"https:\/\/www.buroperiodistico.com.mx\/index.php?rest_route=\/wp\/v2\/posts"}],"about":[{"href":"https:\/\/www.buroperiodistico.com.mx\/index.php?rest_route=\/wp\/v2\/types\/post"}],"author":[{"embeddable":true,"href":"https:\/\/www.buroperiodistico.com.mx\/index.php?rest_route=\/wp\/v2\/users\/1"}],"replies":[{"embeddable":true,"href":"https:\/\/www.buroperiodistico.com.mx\/index.php?rest_route=%2Fwp%2Fv2%2Fcomments&post=175846"}],"version-history":[{"count":0,"href":"https:\/\/www.buroperiodistico.com.mx\/index.php?rest_route=\/wp\/v2\/posts\/175846\/revisions"}],"wp:featuredmedia":[{"embeddable":true,"href":"https:\/\/www.buroperiodistico.com.mx\/index.php?rest_route=\/wp\/v2\/media\/175848"}],"wp:attachment":[{"href":"https:\/\/www.buroperiodistico.com.mx\/index.php?rest_route=%2Fwp%2Fv2%2Fmedia&parent=175846"}],"wp:term":[{"taxonomy":"category","embeddable":true,"href":"https:\/\/www.buroperiodistico.com.mx\/index.php?rest_route=%2Fwp%2Fv2%2Fcategories&post=175846"},{"taxonomy":"post_tag","embeddable":true,"href":"https:\/\/www.buroperiodistico.com.mx\/index.php?rest_route=%2Fwp%2Fv2%2Ftags&post=175846"}],"curies":[{"name":"wp","href":"https:\/\/api.w.org\/{rel}","templated":true}]}}