{"id":175839,"date":"2025-08-31T13:12:19","date_gmt":"2025-08-31T18:12:19","guid":{"rendered":"https:\/\/www.buroperiodistico.com.mx\/?p=175839"},"modified":"2025-08-31T13:12:19","modified_gmt":"2025-08-31T18:12:19","slug":"viven-familias-de-nuevo-laredo-fiesta-en-el-centro-historico-con-guerrereada-2025","status":"publish","type":"post","link":"https:\/\/www.buroperiodistico.com.mx\/?p=175839","title":{"rendered":"VIVEN FAMILIAS DE NUEVO LAREDO FIESTA EN EL CENTRO HIST\u00d3RICO CON \u2018GUERREREADA 2025\u2019\u00a0"},"content":{"rendered":"<p dir=\"ltr\"><em><strong><img loading=\"lazy\" decoding=\"async\" class=\" wp-image-175842 alignright\" src=\"https:\/\/www.buroperiodistico.com.mx\/wp-content\/uploads\/2025\/08\/GUERREREADA-1.jpg\" alt=\"\" width=\"591\" height=\"395\" srcset=\"https:\/\/www.buroperiodistico.com.mx\/wp-content\/uploads\/2025\/08\/GUERREREADA-1.jpg 1024w, https:\/\/www.buroperiodistico.com.mx\/wp-content\/uploads\/2025\/08\/GUERREREADA-1-300x201.jpg 300w, https:\/\/www.buroperiodistico.com.mx\/wp-content\/uploads\/2025\/08\/GUERREREADA-1-768x514.jpg 768w\" sizes=\"auto, (max-width: 591px) 100vw, 591px\" \/>Nuevo Laredo, Tam (31-Agosto-2025).-<\/strong><\/em> La avenida Guerrero se visti\u00f3 de fiesta, m\u00fasica y sabor con la celebraci\u00f3n de la \u201cGuerrereada\u201d, evento que reuni\u00f3 a decenas de familias neolaredenses en el coraz\u00f3n del Centro Hist\u00f3rico, donde la alegr\u00eda, la tradici\u00f3n y la convivencia marcaron la noche.<\/p>\n<p dir=\"ltr\">Desde temprano, el primer cuadro de la ciudad se llen\u00f3 de color: los aromas de los antojitos mexicanos y la carne asada invadieron el lugar, mientras que los acordes de la m\u00fasica norte\u00f1a, la cumbia y el pop pusieron a bailar a chicos y grandes en un ambiente totalmente familiar.<\/p>\n<p dir=\"ltr\">La fiesta tambi\u00e9n fue punto de encuentro para clubes de motociclistas, autom\u00f3viles y camionetas, quienes compartieron con el p\u00fablico la pasi\u00f3n por sus veh\u00edculos, exhibi\u00e9ndolos en la emblem\u00e1tica avenida y convirtiendo el paseo en una experiencia llena de admiraci\u00f3n y fotograf\u00edas.<\/p>\n<p dir=\"ltr\">El escenario musical brill\u00f3 con la presentaci\u00f3n especial de la Centenaria Banda de M\u00fasica Municipal, que dio un toque solemne y tradicional a la velada, adem\u00e1s del talento de agrupaciones locales que llenaron de ritmo cada rinc\u00f3n: Sonora Palomares, Los Romeritos, La Generaci\u00f3n de la Kumbia, Los Unikos, Bluenote, Quinta Luna, entre otros.<\/p>\n<p dir=\"ltr\">Los asistentes tambi\u00e9n disfrutaron una velada de boxeo amateur y profesional, que le puso el toque de emoci\u00f3n al evento.<\/p>\n<p dir=\"ltr\">Organizada por el Gobierno Municipal, a trav\u00e9s de la Direcci\u00f3n de Turismo, esta iniciativa tuvo como objetivo ofrecer un espacio de convivencia, esparcimiento y cultura para las familias, adem\u00e1s de reactivar el Centro Hist\u00f3rico como punto de encuentro y orgullo de los nuevo-laredenses.<\/p>\n<p dir=\"ltr\">Para garantizar la seguridad y comodidad de los asistentes, el Gobierno Municipal dispuso de transporte p\u00fablico especial, facilitando el regreso de las familias a sus hogares al concluir la velada.<\/p>\n<p dir=\"ltr\">La \u201cGuerrereada\u201d demostr\u00f3 que con m\u00fasica, sabor y tradici\u00f3n, Nuevo Laredo contin\u00faa fortaleciendo la uni\u00f3n familiar y la vida en comunidad, dando nueva vida al coraz\u00f3n de la ciudad.<\/p>\n<p dir=\"ltr\"><img loading=\"lazy\" decoding=\"async\" class=\"aligncenter size-full wp-image-175840\" src=\"https:\/\/www.buroperiodistico.com.mx\/wp-content\/uploads\/2025\/08\/GUERREREADA-I.jpg\" alt=\"\" width=\"640\" height=\"480\" srcset=\"https:\/\/www.buroperiodistico.com.mx\/wp-content\/uploads\/2025\/08\/GUERREREADA-I.jpg 640w, https:\/\/www.buroperiodistico.com.mx\/wp-content\/uploads\/2025\/08\/GUERREREADA-I-300x225.jpg 300w\" sizes=\"auto, (max-width: 640px) 100vw, 640px\" \/> <img loading=\"lazy\" decoding=\"async\" class=\"aligncenter size-full wp-image-175841\" src=\"https:\/\/www.buroperiodistico.com.mx\/wp-content\/uploads\/2025\/08\/GUERREREADA-II.jpg\" alt=\"\" width=\"640\" height=\"480\" srcset=\"https:\/\/www.buroperiodistico.com.mx\/wp-content\/uploads\/2025\/08\/GUERREREADA-II.jpg 640w, https:\/\/www.buroperiodistico.com.mx\/wp-content\/uploads\/2025\/08\/GUERREREADA-II-300x225.jpg 300w\" sizes=\"auto, (max-width: 640px) 100vw, 640px\" \/><\/p>\n","protected":false},"excerpt":{"rendered":"<p>Nuevo Laredo, Tam (31-Agosto-2025).- La avenida Guerrero se visti\u00f3 de fiesta, m\u00fasica y sabor con&#8230;<\/p>\n","protected":false},"author":1,"featured_media":175842,"comment_status":"closed","ping_status":"closed","sticky":false,"template":"","format":"standard","meta":{"footnotes":"","jetpack_publicize_message":"","jetpack_publicize_feature_enabled":true,"jetpack_social_post_already_shared":true,"jetpack_social_options":{"image_generator_settings":{"template":"highway","default_image_id":0,"font":"","enabled":false},"version":2}},"categories":[16],"tags":[],"class_list":["post-175839","post","type-post","status-publish","format-standard","has-post-thumbnail","hentry","category-nuevolaredo"],"jetpack_publicize_connections":[],"_links":{"self":[{"href":"https:\/\/www.buroperiodistico.com.mx\/index.php?rest_route=\/wp\/v2\/posts\/175839","targetHints":{"allow":["GET"]}}],"collection":[{"href":"https:\/\/www.buroperiodistico.com.mx\/index.php?rest_route=\/wp\/v2\/posts"}],"about":[{"href":"https:\/\/www.buroperiodistico.com.mx\/index.php?rest_route=\/wp\/v2\/types\/post"}],"author":[{"embeddable":true,"href":"https:\/\/www.buroperiodistico.com.mx\/index.php?rest_route=\/wp\/v2\/users\/1"}],"replies":[{"embeddable":true,"href":"https:\/\/www.buroperiodistico.com.mx\/index.php?rest_route=%2Fwp%2Fv2%2Fcomments&post=175839"}],"version-history":[{"count":0,"href":"https:\/\/www.buroperiodistico.com.mx\/index.php?rest_route=\/wp\/v2\/posts\/175839\/revisions"}],"wp:featuredmedia":[{"embeddable":true,"href":"https:\/\/www.buroperiodistico.com.mx\/index.php?rest_route=\/wp\/v2\/media\/175842"}],"wp:attachment":[{"href":"https:\/\/www.buroperiodistico.com.mx\/index.php?rest_route=%2Fwp%2Fv2%2Fmedia&parent=175839"}],"wp:term":[{"taxonomy":"category","embeddable":true,"href":"https:\/\/www.buroperiodistico.com.mx\/index.php?rest_route=%2Fwp%2Fv2%2Fcategories&post=175839"},{"taxonomy":"post_tag","embeddable":true,"href":"https:\/\/www.buroperiodistico.com.mx\/index.php?rest_route=%2Fwp%2Fv2%2Ftags&post=175839"}],"curies":[{"name":"wp","href":"https:\/\/api.w.org\/{rel}","templated":true}]}}