{"id":175831,"date":"2025-08-31T13:06:44","date_gmt":"2025-08-31T18:06:44","guid":{"rendered":"https:\/\/www.buroperiodistico.com.mx\/?p=175831"},"modified":"2025-08-31T13:06:44","modified_gmt":"2025-08-31T18:06:44","slug":"encuentro-regional-de-negocios-reynosa-2025-impulsando-la-inversion-la-innovacion-y-el-crecimiento-binacional","status":"publish","type":"post","link":"https:\/\/www.buroperiodistico.com.mx\/?p=175831","title":{"rendered":"Encuentro Regional de Negocios Reynosa 2025: Impulsando la inversi\u00f3n, la innovaci\u00f3n y el crecimiento binacional"},"content":{"rendered":"<p><em><strong><img loading=\"lazy\" decoding=\"async\" class=\" wp-image-175832 alignright\" src=\"https:\/\/www.buroperiodistico.com.mx\/wp-content\/uploads\/2025\/08\/Encuenx.jpeg\" alt=\"\" width=\"540\" height=\"315\" srcset=\"https:\/\/www.buroperiodistico.com.mx\/wp-content\/uploads\/2025\/08\/Encuenx.jpeg 1024w, https:\/\/www.buroperiodistico.com.mx\/wp-content\/uploads\/2025\/08\/Encuenx-300x175.jpeg 300w, https:\/\/www.buroperiodistico.com.mx\/wp-content\/uploads\/2025\/08\/Encuenx-768x448.jpeg 768w\" sizes=\"auto, (max-width: 540px) 100vw, 540px\" \/>Reynosa, Tamaulipas (31-Agosto-2025).-<\/strong><\/em> Con la visi\u00f3n de consolidar a Reynosa y al Valle del Sur de Texas como un epicentro de inversi\u00f3n, innovaci\u00f3n y crecimiento binacional, se celebrar\u00e1 el Encuentro Regional de Negocios Reynosa 2025, un evento estrat\u00e9gico que busca detonar oportunidades reales de desarrollo econ\u00f3mico en la regi\u00f3n.<\/p>\n<p>\u201cDesde el Consejo de Negocios Regional creemos que es muy importante que los empresarios<br \/>\ntomemos una participaci\u00f3n m\u00e1s activa en el desarrollo econ\u00f3mico de la regi\u00f3n y queremos involucrar a m\u00e1s empresarios como lo demanda la din\u00e1mica de crecimiento de nuestra regi\u00f3n binacional\u201d, dijo Juan Jos\u00e9 Villarreal Rosales, Presidente de la agrupaci\u00f3n.<\/p>\n<p>El encuentro reunir\u00e1 a empresarios, inversionistas, autoridades y l\u00edderes de distintos sectores con el prop\u00f3sito de:<\/p>\n<p>* Identificar oportunidades de inversi\u00f3n en \u00e1reas clave como log\u00edstica, manufactura avanzada, energ\u00eda y servicios.<br \/>\n* Impulsar alianzas estrat\u00e9gicas que fortalezcan la competitividad regional en los mercados globales.<br \/>\n* Conectar empresas de diferentes tama\u00f1os y sectores.<br \/>\n* Promover un mercado interno m\u00e1s din\u00e1mico e integrado, mediante la venta y el intercambio comercial.<br \/>\n* Acceder a programas de financiamiento y desarrollo econ\u00f3mico, con el respaldo de autoridades estatales y federales.<br \/>\n* Inspirar la innovaci\u00f3n empresarial a trav\u00e9s de casos de \u00e9xito adaptados a las condiciones \u00fanicas de la frontera.<\/p>\n<p>El Encuentro Regional de Negocios Reynosa 2025 est\u00e1 dise\u00f1ado para convertirse en una plataforma de acci\u00f3n estrat\u00e9gica que busca transformar el potencial econ\u00f3mico de la regi\u00f3n en resultados tangibles.<\/p>\n<p>El evento contar\u00e1 con conferencias magistrales a cargo de Jos\u00e9 Medina Mora, vicepresidente del Consejo Coordinador Empresarial de M\u00e9xico, con el tema \u201cEmpresas con prop\u00f3sito y liderazgos que transformen regiones\u201d, y Salvador Alva, empresario con trayectoria internacional, con la pl\u00e1tica \u201c\u00bfC\u00f3mo te transfromas t\u00fa, para trasnformar tu entorno?\u201d.<\/p>\n<p>Adem\u00e1s, se llevar\u00e1n a cabo los paneles \u201cSinergia Fronteriza: Oportunidades binacionales\u201d y \u201cDel plan nacional a terreno regional\u201d, en los que participar\u00e1n especialistas de distintos sectores de ambos lados de la frontera.<\/p>\n<p>El Encuentro de Negocios 2025 se llevar\u00e1 a cabo el 18 de septiembre, en el Hotel Holiday Inn de la colonia Prado.<\/p>\n<p>El CNR es una iniciativa que naci\u00f3 en 2022 y agrupa a una veintena de empresarios que representan una de las fuerzas laborales m\u00e1s importantes despu\u00e9s de la industria maquiladora.<\/p>\n","protected":false},"excerpt":{"rendered":"<p>Reynosa, Tamaulipas (31-Agosto-2025).- Con la visi\u00f3n de consolidar a Reynosa y al Valle del Sur&#8230;<\/p>\n","protected":false},"author":1,"featured_media":175832,"comment_status":"closed","ping_status":"closed","sticky":false,"template":"","format":"standard","meta":{"footnotes":"","jetpack_publicize_message":"","jetpack_publicize_feature_enabled":true,"jetpack_social_post_already_shared":true,"jetpack_social_options":{"image_generator_settings":{"template":"highway","default_image_id":0,"font":"","enabled":false},"version":2}},"categories":[9],"tags":[],"class_list":["post-175831","post","type-post","status-publish","format-standard","has-post-thumbnail","hentry","category-reynosa"],"jetpack_publicize_connections":[],"_links":{"self":[{"href":"https:\/\/www.buroperiodistico.com.mx\/index.php?rest_route=\/wp\/v2\/posts\/175831","targetHints":{"allow":["GET"]}}],"collection":[{"href":"https:\/\/www.buroperiodistico.com.mx\/index.php?rest_route=\/wp\/v2\/posts"}],"about":[{"href":"https:\/\/www.buroperiodistico.com.mx\/index.php?rest_route=\/wp\/v2\/types\/post"}],"author":[{"embeddable":true,"href":"https:\/\/www.buroperiodistico.com.mx\/index.php?rest_route=\/wp\/v2\/users\/1"}],"replies":[{"embeddable":true,"href":"https:\/\/www.buroperiodistico.com.mx\/index.php?rest_route=%2Fwp%2Fv2%2Fcomments&post=175831"}],"version-history":[{"count":0,"href":"https:\/\/www.buroperiodistico.com.mx\/index.php?rest_route=\/wp\/v2\/posts\/175831\/revisions"}],"wp:featuredmedia":[{"embeddable":true,"href":"https:\/\/www.buroperiodistico.com.mx\/index.php?rest_route=\/wp\/v2\/media\/175832"}],"wp:attachment":[{"href":"https:\/\/www.buroperiodistico.com.mx\/index.php?rest_route=%2Fwp%2Fv2%2Fmedia&parent=175831"}],"wp:term":[{"taxonomy":"category","embeddable":true,"href":"https:\/\/www.buroperiodistico.com.mx\/index.php?rest_route=%2Fwp%2Fv2%2Fcategories&post=175831"},{"taxonomy":"post_tag","embeddable":true,"href":"https:\/\/www.buroperiodistico.com.mx\/index.php?rest_route=%2Fwp%2Fv2%2Ftags&post=175831"}],"curies":[{"name":"wp","href":"https:\/\/api.w.org\/{rel}","templated":true}]}}