{"id":175826,"date":"2025-08-31T13:05:18","date_gmt":"2025-08-31T18:05:18","guid":{"rendered":"https:\/\/www.buroperiodistico.com.mx\/?p=175826"},"modified":"2025-08-31T13:05:18","modified_gmt":"2025-08-31T18:05:18","slug":"alcaldesa-carmen-lilia-canturosas-cumple-con-mas-en-obras-en-la-colonia-francisco-villa","status":"publish","type":"post","link":"https:\/\/www.buroperiodistico.com.mx\/?p=175826","title":{"rendered":"ALCALDESA CARMEN LILIA CANTUROSAS CUMPLE CON M\u00c1S EN OBRAS EN LA COLONIA FRANCISCO VILLA"},"content":{"rendered":"<p><em><strong><img loading=\"lazy\" decoding=\"async\" class=\" wp-image-175827 alignright\" src=\"https:\/\/www.buroperiodistico.com.mx\/wp-content\/uploads\/2025\/08\/Nldx-3.jpeg\" alt=\"\" width=\"542\" height=\"324\" srcset=\"https:\/\/www.buroperiodistico.com.mx\/wp-content\/uploads\/2025\/08\/Nldx-3.jpeg 1024w, https:\/\/www.buroperiodistico.com.mx\/wp-content\/uploads\/2025\/08\/Nldx-3-300x179.jpeg 300w, https:\/\/www.buroperiodistico.com.mx\/wp-content\/uploads\/2025\/08\/Nldx-3-768x459.jpeg 768w\" sizes=\"auto, (max-width: 542px) 100vw, 542px\" \/>Nuevo Laredo, Tam (31-Agosto-2025).-<\/strong><\/em> La presidenta municipal Carmen Lilia Canturosas Villarreal inaugur\u00f3 la repavimentaci\u00f3n con concreto hidr\u00e1ulico de la calle Iglesias Calder\u00f3n, en la colonia Francisco Villa, una obra que mejora la calidad de vida de miles de ciudadanos y fortalece la infraestructura vial de la ciudad.<\/p>\n<p>Esta obra represent\u00f3 una inversi\u00f3n de 4 millones 431 mil 729 pesos con una superficie de mil 651 metros cuadrados, beneficiando de manera directa e indirecta a 27 mil 500 ciudadanos.<\/p>\n<p>\u201cSeguimos trabajando para transformar nuestras colonias con obras que brindan seguridad, bienestar y una mejor movilidad a las familias de Nuevo Laredo. Nuestro compromiso es invertir en infraestructura de calidad que realmente cambie la vida de la gente, y en la colonia Francisco Villa hemos destinado recursos hist\u00f3ricos porque sabemos que aqu\u00ed hay familias que lo necesitan y lo merecen. Juntos estamos haciendo posible este cambio que est\u00e1 fortaleciendo a toda nuestra ciudad\u201d, manifest\u00f3 la presidenta.<\/p>\n<p>Esta obra es complementaria a los trabajos que se realizaron del recarpeteo asf\u00e1ltico en la calle Iglesias Calder\u00f3n, entre la calle Aeropuerto y el Arroyo El Coyote, con una inversi\u00f3n de 5 millones 694 mil 452 pesos y una superficie de 8 mil 268 metros cuadrados.<\/p>\n<p>Dentro del Plan de Obra 2025, actualmente se ejecuta la construcci\u00f3n de banquetas etapa 5 en la calle Soledad Sea\u00f1ez, entre Pablo Gonz\u00e1lez y P\u00e1nfilo Natera, con el objetivo de mejorar la seguridad peatonal de los vecinos.<\/p>\n<p>Asimismo, en la colonia Francisco Villa se entregaron recientemente los siguientes trabajos de recarpeteo asf\u00e1ltico en el crucero de Avenida Eva S\u00e1mano y Blvd. Municipio Libre con una inversi\u00f3n de 1 mill\u00f3n 839 mil pesos y el recarpeteo asf\u00e1ltico en la calle Iglesias Calder\u00f3n, en diversos tramos entre Tamat\u00e1n, Eva S\u00e1mano, Priv. Soledad Sea\u00f1ez, Doroteo Arango y Centauro del Norte donde el gobierno invirti\u00f3 6 millones 685 mil 592 pesos.<\/p>\n<p>La alcaldesa destac\u00f3 que durante su administraci\u00f3n se ha invertido un presupuesto historia en la colonia Francisco Villa, del 2021 a la actualidad se han construido 5 pavimentaciones con concreto hidr\u00e1ulico, 2 pavimentaciones asf\u00e1lticas, 2 rehabilitaciones de alumbrado p\u00fablico, 1 rehabilitaci\u00f3n de alcantarillado sanitario y pluvial, c1 rehabilitaci\u00f3n de \u00e1rea deportiva y la rehabilitaci\u00f3n de 3 tramos del subcolector sur-poniente con sus trabajos complementarios.<\/p>\n<p>Sumando las obras anteriores y las actuales, la inversi\u00f3n acumulada en la colonia Francisco Villa asciende a 12 millones 956 mil 377 pesos reflejando el firme compromiso de este gobierno con el bienestar y la infraestructura de las familias neolaredenses.<\/p>\n<p><img loading=\"lazy\" decoding=\"async\" class=\"aligncenter size-full wp-image-175828\" src=\"https:\/\/www.buroperiodistico.com.mx\/wp-content\/uploads\/2025\/08\/Nldx-I-3.jpeg\" alt=\"\" width=\"640\" height=\"428\" srcset=\"https:\/\/www.buroperiodistico.com.mx\/wp-content\/uploads\/2025\/08\/Nldx-I-3.jpeg 640w, https:\/\/www.buroperiodistico.com.mx\/wp-content\/uploads\/2025\/08\/Nldx-I-3-300x201.jpeg 300w\" sizes=\"auto, (max-width: 640px) 100vw, 640px\" \/> <img loading=\"lazy\" decoding=\"async\" class=\"aligncenter size-full wp-image-175829\" src=\"https:\/\/www.buroperiodistico.com.mx\/wp-content\/uploads\/2025\/08\/Nldx-II-3.jpeg\" alt=\"\" width=\"640\" height=\"427\" srcset=\"https:\/\/www.buroperiodistico.com.mx\/wp-content\/uploads\/2025\/08\/Nldx-II-3.jpeg 640w, https:\/\/www.buroperiodistico.com.mx\/wp-content\/uploads\/2025\/08\/Nldx-II-3-300x200.jpeg 300w\" sizes=\"auto, (max-width: 640px) 100vw, 640px\" \/><\/p>\n","protected":false},"excerpt":{"rendered":"<p>Nuevo Laredo, Tam (31-Agosto-2025).- La presidenta municipal Carmen Lilia Canturosas Villarreal inaugur\u00f3 la repavimentaci\u00f3n con&#8230;<\/p>\n","protected":false},"author":1,"featured_media":175827,"comment_status":"closed","ping_status":"closed","sticky":false,"template":"","format":"standard","meta":{"footnotes":"","jetpack_publicize_message":"","jetpack_publicize_feature_enabled":true,"jetpack_social_post_already_shared":true,"jetpack_social_options":{"image_generator_settings":{"template":"highway","default_image_id":0,"font":"","enabled":false},"version":2}},"categories":[16,25],"tags":[],"class_list":["post-175826","post","type-post","status-publish","format-standard","has-post-thumbnail","hentry","category-nuevolaredo","category-portada"],"jetpack_publicize_connections":[],"_links":{"self":[{"href":"https:\/\/www.buroperiodistico.com.mx\/index.php?rest_route=\/wp\/v2\/posts\/175826","targetHints":{"allow":["GET"]}}],"collection":[{"href":"https:\/\/www.buroperiodistico.com.mx\/index.php?rest_route=\/wp\/v2\/posts"}],"about":[{"href":"https:\/\/www.buroperiodistico.com.mx\/index.php?rest_route=\/wp\/v2\/types\/post"}],"author":[{"embeddable":true,"href":"https:\/\/www.buroperiodistico.com.mx\/index.php?rest_route=\/wp\/v2\/users\/1"}],"replies":[{"embeddable":true,"href":"https:\/\/www.buroperiodistico.com.mx\/index.php?rest_route=%2Fwp%2Fv2%2Fcomments&post=175826"}],"version-history":[{"count":0,"href":"https:\/\/www.buroperiodistico.com.mx\/index.php?rest_route=\/wp\/v2\/posts\/175826\/revisions"}],"wp:featuredmedia":[{"embeddable":true,"href":"https:\/\/www.buroperiodistico.com.mx\/index.php?rest_route=\/wp\/v2\/media\/175827"}],"wp:attachment":[{"href":"https:\/\/www.buroperiodistico.com.mx\/index.php?rest_route=%2Fwp%2Fv2%2Fmedia&parent=175826"}],"wp:term":[{"taxonomy":"category","embeddable":true,"href":"https:\/\/www.buroperiodistico.com.mx\/index.php?rest_route=%2Fwp%2Fv2%2Fcategories&post=175826"},{"taxonomy":"post_tag","embeddable":true,"href":"https:\/\/www.buroperiodistico.com.mx\/index.php?rest_route=%2Fwp%2Fv2%2Ftags&post=175826"}],"curies":[{"name":"wp","href":"https:\/\/api.w.org\/{rel}","templated":true}]}}