{"id":175818,"date":"2025-08-31T13:02:51","date_gmt":"2025-08-31T18:02:51","guid":{"rendered":"https:\/\/www.buroperiodistico.com.mx\/?p=175818"},"modified":"2025-08-31T13:02:51","modified_gmt":"2025-08-31T18:02:51","slug":"familias-disfrutan-de-un-domingo-cultural-en-el-parque-viveros-con-juntos-por-el-arte-y-la-cultura","status":"publish","type":"post","link":"https:\/\/www.buroperiodistico.com.mx\/?p=175818","title":{"rendered":"FAMILIAS DISFRUTAN DE UN DOMINGO CULTURAL EN EL PARQUE VIVEROS CON \u201cJUNTOS POR EL ARTE Y LA CULTURA\u201d"},"content":{"rendered":"<p><em><strong><img loading=\"lazy\" decoding=\"async\" class=\" wp-image-175824 alignright\" src=\"https:\/\/www.buroperiodistico.com.mx\/wp-content\/uploads\/2025\/08\/Familix.jpeg\" alt=\"\" width=\"501\" height=\"291\" srcset=\"https:\/\/www.buroperiodistico.com.mx\/wp-content\/uploads\/2025\/08\/Familix.jpeg 1024w, https:\/\/www.buroperiodistico.com.mx\/wp-content\/uploads\/2025\/08\/Familix-300x174.jpeg 300w, https:\/\/www.buroperiodistico.com.mx\/wp-content\/uploads\/2025\/08\/Familix-768x446.jpeg 768w\" sizes=\"auto, (max-width: 501px) 100vw, 501px\" \/>Nuevo Laredo, Tam (31-Agosto-2025).-<\/strong><\/em> El nuevo espacio cultural y art\u00edstico del Parque Viveros se llen\u00f3 de vida con la primera edici\u00f3n del programa \u201cJuntos por el Arte y la Cultura\u201d, que reuni\u00f3 a familias completas en un festival lleno de m\u00fasica, danza y mucho talento local.<\/p>\n<p>En un ambiente familiar y al aire libre, los asistentes disfrutaron de un verdadero d\u00eda de campo que combin\u00f3 convivencia, arte y entretenimiento. El evento fue impulsado por la Direcci\u00f3n de Arte y Cultura en coordinaci\u00f3n con el Instituto Municipal para el Desarrollo de la Juventud (IMJUVE), con el objetivo de acercar las expresiones art\u00edsticas a la comunidad en un espacio abierto y accesible.<\/p>\n<p>El programa art\u00edstico ofreci\u00f3 un abanico de presentaciones para todos los gustos. Entre los espect\u00e1culos m\u00e1s aplaudidos estuvieron la participaci\u00f3n de la cantante Paola Barajas, los musicales \u201cMentiritas\u201d y \u201cVaselina\u201d, as\u00ed como un tributo a Gloria Trevi. Tambi\u00e9n se presentaron el dueto integrado por Kevin Castorena y Emiliano Ortega y una emotiva actuaci\u00f3n del Grupo de Adulto Mayor del Sistema DIF Nuevo Laredo.<\/p>\n<p>El IMJUVE tambi\u00e9n se sum\u00f3 con un cartel especial que incluy\u00f3 a j\u00f3venes talentos como Saiden, Gabriel Valdez, Zayn Kim, Frida Sandoval y Hugo Parra, Leonel Rojas, ACE, Erika Luna y Sombras Blancas, quienes hicieron vibrar al p\u00fablico con su m\u00fasica y energ\u00eda.<\/p>\n<p>Adem\u00e1s de las presentaciones art\u00edsticas, los asistentes recorrieron el \u00e1rea de bazaristas locales, donde pudieron adquirir productos hechos en la ciudad, promoviendo as\u00ed el consumo local y el apoyo a emprendedores.<\/p>\n<p>\u201cJuntos por el Arte y la Cultura\u201d se consolid\u00f3 como una propuesta que fomenta la convivencia y el disfrute de la cultura en comunidad, aprovechando el Parque Viveros como un nuevo escenario para el talento art\u00edstico de Nuevo Laredo.<\/p>\n<p><img loading=\"lazy\" decoding=\"async\" class=\"aligncenter size-full wp-image-175819\" src=\"https:\/\/www.buroperiodistico.com.mx\/wp-content\/uploads\/2025\/08\/Familix-I.jpeg\" alt=\"\" width=\"640\" height=\"428\" srcset=\"https:\/\/www.buroperiodistico.com.mx\/wp-content\/uploads\/2025\/08\/Familix-I.jpeg 640w, https:\/\/www.buroperiodistico.com.mx\/wp-content\/uploads\/2025\/08\/Familix-I-300x201.jpeg 300w\" sizes=\"auto, (max-width: 640px) 100vw, 640px\" \/> <img loading=\"lazy\" decoding=\"async\" class=\"aligncenter size-full wp-image-175823\" src=\"https:\/\/www.buroperiodistico.com.mx\/wp-content\/uploads\/2025\/08\/Familix-IIIII.jpeg\" alt=\"\" width=\"640\" height=\"428\" srcset=\"https:\/\/www.buroperiodistico.com.mx\/wp-content\/uploads\/2025\/08\/Familix-IIIII.jpeg 640w, https:\/\/www.buroperiodistico.com.mx\/wp-content\/uploads\/2025\/08\/Familix-IIIII-300x201.jpeg 300w\" sizes=\"auto, (max-width: 640px) 100vw, 640px\" \/> <img loading=\"lazy\" decoding=\"async\" class=\"aligncenter size-full wp-image-175822\" src=\"https:\/\/www.buroperiodistico.com.mx\/wp-content\/uploads\/2025\/08\/Familix-IIII.jpeg\" alt=\"\" width=\"640\" height=\"428\" srcset=\"https:\/\/www.buroperiodistico.com.mx\/wp-content\/uploads\/2025\/08\/Familix-IIII.jpeg 640w, https:\/\/www.buroperiodistico.com.mx\/wp-content\/uploads\/2025\/08\/Familix-IIII-300x201.jpeg 300w\" sizes=\"auto, (max-width: 640px) 100vw, 640px\" \/> <img loading=\"lazy\" decoding=\"async\" class=\"aligncenter size-full wp-image-175821\" src=\"https:\/\/www.buroperiodistico.com.mx\/wp-content\/uploads\/2025\/08\/Familix-III.jpeg\" alt=\"\" width=\"640\" height=\"428\" srcset=\"https:\/\/www.buroperiodistico.com.mx\/wp-content\/uploads\/2025\/08\/Familix-III.jpeg 640w, https:\/\/www.buroperiodistico.com.mx\/wp-content\/uploads\/2025\/08\/Familix-III-300x201.jpeg 300w\" sizes=\"auto, (max-width: 640px) 100vw, 640px\" \/> <img loading=\"lazy\" decoding=\"async\" class=\"aligncenter size-full wp-image-175820\" src=\"https:\/\/www.buroperiodistico.com.mx\/wp-content\/uploads\/2025\/08\/Familix-II.jpeg\" alt=\"\" width=\"640\" height=\"428\" srcset=\"https:\/\/www.buroperiodistico.com.mx\/wp-content\/uploads\/2025\/08\/Familix-II.jpeg 640w, https:\/\/www.buroperiodistico.com.mx\/wp-content\/uploads\/2025\/08\/Familix-II-300x201.jpeg 300w\" sizes=\"auto, (max-width: 640px) 100vw, 640px\" \/><\/p>\n","protected":false},"excerpt":{"rendered":"<p>Nuevo Laredo, Tam (31-Agosto-2025).- El nuevo espacio cultural y art\u00edstico del Parque Viveros se llen\u00f3&#8230;<\/p>\n","protected":false},"author":1,"featured_media":175824,"comment_status":"closed","ping_status":"closed","sticky":false,"template":"","format":"standard","meta":{"footnotes":"","jetpack_publicize_message":"","jetpack_publicize_feature_enabled":true,"jetpack_social_post_already_shared":true,"jetpack_social_options":{"image_generator_settings":{"template":"highway","default_image_id":0,"font":"","enabled":false},"version":2}},"categories":[16],"tags":[],"class_list":["post-175818","post","type-post","status-publish","format-standard","has-post-thumbnail","hentry","category-nuevolaredo"],"jetpack_publicize_connections":[],"_links":{"self":[{"href":"https:\/\/www.buroperiodistico.com.mx\/index.php?rest_route=\/wp\/v2\/posts\/175818","targetHints":{"allow":["GET"]}}],"collection":[{"href":"https:\/\/www.buroperiodistico.com.mx\/index.php?rest_route=\/wp\/v2\/posts"}],"about":[{"href":"https:\/\/www.buroperiodistico.com.mx\/index.php?rest_route=\/wp\/v2\/types\/post"}],"author":[{"embeddable":true,"href":"https:\/\/www.buroperiodistico.com.mx\/index.php?rest_route=\/wp\/v2\/users\/1"}],"replies":[{"embeddable":true,"href":"https:\/\/www.buroperiodistico.com.mx\/index.php?rest_route=%2Fwp%2Fv2%2Fcomments&post=175818"}],"version-history":[{"count":0,"href":"https:\/\/www.buroperiodistico.com.mx\/index.php?rest_route=\/wp\/v2\/posts\/175818\/revisions"}],"wp:featuredmedia":[{"embeddable":true,"href":"https:\/\/www.buroperiodistico.com.mx\/index.php?rest_route=\/wp\/v2\/media\/175824"}],"wp:attachment":[{"href":"https:\/\/www.buroperiodistico.com.mx\/index.php?rest_route=%2Fwp%2Fv2%2Fmedia&parent=175818"}],"wp:term":[{"taxonomy":"category","embeddable":true,"href":"https:\/\/www.buroperiodistico.com.mx\/index.php?rest_route=%2Fwp%2Fv2%2Fcategories&post=175818"},{"taxonomy":"post_tag","embeddable":true,"href":"https:\/\/www.buroperiodistico.com.mx\/index.php?rest_route=%2Fwp%2Fv2%2Ftags&post=175818"}],"curies":[{"name":"wp","href":"https:\/\/api.w.org\/{rel}","templated":true}]}}