{"id":175799,"date":"2025-08-31T11:58:41","date_gmt":"2025-08-31T16:58:41","guid":{"rendered":"https:\/\/www.buroperiodistico.com.mx\/?p=175799"},"modified":"2025-08-31T11:58:41","modified_gmt":"2025-08-31T16:58:41","slug":"goberno-municipal-mejora-a-diario-el-alumbrado-publico-en-reynosa","status":"publish","type":"post","link":"https:\/\/www.buroperiodistico.com.mx\/?p=175799","title":{"rendered":"Goberno Municipal mejora a diario el alumbrado p\u00fablico en Reynosa"},"content":{"rendered":"<p><em><strong><img loading=\"lazy\" decoding=\"async\" class=\" wp-image-175803 alignright\" src=\"https:\/\/www.buroperiodistico.com.mx\/wp-content\/uploads\/2025\/08\/Alumbrax.jpeg\" alt=\"\" width=\"526\" height=\"296\" srcset=\"https:\/\/www.buroperiodistico.com.mx\/wp-content\/uploads\/2025\/08\/Alumbrax.jpeg 1024w, https:\/\/www.buroperiodistico.com.mx\/wp-content\/uploads\/2025\/08\/Alumbrax-300x169.jpeg 300w, https:\/\/www.buroperiodistico.com.mx\/wp-content\/uploads\/2025\/08\/Alumbrax-768x432.jpeg 768w\" sizes=\"auto, (max-width: 526px) 100vw, 526px\" \/>Reynosa, Tam (31-Agosto-2025).-<\/strong><\/em> El Gobierno Municipal de Reynosa, presidido por el Alcalde Carlos Pe\u00f1a Ortiz, contin\u00faa trabajando para mejorar la iluminaci\u00f3n en nuestra ciudad. A continuaci\u00f3n, se presentan los avances en el proyecto de alumbrado p\u00fablico:<\/p>\n<p>Reconexi\u00f3n de L\u00e1mparas:<br \/>\n&#8211; Aldama esquina Mariano Escobedo: Se reconect\u00f3 la l\u00e1mpara LED en la Zona Centro.<br \/>\n&#8211; Plaza Cultural Jarachina Sur: Se reconectaron l\u00edneas da\u00f1adas y se restableci\u00f3 el circuito, prendiendo las l\u00e1mparas del parque.<\/p>\n<p>Instalaci\u00f3n de L\u00e1mparas:<br \/>\n&#8211; Bulevar Morelos: Se instalaron 3 l\u00e1mparas con arbotante tipo \u00abpata de gallo\u00bb. y 5 l\u00e1mparas LED.<br \/>\n&#8211; Calle Ju\u00e1rez Zona Centro: Se tendi\u00f3 l\u00ednea para alimentar una l\u00e1mpara LED.<\/p>\n<p>Estas acciones forman parte del compromiso del Alcalde Carlos Pe\u00f1a Ortiz para mejorar la seguridad y la calidad de vida de los ciudadanos a trav\u00e9s de la rehabilitaci\u00f3n del alumbrado p\u00fablico en diversas zonas de la ciudad.<\/p>\n<p>#ReynosaImparable<br \/>\n#GobiernoMunicipalDeReynosa<\/p>\n<p><img loading=\"lazy\" decoding=\"async\" class=\"aligncenter size-full wp-image-175800\" src=\"https:\/\/www.buroperiodistico.com.mx\/wp-content\/uploads\/2025\/08\/Alumbrax-I.jpeg\" alt=\"\" width=\"640\" height=\"360\" srcset=\"https:\/\/www.buroperiodistico.com.mx\/wp-content\/uploads\/2025\/08\/Alumbrax-I.jpeg 640w, https:\/\/www.buroperiodistico.com.mx\/wp-content\/uploads\/2025\/08\/Alumbrax-I-300x169.jpeg 300w\" sizes=\"auto, (max-width: 640px) 100vw, 640px\" \/> <img loading=\"lazy\" decoding=\"async\" class=\"aligncenter size-full wp-image-175802\" src=\"https:\/\/www.buroperiodistico.com.mx\/wp-content\/uploads\/2025\/08\/Alumbrax-III.jpeg\" alt=\"\" width=\"640\" height=\"360\" srcset=\"https:\/\/www.buroperiodistico.com.mx\/wp-content\/uploads\/2025\/08\/Alumbrax-III.jpeg 640w, https:\/\/www.buroperiodistico.com.mx\/wp-content\/uploads\/2025\/08\/Alumbrax-III-300x169.jpeg 300w\" sizes=\"auto, (max-width: 640px) 100vw, 640px\" \/> <img loading=\"lazy\" decoding=\"async\" class=\"aligncenter size-full wp-image-175801\" src=\"https:\/\/www.buroperiodistico.com.mx\/wp-content\/uploads\/2025\/08\/Alumbrax-II.jpeg\" alt=\"\" width=\"640\" height=\"360\" srcset=\"https:\/\/www.buroperiodistico.com.mx\/wp-content\/uploads\/2025\/08\/Alumbrax-II.jpeg 640w, https:\/\/www.buroperiodistico.com.mx\/wp-content\/uploads\/2025\/08\/Alumbrax-II-300x169.jpeg 300w\" sizes=\"auto, (max-width: 640px) 100vw, 640px\" \/><\/p>\n","protected":false},"excerpt":{"rendered":"<p>Reynosa, Tam (31-Agosto-2025).- El Gobierno Municipal de Reynosa, presidido por el Alcalde Carlos Pe\u00f1a Ortiz,&#8230;<\/p>\n","protected":false},"author":1,"featured_media":175803,"comment_status":"closed","ping_status":"closed","sticky":false,"template":"","format":"standard","meta":{"footnotes":"","jetpack_publicize_message":"","jetpack_publicize_feature_enabled":true,"jetpack_social_post_already_shared":true,"jetpack_social_options":{"image_generator_settings":{"template":"highway","default_image_id":0,"font":"","enabled":false},"version":2}},"categories":[9],"tags":[],"class_list":["post-175799","post","type-post","status-publish","format-standard","has-post-thumbnail","hentry","category-reynosa"],"jetpack_publicize_connections":[],"_links":{"self":[{"href":"https:\/\/www.buroperiodistico.com.mx\/index.php?rest_route=\/wp\/v2\/posts\/175799","targetHints":{"allow":["GET"]}}],"collection":[{"href":"https:\/\/www.buroperiodistico.com.mx\/index.php?rest_route=\/wp\/v2\/posts"}],"about":[{"href":"https:\/\/www.buroperiodistico.com.mx\/index.php?rest_route=\/wp\/v2\/types\/post"}],"author":[{"embeddable":true,"href":"https:\/\/www.buroperiodistico.com.mx\/index.php?rest_route=\/wp\/v2\/users\/1"}],"replies":[{"embeddable":true,"href":"https:\/\/www.buroperiodistico.com.mx\/index.php?rest_route=%2Fwp%2Fv2%2Fcomments&post=175799"}],"version-history":[{"count":0,"href":"https:\/\/www.buroperiodistico.com.mx\/index.php?rest_route=\/wp\/v2\/posts\/175799\/revisions"}],"wp:featuredmedia":[{"embeddable":true,"href":"https:\/\/www.buroperiodistico.com.mx\/index.php?rest_route=\/wp\/v2\/media\/175803"}],"wp:attachment":[{"href":"https:\/\/www.buroperiodistico.com.mx\/index.php?rest_route=%2Fwp%2Fv2%2Fmedia&parent=175799"}],"wp:term":[{"taxonomy":"category","embeddable":true,"href":"https:\/\/www.buroperiodistico.com.mx\/index.php?rest_route=%2Fwp%2Fv2%2Fcategories&post=175799"},{"taxonomy":"post_tag","embeddable":true,"href":"https:\/\/www.buroperiodistico.com.mx\/index.php?rest_route=%2Fwp%2Fv2%2Ftags&post=175799"}],"curies":[{"name":"wp","href":"https:\/\/api.w.org\/{rel}","templated":true}]}}